{"id":61007,"date":"2023-07-09T20:45:49","date_gmt":"2023-07-09T23:45:49","guid":{"rendered":"https:\/\/vocesparalelas.com.ar\/sitio\/?p=61007"},"modified":"2023-07-09T20:54:24","modified_gmt":"2023-07-09T23:54:24","slug":"concierto-gala-patria-en-el-207-aniversario-de-la-independencia-argentina-en-san-juan","status":"publish","type":"post","link":"https:\/\/vocesparalelas.com.ar\/sitio\/concierto-gala-patria-en-el-207-aniversario-de-la-independencia-argentina-en-san-juan\/","title":{"rendered":"Concierto Gala Patria en el 207\u00b0 aniversario de la Independencia Argentina en San Juan"},"content":{"rendered":"<p>En un emocionante concierto, los sanjuaninos celebraron el 207\u00b0 aniversario del D\u00eda de la Independencia, en el auditorio Juan Victoria, dependiente del Ministerio de Turismo y Cultura.<\/p>\n<p>Estuvieron presentes en la velada, el vicegobernador de San Juan, CPN Roberto Gattoni; la ministra de Turismo y Cultura, Lic. Claudia Grynszpan; el ministro de Gobierno, Dr. Alberto Hensel; el ministro de Desarrollo Humano, Prof. Fabi\u00e1n Aballay; la ministra de Educaci\u00f3n, Lic. Cecilia Trincado; la ministra de Salud P\u00fablica, Dra. Alejandra Venerando; el ministro de Miner\u00eda, Ing. Carlos Astudillo y el ministro de Producci\u00f3n, Ing. Ariel Lucero.<\/p>\n<p>Uno de los momentos m\u00e1s emocionantes de la velada fue la interpretaci\u00f3n del Himno Nacional Argentino, a cargo del profesor Esteban Rinsky en el \u00f3rgano, acompa\u00f1ado del Coro Universitario de la Facultad de Filosof\u00eda, Humanidades y Artes de la Universidad Nacional de San Juan, dirigido por la M\u00b0 Marta Bilska, y el Coro Vocacional de la misma instituci\u00f3n, bajo la batuta del director M\u00b0 Jos\u00e9 Petrachini.<\/p>\n<p>Adem\u00e1s, los coros recorrieron los cl\u00e1sicos folcl\u00f3ricos, como \u201cVolver\u00e9 siempre a San Juan\u201d, de Ariel Ram\u00edrez y Armando Tejada G\u00f3mez, \u201cSi llega a ser Tucumana\u201d, de Gustavo \u201cCuchi\u201d Leguizam\u00f3n, en su versi\u00f3n coral arreglada por Santiago Bucar, entre otros.<\/p>\n<p>La m\u00fasica sinf\u00f3nica ocup\u00f3 un lugar destacado en el concierto, con la participaci\u00f3n de la Orquesta Escuela dirigida por Pablo Grossman. Los asistentes disfrutaron de una selecci\u00f3n de piezas cl\u00e1sicas, entre ellas el primer movimiento de la Sinfon\u00eda No. 25 de Mozart, el primer movimiento de la Sinfon\u00eda Inconclusa de Schubert, el c\u00e9lebre \u00abTrepak\u00bb del ballet \u00abEl Cascanueces\u00bb de Tchaikovsky y un vals del compositor ruso Shostakovich.<\/p>\n<p>Camerata San Juan, aport\u00f3 una esencia m\u00e1s contempor\u00e1nea al concierto con piezas como \u00abLibertango\u00bb y \u00abMilonga del Trovador\u00bb de Astor Piazzolla, con la destacada voz de Claudio Rojas. Adem\u00e1s, Gisel Aldeco emocion\u00f3 al p\u00fablico con \u00abCoraz\u00f3n mirando al sur\u00bb, una canci\u00f3n emblem\u00e1tica de Eladia Bl\u00e1zquez, y una versi\u00f3n de \u00abBalada para un loco\u00bb, otra joya del repertorio de Piazzolla, en la que comparti\u00f3 dueto con Claudio Rojas.<\/p>\n<p>El Concierto Gala Patria fue una oportunidad para celebrar la independencia de Argentina a trav\u00e9s de la m\u00fasica y el arte, combinados en diversidad de estilos de la mano de los destacados artistas sanjuaninos que cautivaron a los asistentes y crearon un ambiente de fervor patri\u00f3tico.<\/p>\n<p><img loading=\"lazy\" decoding=\"async\" class=\"alignnone size-full wp-image-61011\" src=\"https:\/\/vocesparalelas.com.ar\/sitio\/wp-content\/uploads\/2023\/07\/GALA-PATRIA-9-JULIO-01.jpg\" alt=\"\" width=\"800\" height=\"450\" srcset=\"https:\/\/vocesparalelas.com.ar\/sitio\/wp-content\/uploads\/2023\/07\/GALA-PATRIA-9-JULIO-01.jpg 800w, https:\/\/vocesparalelas.com.ar\/sitio\/wp-content\/uploads\/2023\/07\/GALA-PATRIA-9-JULIO-01-300x169.jpg 300w, https:\/\/vocesparalelas.com.ar\/sitio\/wp-content\/uploads\/2023\/07\/GALA-PATRIA-9-JULIO-01-768x432.jpg 768w\" sizes=\"auto, (max-width: 800px) 100vw, 800px\" \/><\/p>\n<p>&nbsp;<\/p>\n","protected":false},"excerpt":{"rendered":"<p>En un emocionante concierto, los sanjuaninos celebraron el 207\u00b0 aniversario del D\u00eda de la Independencia, en el auditorio Juan Victoria,<\/p>\n","protected":false},"author":3,"featured_media":61010,"comment_status":"closed","ping_status":"closed","sticky":false,"template":"","format":"standard","meta":{"_acf_changed":false,"_seopress_robots_primary_cat":"none","_seopress_titles_title":"","_seopress_titles_desc":"","_seopress_robots_index":"","colormag_page_container_layout":"default_layout","colormag_page_sidebar_layout":"default_layout","footnotes":""},"categories":[1],"tags":[],"class_list":["post-61007","post","type-post","status-publish","format-standard","has-post-thumbnail","hentry","category-destacadas"],"acf":[],"_links":{"self":[{"href":"https:\/\/vocesparalelas.com.ar\/sitio\/wp-json\/wp\/v2\/posts\/61007","targetHints":{"allow":["GET"]}}],"collection":[{"href":"https:\/\/vocesparalelas.com.ar\/sitio\/wp-json\/wp\/v2\/posts"}],"about":[{"href":"https:\/\/vocesparalelas.com.ar\/sitio\/wp-json\/wp\/v2\/types\/post"}],"author":[{"embeddable":true,"href":"https:\/\/vocesparalelas.com.ar\/sitio\/wp-json\/wp\/v2\/users\/3"}],"replies":[{"embeddable":true,"href":"https:\/\/vocesparalelas.com.ar\/sitio\/wp-json\/wp\/v2\/comments?post=61007"}],"version-history":[{"count":3,"href":"https:\/\/vocesparalelas.com.ar\/sitio\/wp-json\/wp\/v2\/posts\/61007\/revisions"}],"predecessor-version":[{"id":61014,"href":"https:\/\/vocesparalelas.com.ar\/sitio\/wp-json\/wp\/v2\/posts\/61007\/revisions\/61014"}],"wp:featuredmedia":[{"embeddable":true,"href":"https:\/\/vocesparalelas.com.ar\/sitio\/wp-json\/wp\/v2\/media\/61010"}],"wp:attachment":[{"href":"https:\/\/vocesparalelas.com.ar\/sitio\/wp-json\/wp\/v2\/media?parent=61007"}],"wp:term":[{"taxonomy":"category","embeddable":true,"href":"https:\/\/vocesparalelas.com.ar\/sitio\/wp-json\/wp\/v2\/categories?post=61007"},{"taxonomy":"post_tag","embeddable":true,"href":"https:\/\/vocesparalelas.com.ar\/sitio\/wp-json\/wp\/v2\/tags?post=61007"}],"curies":[{"name":"wp","href":"https:\/\/api.w.org\/{rel}","templated":true}]}}