{"id":60993,"date":"2023-07-09T20:21:51","date_gmt":"2023-07-09T23:21:51","guid":{"rendered":"https:\/\/vocesparalelas.com.ar\/sitio\/?p=60993"},"modified":"2023-07-12T00:13:18","modified_gmt":"2023-07-12T03:13:18","slug":"durante-el-receso-invernal-2023-continuan-las-actividades-deportivas-educativas-e-inclusivas-en-san-juan","status":"publish","type":"post","link":"https:\/\/vocesparalelas.com.ar\/sitio\/durante-el-receso-invernal-2023-continuan-las-actividades-deportivas-educativas-e-inclusivas-en-san-juan\/","title":{"rendered":"Durante el receso invernal 2023 contin\u00faan las actividades deportivas Educativas e Inclusivas en San Juan"},"content":{"rendered":"<p>Teniendo en cuenta el inicio del receso invernal en los establecimientos educativos, los diferentes programas que integran la Direcci\u00f3n de Pol\u00edticas Educativas e Inclusivas dependiente de la Secretar\u00eda de Estado de Deportes de San Juan seguir\u00e1n con sus diferentes actividades, con excepci\u00f3n de aquellos que trabajan directamente con educaci\u00f3n como son \u201cPrimeros Pasos\u201d y \u201cRecreo Activo\u201d.<\/p>\n<p>Los dem\u00e1s programas dar\u00e1n continuidad como lo vienen haciendo normalmente con sus diferentes actividades programadas, \u201cFormaci\u00f3n Deportiva\u201d tiene en su programaci\u00f3n diferentes salidas tur\u00edsticas con los integrantes de los Centros que funcionan en los distintos departamentos de la provincia.<\/p>\n<p><span style=\"color: #99cc00;\"><strong>Diferentes Centros de Formaci\u00f3n Deportiva<\/strong><\/span><\/p>\n<p><span style=\"color: #99cc00;\"><strong>Departamento Albard\u00f3n<\/strong><\/span><\/p>\n<ul>\n<li>Parque Latinoamericano de Albard\u00f3n, D.F. Sarmiento y Mitre Albard\u00f3n, martes y viernes, de 17:30 a 19:30 hs<\/li>\n<\/ul>\n<p><span style=\"color: #99cc00;\"><strong>Departamento Angaco<\/strong><\/span><\/p>\n<ul>\n<li>Bel\u00e9n de La Frontera, Martes de 9 a 11 hs. y EEE de Angaco, Viernes, de 8:30 a 10:30 hs<\/li>\n<\/ul>\n<p><span style=\"color: #99cc00;\"><strong>Departamento Capital<\/strong><\/span><\/p>\n<ul>\n<li>Escuela Fortabat, Av. Rioja y Lateral Sur de Circunvalaci\u00f3n, martes y Jueves, de 17 a 19 hs<\/li>\n<\/ul>\n<p><span style=\"color: #99cc00;\"><strong>Departamento Calingasta<\/strong><\/span><\/p>\n<ul>\n<li>EEE M\u00faltiple de Calingasta, Presidente Roca, Barreal, lunes, a 10 a 12 hs y martes, de 15 a 17 hs<\/li>\n<\/ul>\n<p><span style=\"color: #99cc00;\"><strong>Departamento Caucete<\/strong><\/span><\/p>\n<ul>\n<li>Cedemu, martes 18:30 a 20:30 hs y s\u00e1bado, 9:30 a 11:30 hs<\/li>\n<\/ul>\n<p><span style=\"color: #99cc00;\"><strong>Departamento Chimbas<\/strong><\/span><\/p>\n<ul>\n<li>Parque De Chimbas, Av. Nazario Benavidez y Tucum\u00e1n, martes, de 17 a 19 hs y jueves, de 17 a 19 hs<\/li>\n<\/ul>\n<p><span style=\"color: #99cc00;\"><strong>Departamento Iglesia<\/strong><\/span><\/p>\n<ul>\n<li>Escuela M\u00faltiple de Iglesia, martes y jueves, de 10 a 12 hs<\/li>\n<\/ul>\n<p><strong><span style=\"color: #99cc00;\">Departamento J\u00e1chal<\/span><\/strong><\/p>\n<ul>\n<li>Estadio Cerrado Papa Francisco, martes y jueves, de 16 a 18 hs<\/li>\n<\/ul>\n<p><span style=\"color: #99cc00;\"><strong>Departamento 9 de Julio<\/strong><\/span><\/p>\n<ul>\n<li>Polideportivo 9 de Julio, martes y jueves, de 18 a 20 hs<\/li>\n<\/ul>\n<p><span style=\"color: #99cc00;\"><strong>Departamento Pocito<\/strong><\/span><\/p>\n<ul>\n<li>Escuela India Mariana\/Polideportivo Pocito, martes de 9:30 a 11:30hs y jueves, de 16 a 18 hs<\/li>\n<\/ul>\n<p><span style=\"color: #99cc00;\"><strong>Departamento Rawson<\/strong><\/span><\/p>\n<ul>\n<li>Estadio La Superiora, martes y jueves, de 10 a 12 hs<\/li>\n<\/ul>\n<p><span style=\"color: #99cc00;\"><strong>Departamento Rivadavia<\/strong><\/span><\/p>\n<ul>\n<li>Camping UDAP, martes y jueves, de 15 a 17 hs<\/li>\n<\/ul>\n<p><span style=\"color: #99cc00;\"><strong>Departamento San Mart\u00edn<\/strong><\/span><\/p>\n<ul>\n<li>Club San Isidro, San Isidro S\/N y E.E.E, Martes y jueves, de 15:30 a 17:30 hs<\/li>\n<\/ul>\n<p><span style=\"color: #99cc00;\"><strong>Departamento Santa Luc\u00eda<\/strong><\/span><\/p>\n<ul>\n<li>EEE Cibeira de Cantoni, martes, de 11:30 a 13:30 hs. y viernes de 11:30 a 13:30hs<\/li>\n<\/ul>\n<p><strong><span style=\"color: #99cc00;\">Departamento Sarmiento<\/span><\/strong><\/p>\n<ul>\n<li>Camping Municipal, martes y jueves, de 11 a 13 hs<\/li>\n<\/ul>\n<p><span style=\"color: #99cc00;\"><strong>Departamento Ullum<\/strong><\/span><\/p>\n<ul>\n<li>Camping Municipal Polideportivo, Eliseo Vidart S\/N, Ullum, martes y jueves, de 15:30 a 17:30 hs<\/li>\n<\/ul>\n<p><span style=\"color: #99cc00;\"><strong>Departamento Valle F\u00e9rtil<\/strong><\/span><\/p>\n<ul>\n<li>Escuela de Educaci\u00f3n M\u00faltiple de Valle F\u00e9rtil, Patricias Sanjuaninas y C\u00f3rdoba, martes y jueves, de 17:30 a 19:30hs<\/li>\n<\/ul>\n<p><span style=\"color: #99cc00;\"><strong>Departamento 25 De Mayo<\/strong><\/span><\/p>\n<ul>\n<li>Club Sportivo 25 De Mayo, Mendoza Spada y Antonio Torres, martes, de 18 a 20 hs y jueves, de 9 a 11 hs<\/li>\n<\/ul>\n<p><span style=\"color: #99cc00;\"><strong>Departamento Zonda<\/strong><\/span><\/p>\n<ul>\n<li>Club Juventud Zondina \u00abTercer Tiempo\u00bb, Pedro Echague S\/N Zonda, martes 17 a 19hs y jueves de 15:30 a 17:30hs<\/li>\n<\/ul>\n<p>Por el lado de \u201cDeporte Adaptado\u201d se tiene programado diferentes acciones, una de ellas es el partido de exhibici\u00f3n que tienen programado para el pr\u00f3ximo 22 de julio en el Club Urquiza, este mismo adem\u00e1s les sirve a los chicos ya que durante el pr\u00f3ximo mes tiene una fecha m\u00e1s que importante pensando en mantener la categor\u00eda en la Liga Nacional de B\u00e1squet en Silla de Rueda. Con respecto al rival invitad es ICLIM equipo de la provincia vecina de Mendoza, se jugar\u00edan dos partidos y la entrada tendr\u00e1 un costo de $300 para poder solventar gastos del equipo sanjuanino que durante agosto viajaran a Tucum\u00e1n.<\/p>\n<p><span style=\"color: #99cc00;\"><strong>Horarios de entrenamientos con d\u00edas de cada disciplina que integra el programa \u201cDeporte Adaptado\u201d<\/strong><\/span><\/p>\n<p><span style=\"color: #99cc00;\"><strong>Disciplina Atletismo<\/strong><\/span><\/p>\n<ul>\n<li>CEF N\u00b020, Martes, de 18 a 20 hs.; Mi\u00e9rcoles, 9 a 11 hs. y Jueves, 16 a 20hs<\/li>\n<\/ul>\n<p><strong><span style=\"color: #99cc00;\">Disciplina Badminton<\/span><\/strong><\/p>\n<p>CEDEMU, Departamento Caucete,\u00a0Lunes, mi\u00e9rcoles y viernes, de 18 a 20hs<\/p>\n<p><span style=\"color: #99cc00;\"><strong>Disciplina B\u00e1squet<\/strong><\/span><\/p>\n<ul>\n<li>Club Urquiza, Lunes, mi\u00e9rcoles y viernes, de 15 a 17 hs.; Lunes y s\u00e1bado, de 9 a 12 hs.; Martes, 15 a 16 hs. y S\u00e1bado, de 9 a 12 hs<\/li>\n<\/ul>\n<p><span style=\"color: #99cc00;\"><strong>Disciplina Boccia<\/strong><\/span><\/p>\n<ul>\n<li>Estadio Aldo Cantoni, Lunes, mi\u00e9rcoles y viernes, de 16 a 18 hs<\/li>\n<\/ul>\n<p><span style=\"color: #99cc00;\"><strong>Disciplina Ciclismo<\/strong><\/span><\/p>\n<ul>\n<li>Rutas Varias, Lunes, martes, mi\u00e9rcoles, jueves y viernes<\/li>\n<\/ul>\n<p><span style=\"color: #99cc00;\"><strong>Disciplina F\u00fatbol<\/strong><\/span><\/p>\n<ul>\n<li>Futboleras, Martes, de 16 a 18 hs.; Jueves, de 11 a 13 hs.; S\u00e1bado, de 8:30 a 11 hs.; Martes y jueves, de 11 a 13 hs.; S\u00e1bado de 8:30 a 11 hs.; Martes de 16 a 18 hs.; Jueves, 16 a 18 hs.; S\u00e1bado, de 8:30 a 11hs<\/li>\n<\/ul>\n<p><span style=\"color: #99cc00;\"><strong>Disciplina Goalball<\/strong><\/span><\/p>\n<ul>\n<li>Club Lanteri, Lunes, mi\u00e9rcoles, viernes, de 13 a 15 hs<\/li>\n<\/ul>\n<p><span style=\"color: #99cc00;\"><strong>Disciplina Hockey<\/strong><\/span><\/p>\n<ul>\n<li>Futboleros, Martes y jueves, de 18:30 a 20 hs<\/li>\n<\/ul>\n<p><span style=\"color: #99cc00;\"><strong>Disciplina Nataci\u00f3n<\/strong><\/span><\/p>\n<ul>\n<li>Piscis 25, Lunes, mi\u00e9rcoles y viernes, de 16 a 18 hs. Lunes, de 9 a 11 hs y de 16 a 18 hs. y Lunes, mi\u00e9rcoles y viernes, de 9 a 11hs<\/li>\n<\/ul>\n<p><span style=\"color: #99cc00;\"><strong>Disciplina Paraecuestre<\/strong><\/span><\/p>\n<ul>\n<li>Fundaci\u00f3n Equinoterapia, Martes y jueves, de 15 a 18 hs<\/li>\n<\/ul>\n<p><span style=\"color: #99cc00;\"><strong>Disciplina Powerlifting<\/strong><\/span><\/p>\n<ul>\n<li>CEF N\u00b020, Lunes, mi\u00e9rcoles y viernes, de 16 a 20 hs<\/li>\n<\/ul>\n<p><span style=\"color: #99cc00;\"><strong>Disciplina Rugby<\/strong><\/span><\/p>\n<ul>\n<li>Complejo Palomar, Lunes y jueves, de 18 a 20hs y Lunes y jueves, de 19 a 21 hs<\/li>\n<\/ul>\n<p><span style=\"color: #99cc00;\"><strong>Disciplina Tenis de mesa<\/strong><\/span><\/p>\n<ul>\n<li>Escuela Pe\u00f1afort,\u00a0Lunes y mi\u00e9rcoles , de 9:30 a 11 hs.<\/li>\n<li>Colegio Don Bosco, Martes de 19 a 21 hs<\/li>\n<li>CEDEMU Departamento Caucete, Lunes, mi\u00e9rcoles y viernes, de 16 a 18 hs<\/li>\n<li>Estadio Marta Orellana, Departamento San Mart\u00edn, Martes y jueves, de 9 a 11 hs<\/li>\n<\/ul>\n<p><span style=\"color: #99cc00;\"><strong>Disciplina V\u00f3ley sentado<\/strong><\/span><\/p>\n<ul>\n<li>CEDEMU del Departamento Caucete,\u00a0Lunes, mi\u00e9rcoles y viernes, de 14 a 16 hs<\/li>\n<\/ul>\n<p>&nbsp;<\/p>\n<p>&nbsp;<\/p>\n<p>&nbsp;<\/p>\n","protected":false},"excerpt":{"rendered":"<p>Teniendo en cuenta el inicio del receso invernal en los establecimientos educativos, los diferentes programas que integran la Direcci\u00f3n de<\/p>\n","protected":false},"author":3,"featured_media":61004,"comment_status":"closed","ping_status":"closed","sticky":false,"template":"","format":"standard","meta":{"_acf_changed":false,"_seopress_robots_primary_cat":"none","_seopress_titles_title":"","_seopress_titles_desc":"","_seopress_robots_index":"","colormag_page_container_layout":"default_layout","colormag_page_sidebar_layout":"default_layout","footnotes":""},"categories":[6],"tags":[],"class_list":["post-60993","post","type-post","status-publish","format-standard","has-post-thumbnail","hentry","category-eventos"],"acf":[],"_links":{"self":[{"href":"https:\/\/vocesparalelas.com.ar\/sitio\/wp-json\/wp\/v2\/posts\/60993","targetHints":{"allow":["GET"]}}],"collection":[{"href":"https:\/\/vocesparalelas.com.ar\/sitio\/wp-json\/wp\/v2\/posts"}],"about":[{"href":"https:\/\/vocesparalelas.com.ar\/sitio\/wp-json\/wp\/v2\/types\/post"}],"author":[{"embeddable":true,"href":"https:\/\/vocesparalelas.com.ar\/sitio\/wp-json\/wp\/v2\/users\/3"}],"replies":[{"embeddable":true,"href":"https:\/\/vocesparalelas.com.ar\/sitio\/wp-json\/wp\/v2\/comments?post=60993"}],"version-history":[{"count":3,"href":"https:\/\/vocesparalelas.com.ar\/sitio\/wp-json\/wp\/v2\/posts\/60993\/revisions"}],"predecessor-version":[{"id":61006,"href":"https:\/\/vocesparalelas.com.ar\/sitio\/wp-json\/wp\/v2\/posts\/60993\/revisions\/61006"}],"wp:featuredmedia":[{"embeddable":true,"href":"https:\/\/vocesparalelas.com.ar\/sitio\/wp-json\/wp\/v2\/media\/61004"}],"wp:attachment":[{"href":"https:\/\/vocesparalelas.com.ar\/sitio\/wp-json\/wp\/v2\/media?parent=60993"}],"wp:term":[{"taxonomy":"category","embeddable":true,"href":"https:\/\/vocesparalelas.com.ar\/sitio\/wp-json\/wp\/v2\/categories?post=60993"},{"taxonomy":"post_tag","embeddable":true,"href":"https:\/\/vocesparalelas.com.ar\/sitio\/wp-json\/wp\/v2\/tags?post=60993"}],"curies":[{"name":"wp","href":"https:\/\/api.w.org\/{rel}","templated":true}]}}