{"id":60948,"date":"2023-07-07T22:59:37","date_gmt":"2023-07-08T01:59:37","guid":{"rendered":"https:\/\/vocesparalelas.com.ar\/sitio\/?p=60948"},"modified":"2023-07-10T14:29:37","modified_gmt":"2023-07-10T17:29:37","slug":"el-sueno-del-mundo-cientificos-mas-cerca-de-cumplirlo-con-el-radiotelescopio-argentina-china","status":"publish","type":"post","link":"https:\/\/vocesparalelas.com.ar\/sitio\/el-sueno-del-mundo-cientificos-mas-cerca-de-cumplirlo-con-el-radiotelescopio-argentina-china\/","title":{"rendered":"El sue\u00f1o del Mundo Cient\u00edficos m\u00e1s cerca de cumplirlo con el Radiotelescopio Argentina &#8211; China"},"content":{"rendered":"<p>El Secretario de Comunicaci\u00f3n de la Universidad Nacional de San Juan, Lic. Omar Cereso, organiz\u00f3 el traslado de Periodistas San Juan que incluy\u00f3 de la ciudad Capital y de Calingasta, a la Estaci\u00f3n de Altura \u201cCarlos Ulrico Cesco\u201d de la Facultad de Ciencias Exactas, F\u00edsica y Naturales de la UNSJ, de la Localidad de Barreal, Departamento Calingasta, Provincia de San Juan, Rep\u00fablica Argentina.<\/p>\n<figure id=\"attachment_60951\" aria-describedby=\"caption-attachment-60951\" style=\"width: 800px\" class=\"wp-caption alignnone\"><img loading=\"lazy\" decoding=\"async\" class=\"size-full wp-image-60951\" src=\"https:\/\/vocesparalelas.com.ar\/sitio\/wp-content\/uploads\/2023\/07\/PERIODISTAS-SAN-JUAN.jpg\" alt=\"\" width=\"800\" height=\"360\" srcset=\"https:\/\/vocesparalelas.com.ar\/sitio\/wp-content\/uploads\/2023\/07\/PERIODISTAS-SAN-JUAN.jpg 800w, https:\/\/vocesparalelas.com.ar\/sitio\/wp-content\/uploads\/2023\/07\/PERIODISTAS-SAN-JUAN-300x135.jpg 300w, https:\/\/vocesparalelas.com.ar\/sitio\/wp-content\/uploads\/2023\/07\/PERIODISTAS-SAN-JUAN-768x346.jpg 768w\" sizes=\"auto, (max-width: 800px) 100vw, 800px\" \/><figcaption id=\"caption-attachment-60951\" class=\"wp-caption-text\">Periodistas San Juan<\/figcaption><\/figure>\n<p>El motivo central de la visita fue para que las autoridades y Cient\u00edficos de la Estaci\u00f3n de Altura \u201cCarlos Ulrico Cesco\u201d de la FCEFN de la UNSJ,\u00a0 los Periodistas San Juan conocieran el Proyecto CART,\u00a0 cuyo coordinador es el Dr. Marcelo Segura, quien se desarrolla aportes en la investigaci\u00f3n de la instituci\u00f3n y los avances que se est\u00e1n logrando para que el 20 de Julio, aproximadamente, llegue el radiotelescopio para que sea instalado en la plataforma construida. La obra es gracias a la uni\u00f3n de esfuerzos de convenios entre UNSJ, CONICET, Argentina y China.<\/p>\n<p>En la sala de conferencias, el Secretario del SECCOM de la UNSJ, Lic. Omar Cereso, dio la bienvenida y agradeci\u00f3 a los Periodistas San Juan de sumarse al gran desaf\u00edo de difundir el Proyecto CART y lo que significa los que se viene para Calingasta, San Juan, Argentina y el mundo<\/p>\n<figure id=\"attachment_60957\" aria-describedby=\"caption-attachment-60957\" style=\"width: 800px\" class=\"wp-caption alignnone\"><img loading=\"lazy\" decoding=\"async\" class=\"wp-image-60957 size-full\" src=\"https:\/\/vocesparalelas.com.ar\/sitio\/wp-content\/uploads\/2023\/07\/UNSJ-CASLEO-06.jpg\" alt=\"\" width=\"800\" height=\"533\" srcset=\"https:\/\/vocesparalelas.com.ar\/sitio\/wp-content\/uploads\/2023\/07\/UNSJ-CASLEO-06.jpg 800w, https:\/\/vocesparalelas.com.ar\/sitio\/wp-content\/uploads\/2023\/07\/UNSJ-CASLEO-06-300x200.jpg 300w, https:\/\/vocesparalelas.com.ar\/sitio\/wp-content\/uploads\/2023\/07\/UNSJ-CASLEO-06-768x512.jpg 768w\" sizes=\"auto, (max-width: 800px) 100vw, 800px\" \/><figcaption id=\"caption-attachment-60957\" class=\"wp-caption-text\">Secretario del SECCOM de la UNSJ, Lic. Omar Cereso<\/figcaption><\/figure>\n<p>Luego, el Coordinador del Proyecto CART,\u00a0 Dr. Marcelo Segura, quien explic\u00f3 los items que enriqueci\u00f3 el conocimiento de los Periodistas San Juan y de los presentes. Adem\u00e1s, lo que significa el Proyecto CART para Calingasta, San Juan, Argentina &#8211; China y el Mundo, as\u00ed tambi\u00e9n, para la FCEFN, UNSJ, CONICET y NAOC que forman parte de la Comunidad Cient\u00edfica Astron\u00f3mica\u00a0 .<\/p>\n<figure id=\"attachment_60960\" aria-describedby=\"caption-attachment-60960\" style=\"width: 800px\" class=\"wp-caption alignnone\"><img loading=\"lazy\" decoding=\"async\" class=\"size-full wp-image-60960\" src=\"https:\/\/vocesparalelas.com.ar\/sitio\/wp-content\/uploads\/2023\/07\/UNSJ-CASLEO-09.jpg\" alt=\"\" width=\"800\" height=\"600\" srcset=\"https:\/\/vocesparalelas.com.ar\/sitio\/wp-content\/uploads\/2023\/07\/UNSJ-CASLEO-09.jpg 800w, https:\/\/vocesparalelas.com.ar\/sitio\/wp-content\/uploads\/2023\/07\/UNSJ-CASLEO-09-300x225.jpg 300w, https:\/\/vocesparalelas.com.ar\/sitio\/wp-content\/uploads\/2023\/07\/UNSJ-CASLEO-09-768x576.jpg 768w\" sizes=\"auto, (max-width: 800px) 100vw, 800px\" \/><figcaption id=\"caption-attachment-60960\" class=\"wp-caption-text\">Coordinador del Proyecto Cart,\u00a0 Dr. Marcelo Segura<\/figcaption><\/figure>\n<ul>\n<li>Breve resella historia de cooperaci\u00f3n con China<\/li>\n<li>Instituciones Participantes y caracter\u00edsticas del proyecto<\/li>\n<li>Hitos de CART<\/li>\n<li>Estado de Avance<\/li>\n<li>Obras Complementarias<\/li>\n<li>Pr\u00f3ximo arribo de CART Tareas a efectuar<\/li>\n<li>Capacitaci\u00f3n y proyectos cient\u00edficos<\/li>\n<\/ul>\n<p><strong><span style=\"color: #0000ff;\">Instituciones Participantes en el Proyecto\u00a0CART<\/span><\/strong><\/p>\n<ul>\n<li>Universidad Nacional de San Juan, SECyT de la UNSJ, Dr. Eric Laciar y el Director del Observatorio Astron\u00f3mica F\u00e9lix Aguilar &#8211; CAFA -, Dr. Carlos Francile<\/li>\n<li>National Astronomic Observatory of China Academy of Science &#8211; NAOC &#8211; PI, Dr. Li finzeng<\/li>\n<li>Secretar\u00eda de Ciencia, Tecnolog\u00eda e Innovaci\u00f3n del Gobierno de San Juan, Secretaria, Ing. Esp. Marita Benavente<\/li>\n<li>CONICET, Coordinador, Dr. Marcelo Segura<\/li>\n<\/ul>\n<p><span style=\"color: #0000ff;\"><strong>Caracter\u00edsticas de Operaci\u00f3n<\/strong><\/span><\/p>\n<ul>\n<li>Comit\u00e9 Directivo; CAS (3), CONICET (1), Gob SJ (1), UNSJ (1)<\/li>\n<li>Comit\u00e9 Cient\u00edfico. CAS (3), CONICET (11, UNSI (2)<\/li>\n<li>Directorio: Chino (11, Argentino (1)<\/li>\n<\/ul>\n<p><strong><span style=\"color: #0000ff;\">Tiempo de Observaci\u00f3n<\/span><\/strong><\/p>\n<ul>\n<li>Exclusivo NAOC (60 %)<\/li>\n<li>Proyectos Conjuntos Chino y Argentino y\/o terceros (20 %)<\/li>\n<li>Petici\u00f3n individual China o Argentina (20%)<\/li>\n<\/ul>\n<p>Es importante aclarar que, las caracter\u00edsticas de operaci\u00f3n incluye dos comit\u00e9 un Directorio que controlan los avances y funcionamiento del Proyecto CART y el Comit\u00e9 Cient\u00edfico que controlan y organizan el ingreso de cient\u00edficos del mundo que necesiten usar el Telescopio desde el momento en que comience a funcionar.<\/p>\n<p><span style=\"color: #0000ff;\"><strong>Objetivos del Proyecto CART<\/strong><\/span><\/p>\n<ul>\n<li>Establecimiento y Mantenimiento del Sistema da Referencia Celeste Internacional &#8211; CAF.<\/li>\n<li>Mejora del Sistema de Referencia Terrestres Internacional &#8211; ITRF &#8211; en el Hemisferio Sur.<\/li>\n<li>Mejora de la red geod\u00e9sica Nacional Argentina.<\/li>\n<li>Contribuciones con la vinculaciones entre las marcos de referencia de radio y los marcos de referencia establecidos en otras longitudes de onda.<\/li>\n<li>Estudios geo-din\u00e1micos de la corteza de la Tierra-Movimiento de placas tect\u00f3nicas de la Tierra<\/li>\n<li>Determinaci\u00f3n de los par\u00e1metros de orientaci\u00f3n de la tierra &#8211; EDP.<\/li>\n<li>Estudio de Radiofuentes y sus variaciones de estructura.<\/li>\n<li>Corrimiento al rojo de los AGN<\/li>\n<li>Observaciones de binarias de rayos X, supernovas y envoltura de novas<\/li>\n<\/ul>\n<p>&nbsp;<\/p>\n<p><img loading=\"lazy\" decoding=\"async\" class=\"alignnone size-full wp-image-60956\" src=\"https:\/\/vocesparalelas.com.ar\/sitio\/wp-content\/uploads\/2023\/07\/UNSJ-CASLEO-05.jpg\" alt=\"\" width=\"800\" height=\"533\" srcset=\"https:\/\/vocesparalelas.com.ar\/sitio\/wp-content\/uploads\/2023\/07\/UNSJ-CASLEO-05.jpg 800w, https:\/\/vocesparalelas.com.ar\/sitio\/wp-content\/uploads\/2023\/07\/UNSJ-CASLEO-05-300x200.jpg 300w, https:\/\/vocesparalelas.com.ar\/sitio\/wp-content\/uploads\/2023\/07\/UNSJ-CASLEO-05-768x512.jpg 768w\" sizes=\"auto, (max-width: 800px) 100vw, 800px\" \/><\/p>\n<p><iframe loading=\"lazy\" title=\"UNSJ PROYECTO CART\" width=\"800\" height=\"600\" src=\"https:\/\/www.youtube.com\/embed\/yrqdMvX8g3c?feature=oembed\" frameborder=\"0\" allow=\"accelerometer; autoplay; clipboard-write; encrypted-media; gyroscope; picture-in-picture; web-share\" allowfullscreen><\/iframe><\/p>\n<p><img loading=\"lazy\" decoding=\"async\" class=\"alignnone size-full wp-image-60955\" src=\"https:\/\/vocesparalelas.com.ar\/sitio\/wp-content\/uploads\/2023\/07\/UNSJ-CASLEO-04.jpg\" alt=\"\" width=\"800\" height=\"533\" srcset=\"https:\/\/vocesparalelas.com.ar\/sitio\/wp-content\/uploads\/2023\/07\/UNSJ-CASLEO-04.jpg 800w, https:\/\/vocesparalelas.com.ar\/sitio\/wp-content\/uploads\/2023\/07\/UNSJ-CASLEO-04-300x200.jpg 300w, https:\/\/vocesparalelas.com.ar\/sitio\/wp-content\/uploads\/2023\/07\/UNSJ-CASLEO-04-768x512.jpg 768w\" sizes=\"auto, (max-width: 800px) 100vw, 800px\" \/><\/p>\n<p><iframe loading=\"lazy\" title=\"UNSJ PROYECTO CART\" width=\"800\" height=\"600\" src=\"https:\/\/www.youtube.com\/embed\/sB35Er7VBbQ?feature=oembed\" frameborder=\"0\" allow=\"accelerometer; autoplay; clipboard-write; encrypted-media; gyroscope; picture-in-picture; web-share\" allowfullscreen><\/iframe><\/p>\n<p>Continu\u00f3 la actividad con diferentes preguntas por parte de los Periodistas San Juan una vez que se conform\u00f3 la mesa acad\u00e9mica. Por ello, Voces Paralelas solicit\u00f3 que el Director del Observatorio Astron\u00f3mica F\u00e9lix Aguilar &#8211; CAFA -, Dr. Carlos Francile, la Secretaria del SECITI, Ing. Marita Benavente y la Vice decana de la FCEFN de la UNSJ, Dra. Natalia Nu\u00f1ez, que tarea realiza el Directivo Cient\u00edfico del CART.<\/p>\n<p><iframe loading=\"lazy\" title=\"UNSJ SECITI CONICET CHINA PROYECTO CART\" width=\"800\" height=\"450\" src=\"https:\/\/www.youtube.com\/embed\/kybYx9yag38?feature=oembed\" frameborder=\"0\" allow=\"accelerometer; autoplay; clipboard-write; encrypted-media; gyroscope; picture-in-picture; web-share\" allowfullscreen><\/iframe><\/p>\n<p>Finalizada, la etapa de explicaci\u00f3n de las autoridades. Los presentes se trasladaron a la plataforma o base donde se colocar\u00e1 el Radiotelescopio por parte de la empresa que la construyo y llega a la Estaci\u00f3n de Altura \u201cCarlos Ulrico Cesco\u201d de la Facultad de Ciencias Exactas, F\u00edsica y Naturales de la UNSJ, el 20 de Julio de 2023. Sinceramente, estall\u00f3 la emoci\u00f3n porque es un paso m\u00e1s para que una vez que se arme y se instale va a comenzar a funcionar como expresiones de prueba y solucionar inconvenientes. Para ello, aproximadamente llegan 20 profesionales especializados de China para armar el Radiotelescopio.<\/p>\n<p><img loading=\"lazy\" decoding=\"async\" class=\"alignnone size-full wp-image-60953\" src=\"https:\/\/vocesparalelas.com.ar\/sitio\/wp-content\/uploads\/2023\/07\/UNSJ-CASLEO-02.jpg\" alt=\"\" width=\"800\" height=\"533\" srcset=\"https:\/\/vocesparalelas.com.ar\/sitio\/wp-content\/uploads\/2023\/07\/UNSJ-CASLEO-02.jpg 800w, https:\/\/vocesparalelas.com.ar\/sitio\/wp-content\/uploads\/2023\/07\/UNSJ-CASLEO-02-300x200.jpg 300w, https:\/\/vocesparalelas.com.ar\/sitio\/wp-content\/uploads\/2023\/07\/UNSJ-CASLEO-02-768x512.jpg 768w\" sizes=\"auto, (max-width: 800px) 100vw, 800px\" \/><\/p>\n<p><iframe loading=\"lazy\" title=\"UNSJ CONICET SECITI CHINA PROYECTO CART\" width=\"800\" height=\"450\" src=\"https:\/\/www.youtube.com\/embed\/tAqhEtkV9As?feature=oembed\" frameborder=\"0\" allow=\"accelerometer; autoplay; clipboard-write; encrypted-media; gyroscope; picture-in-picture; web-share\" allowfullscreen><\/iframe><\/p>\n<p>En esta instancia de observaci\u00f3n de la plataforma donde se va a colocar el Telescopio, se profundiz\u00f3 la relaci\u00f3n de admiraci\u00f3n y la entrevistas de los Periodistas San Juan y los autoridades, precursores del Proyecto CART.<\/p>\n<p><iframe loading=\"lazy\" title=\"UNSJ PROYECTO CART\" width=\"800\" height=\"600\" src=\"https:\/\/www.youtube.com\/embed\/EIDci7diEeY?feature=oembed\" frameborder=\"0\" allow=\"accelerometer; autoplay; clipboard-write; encrypted-media; gyroscope; picture-in-picture; web-share\" allowfullscreen><\/iframe><\/p>\n<figure id=\"attachment_60952\" aria-describedby=\"caption-attachment-60952\" style=\"width: 800px\" class=\"wp-caption alignnone\"><img loading=\"lazy\" decoding=\"async\" class=\"wp-image-60952 size-full\" src=\"https:\/\/vocesparalelas.com.ar\/sitio\/wp-content\/uploads\/2023\/07\/UNSJ-CASLEO-01.jpg\" alt=\"\" width=\"800\" height=\"533\" srcset=\"https:\/\/vocesparalelas.com.ar\/sitio\/wp-content\/uploads\/2023\/07\/UNSJ-CASLEO-01.jpg 800w, https:\/\/vocesparalelas.com.ar\/sitio\/wp-content\/uploads\/2023\/07\/UNSJ-CASLEO-01-300x200.jpg 300w, https:\/\/vocesparalelas.com.ar\/sitio\/wp-content\/uploads\/2023\/07\/UNSJ-CASLEO-01-768x512.jpg 768w\" sizes=\"auto, (max-width: 800px) 100vw, 800px\" \/><figcaption id=\"caption-attachment-60952\" class=\"wp-caption-text\">Cient\u00edficos del CONICET &#8211; UNSJ de la Estaci\u00f3n de Altura \u201cCarlos Ulrico Cesco\u201d de la Facultad de Ciencias Exactas, F\u00edsica y Naturales de la UNSJ<\/figcaption><\/figure>\n<p>&nbsp;<\/p>\n<figure id=\"attachment_60954\" aria-describedby=\"caption-attachment-60954\" style=\"width: 800px\" class=\"wp-caption alignnone\"><img loading=\"lazy\" decoding=\"async\" class=\"wp-image-60954 size-full\" src=\"https:\/\/vocesparalelas.com.ar\/sitio\/wp-content\/uploads\/2023\/07\/UNSJ-CASLEO-03.jpg\" alt=\"\" width=\"800\" height=\"533\" srcset=\"https:\/\/vocesparalelas.com.ar\/sitio\/wp-content\/uploads\/2023\/07\/UNSJ-CASLEO-03.jpg 800w, https:\/\/vocesparalelas.com.ar\/sitio\/wp-content\/uploads\/2023\/07\/UNSJ-CASLEO-03-300x200.jpg 300w, https:\/\/vocesparalelas.com.ar\/sitio\/wp-content\/uploads\/2023\/07\/UNSJ-CASLEO-03-768x512.jpg 768w\" sizes=\"auto, (max-width: 800px) 100vw, 800px\" \/><figcaption id=\"caption-attachment-60954\" class=\"wp-caption-text\">El Director del Observatorio Astron\u00f3mica F\u00e9lix Aguilar &#8211; CAFA -, Dr. Carlos Francile junto a la Vicedecana de la FCEFN de la UNSJ, Dra. Natalia Nu\u00f1ez y la Secretaria del SECITI, Ing. Marita Benavente.<\/figcaption><\/figure>\n<p>Es importante aclarar que en el subsuelo se encuentra la instalaci\u00f3n de la fibra \u00f3ptica que transmitir\u00e1 al mundo cient\u00edfico de la informaci\u00f3n del Espacio gal\u00e1xico desde San Juan, Argentina.<\/p>\n<p><img loading=\"lazy\" decoding=\"async\" class=\"alignnone size-large wp-image-22500\" src=\"https:\/\/vocesparalelas.com.ar\/sitio\/wp-content\/uploads\/2019\/07\/UNSJ-TELESCOPIO-01-800x600.jpg\" alt=\"\" width=\"800\" height=\"600\" srcset=\"https:\/\/vocesparalelas.com.ar\/sitio\/wp-content\/uploads\/2019\/07\/UNSJ-TELESCOPIO-01-800x600.jpg 800w, https:\/\/vocesparalelas.com.ar\/sitio\/wp-content\/uploads\/2019\/07\/UNSJ-TELESCOPIO-01-300x225.jpg 300w, https:\/\/vocesparalelas.com.ar\/sitio\/wp-content\/uploads\/2019\/07\/UNSJ-TELESCOPIO-01-768x576.jpg 768w, https:\/\/vocesparalelas.com.ar\/sitio\/wp-content\/uploads\/2019\/07\/UNSJ-TELESCOPIO-01.jpg 1000w\" sizes=\"auto, (max-width: 800px) 100vw, 800px\" \/><\/p>\n<p>&nbsp;<\/p>\n<p><img loading=\"lazy\" decoding=\"async\" class=\"alignnone size-full wp-image-53945\" src=\"https:\/\/vocesparalelas.com.ar\/sitio\/wp-content\/uploads\/2022\/10\/UNSJ-LOGO-50-FINAL.jpg\" alt=\"\" width=\"800\" height=\"476\" srcset=\"https:\/\/vocesparalelas.com.ar\/sitio\/wp-content\/uploads\/2022\/10\/UNSJ-LOGO-50-FINAL.jpg 800w, https:\/\/vocesparalelas.com.ar\/sitio\/wp-content\/uploads\/2022\/10\/UNSJ-LOGO-50-FINAL-300x179.jpg 300w, https:\/\/vocesparalelas.com.ar\/sitio\/wp-content\/uploads\/2022\/10\/UNSJ-LOGO-50-FINAL-768x457.jpg 768w\" sizes=\"auto, (max-width: 800px) 100vw, 800px\" \/> <img loading=\"lazy\" decoding=\"async\" class=\"alignnone size-full wp-image-54035\" src=\"https:\/\/vocesparalelas.com.ar\/sitio\/wp-content\/uploads\/2022\/11\/UNSJ-LOGO-10.jpg\" alt=\"\" width=\"800\" height=\"533\" srcset=\"https:\/\/vocesparalelas.com.ar\/sitio\/wp-content\/uploads\/2022\/11\/UNSJ-LOGO-10.jpg 800w, https:\/\/vocesparalelas.com.ar\/sitio\/wp-content\/uploads\/2022\/11\/UNSJ-LOGO-10-300x200.jpg 300w, https:\/\/vocesparalelas.com.ar\/sitio\/wp-content\/uploads\/2022\/11\/UNSJ-LOGO-10-768x512.jpg 768w\" sizes=\"auto, (max-width: 800px) 100vw, 800px\" \/><\/p>\n<p>&nbsp;<\/p>\n<p>&nbsp;<\/p>\n","protected":false},"excerpt":{"rendered":"<p>El Secretario de Comunicaci\u00f3n de la Universidad Nacional de San Juan, Lic. Omar Cereso, organiz\u00f3 el traslado de Periodistas San<\/p>\n","protected":false},"author":3,"featured_media":60959,"comment_status":"closed","ping_status":"closed","sticky":false,"template":"","format":"standard","meta":{"_acf_changed":false,"_seopress_robots_primary_cat":"none","_seopress_titles_title":"","_seopress_titles_desc":"","_seopress_robots_index":"","colormag_page_container_layout":"default_layout","colormag_page_sidebar_layout":"default_layout","footnotes":""},"categories":[10,7],"tags":[],"class_list":["post-60948","post","type-post","status-publish","format-standard","has-post-thumbnail","hentry","category-opiniones","category-videos"],"acf":[],"_links":{"self":[{"href":"https:\/\/vocesparalelas.com.ar\/sitio\/wp-json\/wp\/v2\/posts\/60948","targetHints":{"allow":["GET"]}}],"collection":[{"href":"https:\/\/vocesparalelas.com.ar\/sitio\/wp-json\/wp\/v2\/posts"}],"about":[{"href":"https:\/\/vocesparalelas.com.ar\/sitio\/wp-json\/wp\/v2\/types\/post"}],"author":[{"embeddable":true,"href":"https:\/\/vocesparalelas.com.ar\/sitio\/wp-json\/wp\/v2\/users\/3"}],"replies":[{"embeddable":true,"href":"https:\/\/vocesparalelas.com.ar\/sitio\/wp-json\/wp\/v2\/comments?post=60948"}],"version-history":[{"count":4,"href":"https:\/\/vocesparalelas.com.ar\/sitio\/wp-json\/wp\/v2\/posts\/60948\/revisions"}],"predecessor-version":[{"id":61025,"href":"https:\/\/vocesparalelas.com.ar\/sitio\/wp-json\/wp\/v2\/posts\/60948\/revisions\/61025"}],"wp:featuredmedia":[{"embeddable":true,"href":"https:\/\/vocesparalelas.com.ar\/sitio\/wp-json\/wp\/v2\/media\/60959"}],"wp:attachment":[{"href":"https:\/\/vocesparalelas.com.ar\/sitio\/wp-json\/wp\/v2\/media?parent=60948"}],"wp:term":[{"taxonomy":"category","embeddable":true,"href":"https:\/\/vocesparalelas.com.ar\/sitio\/wp-json\/wp\/v2\/categories?post=60948"},{"taxonomy":"post_tag","embeddable":true,"href":"https:\/\/vocesparalelas.com.ar\/sitio\/wp-json\/wp\/v2\/tags?post=60948"}],"curies":[{"name":"wp","href":"https:\/\/api.w.org\/{rel}","templated":true}]}}