{"id":6094,"date":"2017-10-12T10:38:39","date_gmt":"2017-10-12T13:38:39","guid":{"rendered":"http:\/\/vocesparalelas.com.ar\/sitio\/?p=6094"},"modified":"2017-10-12T15:24:27","modified_gmt":"2017-10-12T18:24:27","slug":"convocatoria-llamado-especial-para-supervisor-area-matematica-y-otro-para-el-area-de-lengua-extranjera-ingles","status":"publish","type":"post","link":"https:\/\/vocesparalelas.com.ar\/sitio\/convocatoria-llamado-especial-para-supervisor-area-matematica-y-otro-para-el-area-de-lengua-extranjera-ingles\/","title":{"rendered":"Convocatoria Llamado Especial para Supervisor \u00c1rea Matem\u00e1tica y otro para el \u00c1rea de Lengua Extranjera Ingl\u00e9s"},"content":{"rendered":"<p><span style=\"color: #ff0000\"><strong>Convocatoria Llamado Especial para Supervisor del \u00c1rea Matem\u00e1tica<\/strong><\/span><\/p>\n<p>La Junta de Clasificaci\u00f3n Docente Rama Media y Superior, seg\u00fan Disposici\u00f3n Rectificatoria N\u00b0 61-2017, convoca a Directores dependientes de la Direcci\u00f3n de Educaci\u00f3n Secundaria Orientada y Art\u00edstica del Ministerio de Educaci\u00f3n de San Juan a inscripci\u00f3n especial para cubrir, conforme a lo previsto en el art\u00edculo 62 de la Ley 64-H, un cargo de Supervisor Interino para el \u00c1rea Matem\u00e1tica.<\/p>\n<p><span style=\"color: #ff0000\"><strong>Cronograma de Inscripci\u00f3n <\/strong><\/span><\/p>\n<ul>\n<li>Difusi\u00f3n y Publicaci\u00f3n: del 12 al 20 de octubre de 2017, seg\u00fan Res. N\u00b0 6511-ME-17.-<\/li>\n<li>Inscripci\u00f3n para la valoraci\u00f3n personalizada de antecedentes y m\u00e9ritos los d\u00edas: 23 al 27\/10\/2017\u00a0 de 09:00 a 12:00 hs., en sede de Junta de Clasificaci\u00f3n Docente Rama Media y Superior.<\/li>\n<li>Emisi\u00f3n de listado provisorio: 30 y 31 de octubre de 2017 de 09.00 a 12:00 hs.<\/li>\n<li>Notificaci\u00f3n del Puntaje: 01 y 02 de noviembre de 2017.-<\/li>\n<li>Revocatoria (Apelaci\u00f3n de puntaje): diez d\u00edas h\u00e1biles a partir de la notificaci\u00f3n de cada docente seg\u00fan lo establecido en el Art\u00edculo 14 de la Ley de Juntas de la Provincia de San Juan.<\/li>\n<li>Resoluci\u00f3n de revocatoria (Apelaci\u00f3n de puntaje): 17 y 20 de noviembre de 2017.<\/li>\n<li>Listado Definitivo: 21 de noviembre de 2017.-<\/li>\n<\/ul>\n<p><span style=\"color: #ff0000\"><strong>Requisitos<\/strong><\/span><\/p>\n<ul>\n<li>Poseer T\u00edtulo Docente, seg\u00fan\u00a0 Art. 13, Inc. C\u00a0 y Art. 103 de la Ley 14473.<\/li>\n<li>Desempe\u00f1arse en el grado del escalaf\u00f3n inmediato anterior \u2013 Director \u2013 del Nivel correspondiente, seg\u00fan Art. 101, Inc. a Ley 14473 y Art. 62 Ley 64-H, acreditando debidamente esta situaci\u00f3n.<\/li>\n<li>Situaci\u00f3n de revista Titular, (en horas c\u00e1tedra) seg\u00fan Art. 103 Ley 14473 y Arts. 25 y 62 de la Ley 64-H.<\/li>\n<li>Poseer la siguiente antig\u00fcedad: 12 a\u00f1os la Docencia &#8211; Art. 104 de la Ley 14473.-<\/li>\n<li>Encontrarse en situaci\u00f3n activa y efectiva seg\u00fan Art. 103 de la Ley 14473 y Art. 62 Ley 64-H- y su reglamentaci\u00f3n.<\/li>\n<li>Presentar certificaci\u00f3n de servicios emitida por el establecimiento, actualizada al 30 de Septiembre de 2017. Consignar fechas de altas y bajas y los periodos de licencias con o sin goce de haberes).<\/li>\n<li>Copias legalizadas de los 03 (tres) \u00faltimos conceptos profesionales de los establecimientos en donde reviste car\u00e1cter de Titular. Los conceptos no deben ser inferiores a Muy Bueno, seg\u00fan Ley 14473 y Art. 102.<\/li>\n<li>Certificados de otros antecedentes que no obren en su carpeta, debidamente legalizados.<\/li>\n<\/ul>\n<hr \/>\n<p><span style=\"color: #ff0000\"><strong>Convocatoria Llamado Especial para Supervisor del \u00c1rea Lengua Extranjera Ingl\u00e9s<\/strong><\/span><\/p>\n<p>La Junta de Clasificaci\u00f3n Docente Rama Media y Superior, seg\u00fan Disposici\u00f3n Rectificatoria N\u00b0 60-2017, convoca a Directores dependientes de la Direcci\u00f3n de Educaci\u00f3n Secundaria Orientada y Art\u00edstica del Ministerio de Educaci\u00f3n de San Juan a inscripci\u00f3n especial para cubrir, conforme a lo previsto en el art\u00edculo 62 de la Ley 64-H, para un cargo de Supervisor Interino para el \u00c1rea Lengua Extranjera: Ingl\u00e9s.<\/p>\n<p><span style=\"color: #ff0000\"><strong>Cronograma de Inscripci\u00f3n<\/strong><\/span><\/p>\n<ul>\n<li>Difusi\u00f3n y Publicaci\u00f3n: del 12 al 20 de octubre de 2017, seg\u00fan Res. N\u00b0 6511-ME-17.-<\/li>\n<li>Inscripci\u00f3n para la valoraci\u00f3n personalizada de antecedentes y m\u00e9ritos los d\u00edas: 23 al 27\/10\/2017\u00a0 de 09:00 a 12:00 hs., en sede de Junta de Clasificaci\u00f3n Docente Rama Media y Superior.<\/li>\n<li>Emisi\u00f3n de listado provisorio: 30 y 31 de octubre de 2017 de 09.00 a 12:00 hs.<\/li>\n<li>Notificaci\u00f3n del Puntaje: 01 y 02 de Noviembre de 2017.-<\/li>\n<li>Revocatoria (Apelaci\u00f3n de puntaje): diez d\u00edas h\u00e1biles a partir de la notificaci\u00f3n de cada docente seg\u00fan lo establecido en el Art\u00edculo 14 de la Ley de Juntas de la Provincia de San Juan.<\/li>\n<li>Resoluci\u00f3n de revocatoria, Apelaci\u00f3n de puntaje: 17 y 20 de Noviembre de 2017.<\/li>\n<li>Listado Definitivo: 21 de Noviembre de 2017.<\/li>\n<\/ul>\n<p><span style=\"color: #ff0000\"><strong>Requisitos<\/strong><\/span><\/p>\n<ul>\n<li>Poseer T\u00edtulo Docente, seg\u00fan\u00a0 Art. 13, Inc. C\u00a0 y Art. 103 de la Ley 14473.<\/li>\n<li>Desempe\u00f1arse en el grado del escalaf\u00f3n inmediato anterior \u2013 Director \u2013 del Nivel correspondiente, seg\u00fan Art. 101, Inc. a Ley 14473 y Art. 62 Ley 64-H, acreditando debidamente esta situaci\u00f3n.<\/li>\n<li>Situaci\u00f3n de revista TITULAR, (en horas c\u00e1tedra) seg\u00fan Art. 103 Ley 14473 y Arts. 25 y 62 de la Ley 64-H.<\/li>\n<li>Poseer la siguiente antig\u00fcedad: 12 a\u00f1os la Docencia &#8211; Art. 104 de la Ley 14473.-<\/li>\n<li>Encontrarse en situaci\u00f3n activa y efectiva seg\u00fan Art. 103 de la Ley 14473 y Art. 62 Ley 64-H- y su reglamentaci\u00f3n.<\/li>\n<li>Presentar certificaci\u00f3n de servicios emitida por el establecimiento, actualizada al 30 de septiembre de 2017. Consignar fechas de altas y bajas y los periodos de licencias con o sin goce de haberes.<\/li>\n<li>Copias legalizadas de los 03 (tres) \u00faltimos conceptos profesionales de los establecimientos en donde reviste car\u00e1cter de Titular. Los conceptos no deben ser inferiores a MUY BUENO, seg\u00fan Ley 14473 y Art.102.<\/li>\n<li>Certificados de otros antecedentes que no obren en su carpeta, debidamente legalizados.<\/li>\n<\/ul>\n","protected":false},"excerpt":{"rendered":"<p>Convocatoria Llamado Especial para Supervisor del \u00c1rea Matem\u00e1tica La Junta de Clasificaci\u00f3n Docente Rama Media y Superior, seg\u00fan Disposici\u00f3n Rectificatoria<\/p>\n","protected":false},"author":3,"featured_media":5022,"comment_status":"closed","ping_status":"closed","sticky":false,"template":"","format":"standard","meta":{"_acf_changed":false,"_seopress_robots_primary_cat":"","_seopress_titles_title":"","_seopress_titles_desc":"","_seopress_robots_index":"","colormag_page_container_layout":"default_layout","colormag_page_sidebar_layout":"default_layout","footnotes":""},"categories":[2],"tags":[],"class_list":["post-6094","post","type-post","status-publish","format-standard","has-post-thumbnail","hentry","category-convocatorias"],"acf":[],"_links":{"self":[{"href":"https:\/\/vocesparalelas.com.ar\/sitio\/wp-json\/wp\/v2\/posts\/6094","targetHints":{"allow":["GET"]}}],"collection":[{"href":"https:\/\/vocesparalelas.com.ar\/sitio\/wp-json\/wp\/v2\/posts"}],"about":[{"href":"https:\/\/vocesparalelas.com.ar\/sitio\/wp-json\/wp\/v2\/types\/post"}],"author":[{"embeddable":true,"href":"https:\/\/vocesparalelas.com.ar\/sitio\/wp-json\/wp\/v2\/users\/3"}],"replies":[{"embeddable":true,"href":"https:\/\/vocesparalelas.com.ar\/sitio\/wp-json\/wp\/v2\/comments?post=6094"}],"version-history":[{"count":0,"href":"https:\/\/vocesparalelas.com.ar\/sitio\/wp-json\/wp\/v2\/posts\/6094\/revisions"}],"wp:featuredmedia":[{"embeddable":true,"href":"https:\/\/vocesparalelas.com.ar\/sitio\/wp-json\/wp\/v2\/media\/5022"}],"wp:attachment":[{"href":"https:\/\/vocesparalelas.com.ar\/sitio\/wp-json\/wp\/v2\/media?parent=6094"}],"wp:term":[{"taxonomy":"category","embeddable":true,"href":"https:\/\/vocesparalelas.com.ar\/sitio\/wp-json\/wp\/v2\/categories?post=6094"},{"taxonomy":"post_tag","embeddable":true,"href":"https:\/\/vocesparalelas.com.ar\/sitio\/wp-json\/wp\/v2\/tags?post=6094"}],"curies":[{"name":"wp","href":"https:\/\/api.w.org\/{rel}","templated":true}]}}