{"id":60841,"date":"2023-07-04T22:22:55","date_gmt":"2023-07-05T01:22:55","guid":{"rendered":"https:\/\/vocesparalelas.com.ar\/sitio\/?p=60841"},"modified":"2023-07-05T00:30:01","modified_gmt":"2023-07-05T03:30:01","slug":"una-plazoleta-que-marca-el-comienzo-de-la-localidad-marquesado-en-rivadavia","status":"publish","type":"post","link":"https:\/\/vocesparalelas.com.ar\/sitio\/una-plazoleta-que-marca-el-comienzo-de-la-localidad-marquesado-en-rivadavia\/","title":{"rendered":"Una Plazoleta que marca el comienzo de la Localidad Marquesado en Rivadavia"},"content":{"rendered":"<p>La Municipalidad de Rivadavia contin\u00faa trabajando en obras de espacios verdes o plaza seca. En esta oportunidad una Plazoleta que contiene jugos para ni\u00f1os, equipos de gimnasia, bancos, glorietas, parada de colectivo, veredines y el Portal de ingreso de la Localidad de Marquesado, en Av. Libertador San Mart\u00edn y Sargento Cabral, Departamento Rivadavia.<\/p>\n<p>El espacio est\u00e1 enfrente de la Brigada Motorizada N\u00b0 4 de la Polic\u00eda de San Juan, la Rotonda y la gruta permitiendo embellecer aun m\u00e1s el lugar.<\/p>\n<p><img loading=\"lazy\" decoding=\"async\" class=\"alignnone size-full wp-image-60844\" src=\"https:\/\/vocesparalelas.com.ar\/sitio\/wp-content\/uploads\/2023\/07\/RIVADAVIA-MARQUESADO-01.jpg\" alt=\"\" width=\"800\" height=\"533\" srcset=\"https:\/\/vocesparalelas.com.ar\/sitio\/wp-content\/uploads\/2023\/07\/RIVADAVIA-MARQUESADO-01.jpg 800w, https:\/\/vocesparalelas.com.ar\/sitio\/wp-content\/uploads\/2023\/07\/RIVADAVIA-MARQUESADO-01-300x200.jpg 300w, https:\/\/vocesparalelas.com.ar\/sitio\/wp-content\/uploads\/2023\/07\/RIVADAVIA-MARQUESADO-01-768x512.jpg 768w\" sizes=\"auto, (max-width: 800px) 100vw, 800px\" \/><\/p>\n<p><img loading=\"lazy\" decoding=\"async\" class=\"alignnone size-full wp-image-60845\" src=\"https:\/\/vocesparalelas.com.ar\/sitio\/wp-content\/uploads\/2023\/07\/RIVADAVIA-MARQUESADO-02.jpg\" alt=\"\" width=\"800\" height=\"533\" srcset=\"https:\/\/vocesparalelas.com.ar\/sitio\/wp-content\/uploads\/2023\/07\/RIVADAVIA-MARQUESADO-02.jpg 800w, https:\/\/vocesparalelas.com.ar\/sitio\/wp-content\/uploads\/2023\/07\/RIVADAVIA-MARQUESADO-02-300x200.jpg 300w, https:\/\/vocesparalelas.com.ar\/sitio\/wp-content\/uploads\/2023\/07\/RIVADAVIA-MARQUESADO-02-768x512.jpg 768w\" sizes=\"auto, (max-width: 800px) 100vw, 800px\" \/><\/p>\n<p><img loading=\"lazy\" decoding=\"async\" class=\"alignnone size-full wp-image-60846\" src=\"https:\/\/vocesparalelas.com.ar\/sitio\/wp-content\/uploads\/2023\/07\/RIVADAVIA-MARQUESADO-03.jpg\" alt=\"\" width=\"800\" height=\"533\" srcset=\"https:\/\/vocesparalelas.com.ar\/sitio\/wp-content\/uploads\/2023\/07\/RIVADAVIA-MARQUESADO-03.jpg 800w, https:\/\/vocesparalelas.com.ar\/sitio\/wp-content\/uploads\/2023\/07\/RIVADAVIA-MARQUESADO-03-300x200.jpg 300w, https:\/\/vocesparalelas.com.ar\/sitio\/wp-content\/uploads\/2023\/07\/RIVADAVIA-MARQUESADO-03-768x512.jpg 768w\" sizes=\"auto, (max-width: 800px) 100vw, 800px\" \/><\/p>\n<p>Por ello, el Intendente de la Municipalidad de Rivadavia, Dr. Fabi\u00e1n Mart\u00edn, explico el trabajo realizado en la Plazoleta y la colocaci\u00f3n del portal que permite indicar el comienzo de la Localidad de Rivadavia.<\/p>\n<p><iframe loading=\"lazy\" title=\"DR FABI\u00c1N MART\u00cdN\" width=\"800\" height=\"450\" src=\"https:\/\/www.youtube.com\/embed\/e1-qPmD66hM?feature=oembed\" frameborder=\"0\" allow=\"accelerometer; autoplay; clipboard-write; encrypted-media; gyroscope; picture-in-picture; web-share\" allowfullscreen><\/iframe><\/p>\n<p>El Dr. Fabi\u00e1n Mart\u00edn fue ovacionado, aplaudido y saludado por la gente que se reuni\u00f3n en la inauguraci\u00f3n de la Plazoleta, despu\u00e9s de haber ganado la Elecciones 2023, el Domingo, 02 de Julio, en su calidad de Vicegobernador junto al Gobernador, Dr. Marcelo Orrego, por Cambia San Juan.<\/p>\n<p>Se descubri\u00f3 el Portal de Marquesado, muy iluminado que brinda una situaci\u00f3n para embellecer el espacio donde tambi\u00e9n, la gente espera el colectivo lo que permite mayor seguridad a los transe\u00fantes.<\/p>\n<p>Cuando se calm\u00f3 la euforia de los vecinos, se pudo cortar la tradicional la cinta dejando inaugurada la Plazoleta.<\/p>\n<p><img loading=\"lazy\" decoding=\"async\" class=\"alignnone size-full wp-image-60848\" src=\"https:\/\/vocesparalelas.com.ar\/sitio\/wp-content\/uploads\/2023\/07\/RIVADAVIA-MARQUESADO-05.jpg\" alt=\"\" width=\"800\" height=\"533\" srcset=\"https:\/\/vocesparalelas.com.ar\/sitio\/wp-content\/uploads\/2023\/07\/RIVADAVIA-MARQUESADO-05.jpg 800w, https:\/\/vocesparalelas.com.ar\/sitio\/wp-content\/uploads\/2023\/07\/RIVADAVIA-MARQUESADO-05-300x200.jpg 300w, https:\/\/vocesparalelas.com.ar\/sitio\/wp-content\/uploads\/2023\/07\/RIVADAVIA-MARQUESADO-05-768x512.jpg 768w\" sizes=\"auto, (max-width: 800px) 100vw, 800px\" \/><\/p>\n<p>Seguidamente, se trasladaron hacia el lugar donde se realiz\u00f3 el acto central. Es importante recordar que en ese lugar se transform\u00f3 porque siempre hab\u00edan accidentes de tr\u00e1nsitos fatales. Esa zona est\u00e1 muy llena de recuerdos para bendecir por aquellas almas. Fue la curva de los tontos. Sinceramente, los que circulan hacen la se\u00f1al de la cruz o reza o simplemente dice descansa en paz.<\/p>\n<p><img loading=\"lazy\" decoding=\"async\" class=\"alignnone size-full wp-image-60851\" src=\"https:\/\/vocesparalelas.com.ar\/sitio\/wp-content\/uploads\/2023\/07\/RIVADAVIA-MARQUESADO-08.jpg\" alt=\"\" width=\"800\" height=\"533\" srcset=\"https:\/\/vocesparalelas.com.ar\/sitio\/wp-content\/uploads\/2023\/07\/RIVADAVIA-MARQUESADO-08.jpg 800w, https:\/\/vocesparalelas.com.ar\/sitio\/wp-content\/uploads\/2023\/07\/RIVADAVIA-MARQUESADO-08-300x200.jpg 300w, https:\/\/vocesparalelas.com.ar\/sitio\/wp-content\/uploads\/2023\/07\/RIVADAVIA-MARQUESADO-08-768x512.jpg 768w\" sizes=\"auto, (max-width: 800px) 100vw, 800px\" \/><\/p>\n<p>Es una tradici\u00f3n que la Banda de M\u00fasica del RIM 22 \u201cTeniente Coronel Juan Manuel Cabot\u201d fue el responsable de acompa\u00f1ar el Himno Nacional Argentino.<\/p>\n<p><iframe loading=\"lazy\" title=\"RIM 22 HIMNO NACIONAL ARGENTINO\" width=\"800\" height=\"450\" src=\"https:\/\/www.youtube.com\/embed\/X9ehMx8hXLE?feature=oembed\" frameborder=\"0\" allow=\"accelerometer; autoplay; clipboard-write; encrypted-media; gyroscope; picture-in-picture; web-share\" allowfullscreen><\/iframe><\/p>\n<p>A continuaci\u00f3n, el Sacerdote de la Parroquia de Marquesado, Emiliano Pir\u00e1n Vargas, quien realiz\u00f3 la bendici\u00f3n de la Plazoleta y a los presentes para que disfruten el espacio en familia.<\/p>\n<p><iframe loading=\"lazy\" title=\"SACERDOTE MARQUESADO EMILIANO PIRAN VARGAS\" width=\"800\" height=\"450\" src=\"https:\/\/www.youtube.com\/embed\/g0MjhTgdC-w?feature=oembed\" frameborder=\"0\" allow=\"accelerometer; autoplay; clipboard-write; encrypted-media; gyroscope; picture-in-picture; web-share\" allowfullscreen><\/iframe><\/p>\n<p>&nbsp;<\/p>\n<p>Finalizado este evento religioso, el Sacerdote Emiliano Pir\u00e1n Vargas salud\u00f3 al Dr. Fabi\u00e1n Mart\u00edn por ganar las elecciones 2023 con Cambia San Juan junto al Gobernador, Dr. Marcelo Orrego, quienes tienen la responsabilidad a partir del 10 de Diciembre, guiar el destino de San Juan. Por ello, realiz\u00f3 una bendici\u00f3n especial y entreg\u00f3 un presente para que brinden el triunfo y guie su gesti\u00f3n. Adem\u00e1s, al intendente electo, Sergio Miodowsky.<\/p>\n<p><img loading=\"lazy\" decoding=\"async\" class=\"alignnone size-full wp-image-60850\" src=\"https:\/\/vocesparalelas.com.ar\/sitio\/wp-content\/uploads\/2023\/07\/RIVADAVIA-MARQUESADO-07.jpg\" alt=\"\" width=\"800\" height=\"533\" srcset=\"https:\/\/vocesparalelas.com.ar\/sitio\/wp-content\/uploads\/2023\/07\/RIVADAVIA-MARQUESADO-07.jpg 800w, https:\/\/vocesparalelas.com.ar\/sitio\/wp-content\/uploads\/2023\/07\/RIVADAVIA-MARQUESADO-07-300x200.jpg 300w, https:\/\/vocesparalelas.com.ar\/sitio\/wp-content\/uploads\/2023\/07\/RIVADAVIA-MARQUESADO-07-768x512.jpg 768w\" sizes=\"auto, (max-width: 800px) 100vw, 800px\" \/><\/p>\n<p>&nbsp;<\/p>\n<p><img loading=\"lazy\" decoding=\"async\" class=\"alignnone size-full wp-image-60849\" src=\"https:\/\/vocesparalelas.com.ar\/sitio\/wp-content\/uploads\/2023\/07\/RIVADAVIA-MARQUESADO-06.jpg\" alt=\"\" width=\"800\" height=\"533\" srcset=\"https:\/\/vocesparalelas.com.ar\/sitio\/wp-content\/uploads\/2023\/07\/RIVADAVIA-MARQUESADO-06.jpg 800w, https:\/\/vocesparalelas.com.ar\/sitio\/wp-content\/uploads\/2023\/07\/RIVADAVIA-MARQUESADO-06-300x200.jpg 300w, https:\/\/vocesparalelas.com.ar\/sitio\/wp-content\/uploads\/2023\/07\/RIVADAVIA-MARQUESADO-06-768x512.jpg 768w\" sizes=\"auto, (max-width: 800px) 100vw, 800px\" \/><\/p>\n<p>&nbsp;<\/p>\n<p><img loading=\"lazy\" decoding=\"async\" class=\"alignnone size-large wp-image-42675\" src=\"https:\/\/vocesparalelas.com.ar\/sitio\/wp-content\/uploads\/2021\/10\/RIVADAVIA-LOGO-800x600.jpg\" alt=\"\" width=\"800\" height=\"600\" srcset=\"https:\/\/vocesparalelas.com.ar\/sitio\/wp-content\/uploads\/2021\/10\/RIVADAVIA-LOGO-800x600.jpg 800w, https:\/\/vocesparalelas.com.ar\/sitio\/wp-content\/uploads\/2021\/10\/RIVADAVIA-LOGO-300x225.jpg 300w, https:\/\/vocesparalelas.com.ar\/sitio\/wp-content\/uploads\/2021\/10\/RIVADAVIA-LOGO-768x576.jpg 768w, https:\/\/vocesparalelas.com.ar\/sitio\/wp-content\/uploads\/2021\/10\/RIVADAVIA-LOGO.jpg 1024w\" sizes=\"auto, (max-width: 800px) 100vw, 800px\" \/><\/p>\n<p>&nbsp;<\/p>\n<p>&nbsp;<\/p>\n","protected":false},"excerpt":{"rendered":"<p>La Municipalidad de Rivadavia contin\u00faa trabajando en obras de espacios verdes o plaza seca. En esta oportunidad una Plazoleta que<\/p>\n","protected":false},"author":3,"featured_media":60847,"comment_status":"closed","ping_status":"closed","sticky":false,"template":"","format":"standard","meta":{"_acf_changed":false,"_seopress_robots_primary_cat":"none","_seopress_titles_title":"","_seopress_titles_desc":"","_seopress_robots_index":"","colormag_page_container_layout":"default_layout","colormag_page_sidebar_layout":"default_layout","footnotes":""},"categories":[1,7],"tags":[],"class_list":["post-60841","post","type-post","status-publish","format-standard","has-post-thumbnail","hentry","category-destacadas","category-videos"],"acf":[],"_links":{"self":[{"href":"https:\/\/vocesparalelas.com.ar\/sitio\/wp-json\/wp\/v2\/posts\/60841","targetHints":{"allow":["GET"]}}],"collection":[{"href":"https:\/\/vocesparalelas.com.ar\/sitio\/wp-json\/wp\/v2\/posts"}],"about":[{"href":"https:\/\/vocesparalelas.com.ar\/sitio\/wp-json\/wp\/v2\/types\/post"}],"author":[{"embeddable":true,"href":"https:\/\/vocesparalelas.com.ar\/sitio\/wp-json\/wp\/v2\/users\/3"}],"replies":[{"embeddable":true,"href":"https:\/\/vocesparalelas.com.ar\/sitio\/wp-json\/wp\/v2\/comments?post=60841"}],"version-history":[{"count":3,"href":"https:\/\/vocesparalelas.com.ar\/sitio\/wp-json\/wp\/v2\/posts\/60841\/revisions"}],"predecessor-version":[{"id":60854,"href":"https:\/\/vocesparalelas.com.ar\/sitio\/wp-json\/wp\/v2\/posts\/60841\/revisions\/60854"}],"wp:featuredmedia":[{"embeddable":true,"href":"https:\/\/vocesparalelas.com.ar\/sitio\/wp-json\/wp\/v2\/media\/60847"}],"wp:attachment":[{"href":"https:\/\/vocesparalelas.com.ar\/sitio\/wp-json\/wp\/v2\/media?parent=60841"}],"wp:term":[{"taxonomy":"category","embeddable":true,"href":"https:\/\/vocesparalelas.com.ar\/sitio\/wp-json\/wp\/v2\/categories?post=60841"},{"taxonomy":"post_tag","embeddable":true,"href":"https:\/\/vocesparalelas.com.ar\/sitio\/wp-json\/wp\/v2\/tags?post=60841"}],"curies":[{"name":"wp","href":"https:\/\/api.w.org\/{rel}","templated":true}]}}