{"id":60835,"date":"2023-07-04T21:07:17","date_gmt":"2023-07-05T00:07:17","guid":{"rendered":"https:\/\/vocesparalelas.com.ar\/sitio\/?p=60835"},"modified":"2023-07-06T13:27:08","modified_gmt":"2023-07-06T16:27:08","slug":"fortalecimiento-gratuito-para-finalizar-la-secundaria-tecnica-para-aquellos-que-adeuden-materias-en-san-juan","status":"publish","type":"post","link":"https:\/\/vocesparalelas.com.ar\/sitio\/fortalecimiento-gratuito-para-finalizar-la-secundaria-tecnica-para-aquellos-que-adeuden-materias-en-san-juan\/","title":{"rendered":"Fortalecimiento gratuito para finalizar la Secundaria T\u00e9cnica para aquellos que adeuden materias en San Juan"},"content":{"rendered":"<p>La Direcci\u00f3n de Educaci\u00f3n Secundaria T\u00e9cnica y Formaci\u00f3n Profesional del Ministerio de Educaci\u00f3n del Gobierno de San Juan informa que comenzaron las tutor\u00edas gratuitas presenciales de fortalecimiento para alumnos que terminaron de cursar el \u00faltimo a\u00f1o y que tienen materias pendientes de aprobaci\u00f3n en alguna escuela secundaria:<\/p>\n<ul>\n<li>T\u00e9cnica,<\/li>\n<li>Agrot\u00e9cnica o<\/li>\n<li>Agroindustrial.<\/li>\n<\/ul>\n<p>No importa la cantidad de materias.<\/p>\n<p>Las tutor\u00edas se desarrollan en la Escuela Industrial Domingo F. Sarmiento, de 9 a 13 horas<\/p>\n<p><img loading=\"lazy\" decoding=\"async\" class=\"alignnone size-full wp-image-39108\" src=\"https:\/\/vocesparalelas.com.ar\/sitio\/wp-content\/uploads\/2021\/06\/EIDFS.jpg\" alt=\"\" width=\"800\" height=\"600\" srcset=\"https:\/\/vocesparalelas.com.ar\/sitio\/wp-content\/uploads\/2021\/06\/EIDFS.jpg 800w, https:\/\/vocesparalelas.com.ar\/sitio\/wp-content\/uploads\/2021\/06\/EIDFS-300x225.jpg 300w, https:\/\/vocesparalelas.com.ar\/sitio\/wp-content\/uploads\/2021\/06\/EIDFS-768x576.jpg 768w\" sizes=\"auto, (max-width: 800px) 100vw, 800px\" \/><\/p>\n<p>Las materias son: Matem\u00e1tica, Lengua y Literatura, Ingl\u00e9s , Qu\u00edmica y Derecho.<\/p>\n<p>Por consultas o inscripciones, deben comunicarse al email:\u00a0<span id=\"cloak125e283d0c7ccddb27a7926e6bda017c\"><a href=\"mailto:finestecsj@gmail.com\">finestecsj@gmail.com<\/a><\/span>\u00a0&#8211; o en horario de 8 a 13 comunicarse al 4305291.<\/p>\n","protected":false},"excerpt":{"rendered":"<p>La Direcci\u00f3n de Educaci\u00f3n Secundaria T\u00e9cnica y Formaci\u00f3n Profesional del Ministerio de Educaci\u00f3n del Gobierno de San Juan informa que<\/p>\n","protected":false},"author":3,"featured_media":57427,"comment_status":"closed","ping_status":"closed","sticky":false,"template":"","format":"standard","meta":{"_acf_changed":false,"_seopress_robots_primary_cat":"none","_seopress_titles_title":"","_seopress_titles_desc":"","_seopress_robots_index":"","colormag_page_container_layout":"default_layout","colormag_page_sidebar_layout":"default_layout","footnotes":""},"categories":[5],"tags":[],"class_list":["post-60835","post","type-post","status-publish","format-standard","has-post-thumbnail","hentry","category-ofrecimientos"],"acf":[],"_links":{"self":[{"href":"https:\/\/vocesparalelas.com.ar\/sitio\/wp-json\/wp\/v2\/posts\/60835","targetHints":{"allow":["GET"]}}],"collection":[{"href":"https:\/\/vocesparalelas.com.ar\/sitio\/wp-json\/wp\/v2\/posts"}],"about":[{"href":"https:\/\/vocesparalelas.com.ar\/sitio\/wp-json\/wp\/v2\/types\/post"}],"author":[{"embeddable":true,"href":"https:\/\/vocesparalelas.com.ar\/sitio\/wp-json\/wp\/v2\/users\/3"}],"replies":[{"embeddable":true,"href":"https:\/\/vocesparalelas.com.ar\/sitio\/wp-json\/wp\/v2\/comments?post=60835"}],"version-history":[{"count":3,"href":"https:\/\/vocesparalelas.com.ar\/sitio\/wp-json\/wp\/v2\/posts\/60835\/revisions"}],"predecessor-version":[{"id":60840,"href":"https:\/\/vocesparalelas.com.ar\/sitio\/wp-json\/wp\/v2\/posts\/60835\/revisions\/60840"}],"wp:featuredmedia":[{"embeddable":true,"href":"https:\/\/vocesparalelas.com.ar\/sitio\/wp-json\/wp\/v2\/media\/57427"}],"wp:attachment":[{"href":"https:\/\/vocesparalelas.com.ar\/sitio\/wp-json\/wp\/v2\/media?parent=60835"}],"wp:term":[{"taxonomy":"category","embeddable":true,"href":"https:\/\/vocesparalelas.com.ar\/sitio\/wp-json\/wp\/v2\/categories?post=60835"},{"taxonomy":"post_tag","embeddable":true,"href":"https:\/\/vocesparalelas.com.ar\/sitio\/wp-json\/wp\/v2\/tags?post=60835"}],"curies":[{"name":"wp","href":"https:\/\/api.w.org\/{rel}","templated":true}]}}