{"id":60830,"date":"2023-07-04T21:00:39","date_gmt":"2023-07-05T00:00:39","guid":{"rendered":"https:\/\/vocesparalelas.com.ar\/sitio\/?p=60830"},"modified":"2023-07-06T14:15:56","modified_gmt":"2023-07-06T17:15:56","slug":"curso-de-formacion-profesional-para-soldador-en-san-juan","status":"publish","type":"post","link":"https:\/\/vocesparalelas.com.ar\/sitio\/curso-de-formacion-profesional-para-soldador-en-san-juan\/","title":{"rendered":"Curso de formaci\u00f3n profesional para soldador en San Juan"},"content":{"rendered":"<p>El Ministerio de Producci\u00f3n y Desarrollo Econ\u00f3mico del Gobierno de San Juan inscribe para el<strong>\u00a0c<\/strong>urso de formaci\u00f3n profesional para soldador\u00a0a realizarse en el Centro de Formaci\u00f3n Profesional N\u00b01 de Rawson.<\/p>\n<p>La misma se extiende hasta el 18 de Julio y est\u00e1 destinada a mayores de 18 a\u00f1os que cuenten con primario completo.<\/p>\n<p>Los interesados deben completar el siguiente formulario:<\/p>\n<p><a href=\"https:\/\/bit.ly\/Soldador-Rawson\">https:\/\/bit.ly\/Soldador-Rawson<\/a><\/p>\n<p>Cabe destacar que la capacitaci\u00f3n tiene cupo limitado. Completar el formulario no asegura su participaci\u00f3n, la misma se confirmar\u00e1 s\u00f3lo por v\u00eda telef\u00f3nica. Esta iniciativa parte de la Secretar\u00eda de Industria, Comercio y Servicios a trav\u00e9s de la Direcci\u00f3n de Empleo y Formaci\u00f3n.<\/p>\n<p>La capacitaci\u00f3n se desarrolla en el Centro de Formaci\u00f3n Profesional N\u00ba1 de Rawson ubicado en Alvear 3479 sur, Barrio Belgrano de Lunes a Viernes, horario vespertino, comenzando en Julio y culminando en Diciembre de 2023.<\/p>\n<p><strong><span style=\"color: #339966;\">Alcance del perfil profesional<\/span><\/strong><\/p>\n<p>El egresado est\u00e1 capacitado, de acuerdo a las actividades que se desarrollan en el Perfil Profesional, para trabajar en una l\u00ednea de ensamble, construcci\u00f3n y reparaci\u00f3n de maquinarias, estructuras y otros, realizando uniones y rellenado de metales por medio de un proceso de soldadura y el corte de materiales por medio de equipos oxicortes y plasma, tomando como referencia una orden de trabajo, una muestra o un plano de fabricaci\u00f3n.<\/p>\n<p>Este profesional requiere la supervisi\u00f3n establecida por las normativas de car\u00e1cter internacional o internas de \u00e1mbito laboral sobre los procedimientos de soldadura en los que \u00e9l act\u00faa.<\/p>\n<p><span style=\"color: #339966;\"><strong>\u00c1rea ocupacional<\/strong><\/span><\/p>\n<p>El Soldador se puede desempe\u00f1ar en:<\/p>\n<ul>\n<li>L\u00edneas de ensamble.<\/li>\n<li>Construcci\u00f3n y reparaci\u00f3n de maquinaria.<\/li>\n<li>En construcci\u00f3n de estructuras met\u00e1licas y remodelaci\u00f3n.<\/li>\n<li>Construcci\u00f3n de estructuras livianas, plataformas e instalaciones industriales.<\/li>\n<li>Corte de materiales por plasma y por oxicorte.<\/li>\n<li>Puede desempe\u00f1arse en empresas de distintos rubros que disponen un sector propio de mantenimiento efectuando tareas de recuperaci\u00f3n de piezas, soldando y\/o rellenando piezas da\u00f1adas y dem\u00e1s.<\/li>\n<\/ul>\n","protected":false},"excerpt":{"rendered":"<p>El Ministerio de Producci\u00f3n y Desarrollo Econ\u00f3mico del Gobierno de San Juan inscribe para el\u00a0curso de formaci\u00f3n profesional para soldador\u00a0a<\/p>\n","protected":false},"author":3,"featured_media":60833,"comment_status":"closed","ping_status":"closed","sticky":false,"template":"","format":"standard","meta":{"_acf_changed":false,"_seopress_robots_primary_cat":"none","_seopress_titles_title":"","_seopress_titles_desc":"","_seopress_robots_index":"","colormag_page_container_layout":"default_layout","colormag_page_sidebar_layout":"default_layout","footnotes":""},"categories":[9],"tags":[],"class_list":["post-60830","post","type-post","status-publish","format-standard","has-post-thumbnail","hentry","category-cursos"],"acf":[],"_links":{"self":[{"href":"https:\/\/vocesparalelas.com.ar\/sitio\/wp-json\/wp\/v2\/posts\/60830","targetHints":{"allow":["GET"]}}],"collection":[{"href":"https:\/\/vocesparalelas.com.ar\/sitio\/wp-json\/wp\/v2\/posts"}],"about":[{"href":"https:\/\/vocesparalelas.com.ar\/sitio\/wp-json\/wp\/v2\/types\/post"}],"author":[{"embeddable":true,"href":"https:\/\/vocesparalelas.com.ar\/sitio\/wp-json\/wp\/v2\/users\/3"}],"replies":[{"embeddable":true,"href":"https:\/\/vocesparalelas.com.ar\/sitio\/wp-json\/wp\/v2\/comments?post=60830"}],"version-history":[{"count":1,"href":"https:\/\/vocesparalelas.com.ar\/sitio\/wp-json\/wp\/v2\/posts\/60830\/revisions"}],"predecessor-version":[{"id":60834,"href":"https:\/\/vocesparalelas.com.ar\/sitio\/wp-json\/wp\/v2\/posts\/60830\/revisions\/60834"}],"wp:featuredmedia":[{"embeddable":true,"href":"https:\/\/vocesparalelas.com.ar\/sitio\/wp-json\/wp\/v2\/media\/60833"}],"wp:attachment":[{"href":"https:\/\/vocesparalelas.com.ar\/sitio\/wp-json\/wp\/v2\/media?parent=60830"}],"wp:term":[{"taxonomy":"category","embeddable":true,"href":"https:\/\/vocesparalelas.com.ar\/sitio\/wp-json\/wp\/v2\/categories?post=60830"},{"taxonomy":"post_tag","embeddable":true,"href":"https:\/\/vocesparalelas.com.ar\/sitio\/wp-json\/wp\/v2\/tags?post=60830"}],"curies":[{"name":"wp","href":"https:\/\/api.w.org\/{rel}","templated":true}]}}