{"id":60821,"date":"2023-07-04T19:23:36","date_gmt":"2023-07-04T22:23:36","guid":{"rendered":"https:\/\/vocesparalelas.com.ar\/sitio\/?p=60821"},"modified":"2023-07-04T19:24:13","modified_gmt":"2023-07-04T22:24:13","slug":"programa-mujeres-sanas-en-la-osp-san-juan","status":"publish","type":"post","link":"https:\/\/vocesparalelas.com.ar\/sitio\/programa-mujeres-sanas-en-la-osp-san-juan\/","title":{"rendered":"Programa \u201cMujeres + Sanas\u201d en la OSP San Juan"},"content":{"rendered":"<p>Con la presencia de profesionales pertenecientes a Obra Social Provincia, la Direcci\u00f3n de Materno Infancia del Ministerio de Salud P\u00fablica del Gobierno de San Juan y del Colegio Fisiokin\u00e9sico de San Juan, se llev\u00f3 a cabo un nuevo operativo de salud destinado a detectar patolog\u00edas mamarias a trav\u00e9s de los \u201cparches autoadhesivos\u201d que complementan el estudio de la salud de las mamas de una manera r\u00e1pida, accesible y sin dolor.<\/p>\n<p>Esta actividad se encuentra enmarcada en el programa de Gobierno \u201cMujeres + Sanas\u201d y en esta ocasi\u00f3n se colocaron a las integrantes del Programa del Adulto Mayor de OSP &#8211; PAM -, cuyo objetivo es incentivar la promoci\u00f3n de la salud para una detecci\u00f3n precoz del c\u00e1ncer de mama, su diagn\u00f3stico y la gesti\u00f3n integral de esta enfermedad.<\/p>\n<p>Seg\u00fan explicaron los profesionales m\u00e9dicos a las mujeres presentes, los dispositivos, que son descartables, miden la diferencia de temperatura de los senos.<\/p>\n<p>Cuentan con m\u00e1s de 1.100 sensores que miden la temperatura en tres ubicaciones clave en cada mama, y de esta manera se pueda identificar la actividad celular anormal.<\/p>\n<p>En el caso que el estudio arroje un resultado negativo, entonces, el seguimiento se realiza seg\u00fan normas vigentes de acuerdo a edad y riesgo mientras en caso de resultado positivo, se procede a la derivaci\u00f3n al nivel de complejidad conveniente para completar el estudio y tratamiento requerido en cada caso.<\/p>\n<p>&nbsp;<\/p>\n<p><img loading=\"lazy\" decoding=\"async\" class=\"alignnone size-large wp-image-10321\" src=\"https:\/\/vocesparalelas.com.ar\/sitio\/wp-content\/uploads\/2018\/02\/OSP-EDIFICIO-10-800x534.jpg\" alt=\"\" width=\"800\" height=\"534\" srcset=\"https:\/\/vocesparalelas.com.ar\/sitio\/wp-content\/uploads\/2018\/02\/OSP-EDIFICIO-10-800x534.jpg 800w, https:\/\/vocesparalelas.com.ar\/sitio\/wp-content\/uploads\/2018\/02\/OSP-EDIFICIO-10-300x200.jpg 300w, https:\/\/vocesparalelas.com.ar\/sitio\/wp-content\/uploads\/2018\/02\/OSP-EDIFICIO-10-768x512.jpg 768w, https:\/\/vocesparalelas.com.ar\/sitio\/wp-content\/uploads\/2018\/02\/OSP-EDIFICIO-10.jpg 1000w\" sizes=\"auto, (max-width: 800px) 100vw, 800px\" \/><\/p>\n","protected":false},"excerpt":{"rendered":"<p>Con la presencia de profesionales pertenecientes a Obra Social Provincia, la Direcci\u00f3n de Materno Infancia del Ministerio de Salud P\u00fablica<\/p>\n","protected":false},"author":3,"featured_media":60824,"comment_status":"closed","ping_status":"closed","sticky":false,"template":"","format":"standard","meta":{"_acf_changed":false,"_seopress_robots_primary_cat":"none","_seopress_titles_title":"","_seopress_titles_desc":"","_seopress_robots_index":"","colormag_page_container_layout":"default_layout","colormag_page_sidebar_layout":"default_layout","footnotes":""},"categories":[1],"tags":[],"class_list":["post-60821","post","type-post","status-publish","format-standard","has-post-thumbnail","hentry","category-destacadas"],"acf":[],"_links":{"self":[{"href":"https:\/\/vocesparalelas.com.ar\/sitio\/wp-json\/wp\/v2\/posts\/60821","targetHints":{"allow":["GET"]}}],"collection":[{"href":"https:\/\/vocesparalelas.com.ar\/sitio\/wp-json\/wp\/v2\/posts"}],"about":[{"href":"https:\/\/vocesparalelas.com.ar\/sitio\/wp-json\/wp\/v2\/types\/post"}],"author":[{"embeddable":true,"href":"https:\/\/vocesparalelas.com.ar\/sitio\/wp-json\/wp\/v2\/users\/3"}],"replies":[{"embeddable":true,"href":"https:\/\/vocesparalelas.com.ar\/sitio\/wp-json\/wp\/v2\/comments?post=60821"}],"version-history":[{"count":1,"href":"https:\/\/vocesparalelas.com.ar\/sitio\/wp-json\/wp\/v2\/posts\/60821\/revisions"}],"predecessor-version":[{"id":60825,"href":"https:\/\/vocesparalelas.com.ar\/sitio\/wp-json\/wp\/v2\/posts\/60821\/revisions\/60825"}],"wp:featuredmedia":[{"embeddable":true,"href":"https:\/\/vocesparalelas.com.ar\/sitio\/wp-json\/wp\/v2\/media\/60824"}],"wp:attachment":[{"href":"https:\/\/vocesparalelas.com.ar\/sitio\/wp-json\/wp\/v2\/media?parent=60821"}],"wp:term":[{"taxonomy":"category","embeddable":true,"href":"https:\/\/vocesparalelas.com.ar\/sitio\/wp-json\/wp\/v2\/categories?post=60821"},{"taxonomy":"post_tag","embeddable":true,"href":"https:\/\/vocesparalelas.com.ar\/sitio\/wp-json\/wp\/v2\/tags?post=60821"}],"curies":[{"name":"wp","href":"https:\/\/api.w.org\/{rel}","templated":true}]}}