{"id":60810,"date":"2023-07-04T17:34:06","date_gmt":"2023-07-04T20:34:06","guid":{"rendered":"https:\/\/vocesparalelas.com.ar\/sitio\/?p=60810"},"modified":"2023-07-04T17:53:34","modified_gmt":"2023-07-04T20:53:34","slug":"martina-chapanay-mujer-de-cinco-mil-batallas-y-el-orgullo-de-agostina-heredia-por-actuar","status":"publish","type":"post","link":"https:\/\/vocesparalelas.com.ar\/sitio\/martina-chapanay-mujer-de-cinco-mil-batallas-y-el-orgullo-de-agostina-heredia-por-actuar\/","title":{"rendered":"Martina Chapanay: Mujer de cinco mil batallas y el orgullo de Agostina Heredia por actuar"},"content":{"rendered":"<p>Hace unas semanas se estren\u00f3 la serie de ficci\u00f3n hist\u00f3rica\u00a0Martina Chapanay: Mujer de cinco mil batallas, dirigida por Miguel \u00c1ngel Roca, sobre guion de Santiago Ambao.<\/p>\n<p>La serie se estren\u00f3 en el Canal Encuentro con ocho cap\u00edtulos. Martina fue interpretada por Charo Bogar\u00edn, Martina adulta, Paloma Contreras, Martina joven y Agostina Heredia, Martina adolescente.<\/p>\n<p>Adem\u00e1s, se cont\u00f3 con la participaci\u00f3n de 43 actores locales y alrededor de 200 extras. Completan el elenco Marcelo Subiotto, Juan Francisco Barberini, Jos\u00e9 Domingo Annecchini, Juan Manuel Alari, Diego Gallardo, Pablo Garc\u00eda Plandolit, Edgardo Marchiori, Juan Pablo Gonz\u00e1lez Da Silva, Pilar Mestre del Bono, Gayl Braddix, Wanda Abner y Malena Moreno.<\/p>\n<p>Es importante destacar que, Agostina Heredia es estudiante del Instituto Preuniversitario de la de la Universidad Nacional de San Juan Escuela de Comercio \u00abLibertador General San Mart\u00edn\u00bb y tambi\u00e9n, fue pasante de Prensa de la Secretar\u00eda de Comunicaci\u00f3n de la UNSJ.<\/p>\n<p>A ella le toc\u00f3 interpretar a Martina en su etapa adolescente. Al respecto, coment\u00f3 su experiencia que \u00abel a\u00f1o pasado, en mayo, me enter\u00e9 del casting de Martina Chapanay por mi profesor de Teatro en Danza. Me present\u00e9 con la ilusi\u00f3n que me eligieran para interpretar cualquier papel, lo que yo quer\u00eda era participar s\u00ed o s\u00ed pero nunca me imagin\u00e9 que me elegir\u00edan para representar a la mism\u00edsima Martina, junto con las actrices Charo Bogarin y Paloma Contreras.<\/p>\n<p>Tres d\u00edas despu\u00e9s del casting me llamaron y me dijeron que ten\u00eda que juntarme con una de las personas del \u00c1rea de Direcci\u00f3n y otra participante m\u00e1s para definir bien qui\u00e9n era la indicada. Y me eligieron de nuevo. Ah\u00ed me informaron bien como ser\u00eda el manejo del rodaje de la serie\u201d.<\/p>\n<p><img loading=\"lazy\" decoding=\"async\" class=\"alignnone size-full wp-image-60814\" src=\"https:\/\/vocesparalelas.com.ar\/sitio\/wp-content\/uploads\/2023\/07\/ESCUELA-COMERCIO-CHAPANAY-02.jpg\" alt=\"\" width=\"800\" height=\"418\" srcset=\"https:\/\/vocesparalelas.com.ar\/sitio\/wp-content\/uploads\/2023\/07\/ESCUELA-COMERCIO-CHAPANAY-02.jpg 800w, https:\/\/vocesparalelas.com.ar\/sitio\/wp-content\/uploads\/2023\/07\/ESCUELA-COMERCIO-CHAPANAY-02-300x157.jpg 300w, https:\/\/vocesparalelas.com.ar\/sitio\/wp-content\/uploads\/2023\/07\/ESCUELA-COMERCIO-CHAPANAY-02-768x401.jpg 768w, https:\/\/vocesparalelas.com.ar\/sitio\/wp-content\/uploads\/2023\/07\/ESCUELA-COMERCIO-CHAPANAY-02-390x205.jpg 390w\" sizes=\"auto, (max-width: 800px) 100vw, 800px\" \/><\/p>\n<p>Sobre la preparaci\u00f3n que tuvo para realizar el papel, Agostina explic\u00f3 que \u00abantes de ir a Rodeo, lugar d\u00f3nde se film\u00f3 la serie, me estudi\u00e9 el gui\u00f3n y tambi\u00e9n consult\u00e9 con adultos que frecuento qui\u00e9n fue Martina. Ya en el rodaje me sent\u00ed muy nerviosa pero feliz. Fue mi primera vez actuando y destaco el desempe\u00f1o impecable de todo el equipo de trabajo y elenco, agradezco sus atenciones conmigo, me sent\u00ed muy mimada\u201d.<\/p>\n<p>Sobre la experiencia de interpretar ese papel, la actriz indic\u00f3 que \u00abfue un gran laburo y ahora podemos apreciar sus frutos en la pantalla p\u00fablica. Considero s\u00faper importante que se hagan visibles a todas aquellas personas que en alg\u00fan momento lucharon por la libertad c\u00f3mo lo hizo Martina Chapanay. La serie se llama \u201cMartina Chapanay, mujer de cinco mil batallas\u201d porque la pregunta es qu\u00e9 no hizo ella para conseguir la libertad. Su lucha fue admirable en verdad. Quiero dejar un mensaje para todos los lectores: \u2018no llegaremos a ning\u00fan lado si no damos el primer paso\u2019. Con esto me refiero a que tienen que intentar, tienen que arriesgarse a perseguir sus sue\u00f1os. Es muy lindo realizar actividades que enriquezcan la cultura de la provincia y mucho m\u00e1s introducirse en el arte de disfrutar, cada granito de arena que aportamos es magn\u00edfico\u201d.<\/p>\n<p><img loading=\"lazy\" decoding=\"async\" class=\"alignnone size-large wp-image-14441\" src=\"https:\/\/vocesparalelas.com.ar\/sitio\/wp-content\/uploads\/2018\/08\/UNSJ-EIDFS001-800x574.jpg\" alt=\"\" width=\"800\" height=\"574\" srcset=\"https:\/\/vocesparalelas.com.ar\/sitio\/wp-content\/uploads\/2018\/08\/UNSJ-EIDFS001-800x574.jpg 800w, https:\/\/vocesparalelas.com.ar\/sitio\/wp-content\/uploads\/2018\/08\/UNSJ-EIDFS001-300x215.jpg 300w, https:\/\/vocesparalelas.com.ar\/sitio\/wp-content\/uploads\/2018\/08\/UNSJ-EIDFS001-768x551.jpg 768w, https:\/\/vocesparalelas.com.ar\/sitio\/wp-content\/uploads\/2018\/08\/UNSJ-EIDFS001.jpg 1000w\" sizes=\"auto, (max-width: 800px) 100vw, 800px\" \/><\/p>\n<p>&nbsp;<\/p>\n<p>&nbsp;<\/p>\n","protected":false},"excerpt":{"rendered":"<p>Hace unas semanas se estren\u00f3 la serie de ficci\u00f3n hist\u00f3rica\u00a0Martina Chapanay: Mujer de cinco mil batallas, dirigida por Miguel \u00c1ngel<\/p>\n","protected":false},"author":3,"featured_media":60813,"comment_status":"closed","ping_status":"closed","sticky":false,"template":"","format":"standard","meta":{"_acf_changed":false,"_seopress_robots_primary_cat":"none","_seopress_titles_title":"","_seopress_titles_desc":"","_seopress_robots_index":"","colormag_page_container_layout":"default_layout","colormag_page_sidebar_layout":"default_layout","footnotes":""},"categories":[1],"tags":[],"class_list":["post-60810","post","type-post","status-publish","format-standard","has-post-thumbnail","hentry","category-destacadas"],"acf":[],"_links":{"self":[{"href":"https:\/\/vocesparalelas.com.ar\/sitio\/wp-json\/wp\/v2\/posts\/60810","targetHints":{"allow":["GET"]}}],"collection":[{"href":"https:\/\/vocesparalelas.com.ar\/sitio\/wp-json\/wp\/v2\/posts"}],"about":[{"href":"https:\/\/vocesparalelas.com.ar\/sitio\/wp-json\/wp\/v2\/types\/post"}],"author":[{"embeddable":true,"href":"https:\/\/vocesparalelas.com.ar\/sitio\/wp-json\/wp\/v2\/users\/3"}],"replies":[{"embeddable":true,"href":"https:\/\/vocesparalelas.com.ar\/sitio\/wp-json\/wp\/v2\/comments?post=60810"}],"version-history":[{"count":2,"href":"https:\/\/vocesparalelas.com.ar\/sitio\/wp-json\/wp\/v2\/posts\/60810\/revisions"}],"predecessor-version":[{"id":60816,"href":"https:\/\/vocesparalelas.com.ar\/sitio\/wp-json\/wp\/v2\/posts\/60810\/revisions\/60816"}],"wp:featuredmedia":[{"embeddable":true,"href":"https:\/\/vocesparalelas.com.ar\/sitio\/wp-json\/wp\/v2\/media\/60813"}],"wp:attachment":[{"href":"https:\/\/vocesparalelas.com.ar\/sitio\/wp-json\/wp\/v2\/media?parent=60810"}],"wp:term":[{"taxonomy":"category","embeddable":true,"href":"https:\/\/vocesparalelas.com.ar\/sitio\/wp-json\/wp\/v2\/categories?post=60810"},{"taxonomy":"post_tag","embeddable":true,"href":"https:\/\/vocesparalelas.com.ar\/sitio\/wp-json\/wp\/v2\/tags?post=60810"}],"curies":[{"name":"wp","href":"https:\/\/api.w.org\/{rel}","templated":true}]}}