{"id":60793,"date":"2023-07-03T21:34:08","date_gmt":"2023-07-04T00:34:08","guid":{"rendered":"https:\/\/vocesparalelas.com.ar\/sitio\/?p=60793"},"modified":"2023-07-04T00:34:23","modified_gmt":"2023-07-04T03:34:23","slug":"el-cs-de-la-unsj-definio-las-distinciones-para-los-docentes-destacados","status":"publish","type":"post","link":"https:\/\/vocesparalelas.com.ar\/sitio\/el-cs-de-la-unsj-definio-las-distinciones-para-los-docentes-destacados\/","title":{"rendered":"El CS de la UNSJ defini\u00f3 las distinciones para los docentes destacados"},"content":{"rendered":"<p>Como estaba previsto, sesion\u00f3 ayer el Consejo Superior de la UNSJ, ya reintegrado a su lugar habitual en el tercer piso del Edificio Central.<\/p>\n<p>Dentro del temario contenido en el orden del d\u00eda, se debatieron y aprobaron distintos temas provenientes del Tribunal Acad\u00e9mico, relacionados con cuestiones operativas del mismo.<\/p>\n<p>Tambi\u00e9n, quedaron integradas dos nuevas comisiones ad-hoc, que tendr\u00e1n a su cargo temas espec\u00edficos, tales como la reglamentaci\u00f3n con la que debe funcionar la Junta de Clasificaci\u00f3n Docente que entiende en los llamados a cargos para los tres institutos preuniversitarios y la reglamentaci\u00f3n de concursos dentro de la carrera docente.<\/p>\n<p>En otro orden, el cuerpo tom\u00f3 conocimiento de actas paritarias tanto del sector docente como nodocente, resultando como novedad importante la finalizaci\u00f3n del ciclo de titularizaci\u00f3n en el marco del art\u00edculo 73 del Convenio Colectivo de Trabajo que rige a los docentes.<\/p>\n<p>Tambi\u00e9n se consider\u00f3 una propuesta de jerarquizaci\u00f3n de la planta nodocente, elaborada por la Secretar\u00eda Administrativo Financiera, que fue aprobada por el Consejo, por 33 votos a favor y dos abstenciones.<\/p>\n<p>Para dar cumplimiento al proceso electoral, el cuerpo proclam\u00f3 a los nuevos consejeros electos de los estamentos egresados y estudiantes, agradeciendo a su vez el trabajo desempe\u00f1ado por quienes ayer asistieron por \u00faltima vez en calidad de tales.<\/p>\n<p>Un expediente proveniente de la Comisi\u00f3n de Distinciones Honor\u00edficas tambi\u00e9n fue tratado y aprobado, decidiendo la entrega de las siguientes distinciones:<\/p>\n<p><span style=\"color: #0000ff;\"><strong>Personalidad Destacada<\/strong><\/span><\/p>\n<ul>\n<li>Profesora Ana Luc\u00eda Frega, Facultad de Filosof\u00eda, Humanidades y Artes.<\/li>\n<\/ul>\n<p><strong><span style=\"color: #0000ff;\">Profesor Extraordinario Em\u00e9rito<\/span><\/strong><\/p>\n<ul>\n<li>\u00c1ngel C\u00e9sar Veca y Ricardo Carelli, Facultad de Ingenier\u00eda y<\/li>\n<li>Arnobio Germ\u00e1n Poblete (Facultad de Filosof\u00eda, Humanidades y Artes.<\/li>\n<\/ul>\n<p>Finalmente, el cuerpo se constituy\u00f3 en sesi\u00f3n reservada (secreta) a propuesta del presidente, Ing. Tadeo Berenguer, para debatir un tema espec\u00edfico cuyo tratamiento requer\u00eda esa condici\u00f3n.<\/p>\n<p>&nbsp;<\/p>\n<p><img loading=\"lazy\" decoding=\"async\" class=\"alignnone size-full wp-image-53945\" src=\"https:\/\/vocesparalelas.com.ar\/sitio\/wp-content\/uploads\/2022\/10\/UNSJ-LOGO-50-FINAL.jpg\" alt=\"\" width=\"800\" height=\"476\" srcset=\"https:\/\/vocesparalelas.com.ar\/sitio\/wp-content\/uploads\/2022\/10\/UNSJ-LOGO-50-FINAL.jpg 800w, https:\/\/vocesparalelas.com.ar\/sitio\/wp-content\/uploads\/2022\/10\/UNSJ-LOGO-50-FINAL-300x179.jpg 300w, https:\/\/vocesparalelas.com.ar\/sitio\/wp-content\/uploads\/2022\/10\/UNSJ-LOGO-50-FINAL-768x457.jpg 768w\" sizes=\"auto, (max-width: 800px) 100vw, 800px\" \/><\/p>\n<p><img loading=\"lazy\" decoding=\"async\" class=\"alignnone size-full wp-image-54035\" src=\"https:\/\/vocesparalelas.com.ar\/sitio\/wp-content\/uploads\/2022\/11\/UNSJ-LOGO-10.jpg\" alt=\"\" width=\"800\" height=\"533\" srcset=\"https:\/\/vocesparalelas.com.ar\/sitio\/wp-content\/uploads\/2022\/11\/UNSJ-LOGO-10.jpg 800w, https:\/\/vocesparalelas.com.ar\/sitio\/wp-content\/uploads\/2022\/11\/UNSJ-LOGO-10-300x200.jpg 300w, https:\/\/vocesparalelas.com.ar\/sitio\/wp-content\/uploads\/2022\/11\/UNSJ-LOGO-10-768x512.jpg 768w\" sizes=\"auto, (max-width: 800px) 100vw, 800px\" \/><\/p>\n","protected":false},"excerpt":{"rendered":"<p>Como estaba previsto, sesion\u00f3 ayer el Consejo Superior de la UNSJ, ya reintegrado a su lugar habitual en el tercer<\/p>\n","protected":false},"author":3,"featured_media":54097,"comment_status":"closed","ping_status":"closed","sticky":false,"template":"","format":"standard","meta":{"_acf_changed":false,"_seopress_robots_primary_cat":"none","_seopress_titles_title":"","_seopress_titles_desc":"","_seopress_robots_index":"","colormag_page_container_layout":"default_layout","colormag_page_sidebar_layout":"default_layout","footnotes":""},"categories":[1],"tags":[],"class_list":["post-60793","post","type-post","status-publish","format-standard","has-post-thumbnail","hentry","category-destacadas"],"acf":[],"_links":{"self":[{"href":"https:\/\/vocesparalelas.com.ar\/sitio\/wp-json\/wp\/v2\/posts\/60793","targetHints":{"allow":["GET"]}}],"collection":[{"href":"https:\/\/vocesparalelas.com.ar\/sitio\/wp-json\/wp\/v2\/posts"}],"about":[{"href":"https:\/\/vocesparalelas.com.ar\/sitio\/wp-json\/wp\/v2\/types\/post"}],"author":[{"embeddable":true,"href":"https:\/\/vocesparalelas.com.ar\/sitio\/wp-json\/wp\/v2\/users\/3"}],"replies":[{"embeddable":true,"href":"https:\/\/vocesparalelas.com.ar\/sitio\/wp-json\/wp\/v2\/comments?post=60793"}],"version-history":[{"count":1,"href":"https:\/\/vocesparalelas.com.ar\/sitio\/wp-json\/wp\/v2\/posts\/60793\/revisions"}],"predecessor-version":[{"id":60796,"href":"https:\/\/vocesparalelas.com.ar\/sitio\/wp-json\/wp\/v2\/posts\/60793\/revisions\/60796"}],"wp:featuredmedia":[{"embeddable":true,"href":"https:\/\/vocesparalelas.com.ar\/sitio\/wp-json\/wp\/v2\/media\/54097"}],"wp:attachment":[{"href":"https:\/\/vocesparalelas.com.ar\/sitio\/wp-json\/wp\/v2\/media?parent=60793"}],"wp:term":[{"taxonomy":"category","embeddable":true,"href":"https:\/\/vocesparalelas.com.ar\/sitio\/wp-json\/wp\/v2\/categories?post=60793"},{"taxonomy":"post_tag","embeddable":true,"href":"https:\/\/vocesparalelas.com.ar\/sitio\/wp-json\/wp\/v2\/tags?post=60793"}],"curies":[{"name":"wp","href":"https:\/\/api.w.org\/{rel}","templated":true}]}}