{"id":60789,"date":"2023-07-03T20:25:17","date_gmt":"2023-07-03T23:25:17","guid":{"rendered":"https:\/\/vocesparalelas.com.ar\/sitio\/?p=60789"},"modified":"2023-07-05T00:33:54","modified_gmt":"2023-07-05T03:33:54","slug":"encuentro-nacional-de-artesanos-en-san-juan","status":"publish","type":"post","link":"https:\/\/vocesparalelas.com.ar\/sitio\/encuentro-nacional-de-artesanos-en-san-juan\/","title":{"rendered":"Encuentro Nacional de Artesanos en San Juan"},"content":{"rendered":"<p>El Ministerio de Turismo y Cultura del Gobierno de San Juan invita al 2\u00b0 Encuentro Nacional de Artesanos, proyecto beneficiado por la Ley de Mecenazgo Cultural 2197-F, y organizado en conjunto con la Uni\u00f3n de Artesanas y Artesanos Nacionales, el Encuentro Nacional de Artesanos y los Artesanos de la Regional de San Juan. Esta actividad se realizar\u00e1 del 5 al 9 de julio en la ex bodega Cinzano, ubicada en la Avenida Jos\u00e9 Ignacio de la Roza 2514, Oeste.<\/p>\n<p>En este evento, se llevan a cabo talleres gratuitos de capacitaci\u00f3n artesanal sobre cuero tradicional; telar, soga y peleros; cuchiller\u00eda, orfebrer\u00eda, y cer\u00e1mica, a cargo de maestros artesanos de la provincia y del pa\u00eds.<\/p>\n<p>Para esta actividad se seleccionaron por sorteo a diez inscriptos por capacitaci\u00f3n, que tomar\u00e1n las clases durante estos d\u00edas, de 11 a 14. Si bien s\u00f3lo estas personas reciben la formaci\u00f3n, aquellos interesados podr\u00e1n asistir a las charlas como observadores, con entrada libre y gratuita.<\/p>\n<p>Adem\u00e1s, en el encuentro se desarrollan foros de debates de las problem\u00e1ticas del sector, a nivel regional y nacional, y un almuerzo comunitario.<\/p>\n<p>Por otro lado, de 14 a 21 est\u00e1 abierta al p\u00fablico la feria de exposici\u00f3n y venta de artesan\u00edas. Para este acontecimiento, el valor de la entrada es de $500.<\/p>\n<p>Cabe destacar que en este 2\u00b0 Encuentro Nacional de Artesanos tiene la participaci\u00f3n exclusiva de un muralista que realiza una intervenci\u00f3n con cer\u00e1mica en vivo, en la cual los asistentes podr\u00e1n formar parte.<\/p>\n<p>&nbsp;<\/p>\n<p>&nbsp;<\/p>\n<p>&nbsp;<\/p>\n","protected":false},"excerpt":{"rendered":"<p>El Ministerio de Turismo y Cultura del Gobierno de San Juan invita al 2\u00b0 Encuentro Nacional de Artesanos, proyecto beneficiado<\/p>\n","protected":false},"author":3,"featured_media":34975,"comment_status":"closed","ping_status":"closed","sticky":false,"template":"","format":"standard","meta":{"_acf_changed":false,"_seopress_robots_primary_cat":"none","_seopress_titles_title":"","_seopress_titles_desc":"","_seopress_robots_index":"","colormag_page_container_layout":"default_layout","colormag_page_sidebar_layout":"default_layout","footnotes":""},"categories":[6],"tags":[],"class_list":["post-60789","post","type-post","status-publish","format-standard","has-post-thumbnail","hentry","category-eventos"],"acf":[],"_links":{"self":[{"href":"https:\/\/vocesparalelas.com.ar\/sitio\/wp-json\/wp\/v2\/posts\/60789","targetHints":{"allow":["GET"]}}],"collection":[{"href":"https:\/\/vocesparalelas.com.ar\/sitio\/wp-json\/wp\/v2\/posts"}],"about":[{"href":"https:\/\/vocesparalelas.com.ar\/sitio\/wp-json\/wp\/v2\/types\/post"}],"author":[{"embeddable":true,"href":"https:\/\/vocesparalelas.com.ar\/sitio\/wp-json\/wp\/v2\/users\/3"}],"replies":[{"embeddable":true,"href":"https:\/\/vocesparalelas.com.ar\/sitio\/wp-json\/wp\/v2\/comments?post=60789"}],"version-history":[{"count":1,"href":"https:\/\/vocesparalelas.com.ar\/sitio\/wp-json\/wp\/v2\/posts\/60789\/revisions"}],"predecessor-version":[{"id":60792,"href":"https:\/\/vocesparalelas.com.ar\/sitio\/wp-json\/wp\/v2\/posts\/60789\/revisions\/60792"}],"wp:featuredmedia":[{"embeddable":true,"href":"https:\/\/vocesparalelas.com.ar\/sitio\/wp-json\/wp\/v2\/media\/34975"}],"wp:attachment":[{"href":"https:\/\/vocesparalelas.com.ar\/sitio\/wp-json\/wp\/v2\/media?parent=60789"}],"wp:term":[{"taxonomy":"category","embeddable":true,"href":"https:\/\/vocesparalelas.com.ar\/sitio\/wp-json\/wp\/v2\/categories?post=60789"},{"taxonomy":"post_tag","embeddable":true,"href":"https:\/\/vocesparalelas.com.ar\/sitio\/wp-json\/wp\/v2\/tags?post=60789"}],"curies":[{"name":"wp","href":"https:\/\/api.w.org\/{rel}","templated":true}]}}