{"id":60784,"date":"2023-07-03T21:20:07","date_gmt":"2023-07-04T00:20:07","guid":{"rendered":"https:\/\/vocesparalelas.com.ar\/sitio\/?p=60784"},"modified":"2023-07-05T00:32:30","modified_gmt":"2023-07-05T03:32:30","slug":"los-ninos-cantores-de-paris-en-san-juan","status":"publish","type":"post","link":"https:\/\/vocesparalelas.com.ar\/sitio\/los-ninos-cantores-de-paris-en-san-juan\/","title":{"rendered":"Los Ni\u00f1os Cantores de Par\u00eds en San Juan"},"content":{"rendered":"<p>El Teatro del Bicentenario, dependiente del Ministerio de Turismo y Cultura del Gobierno de San Juan, anunci\u00f3 la presentaci\u00f3n de un concierto sin precedentes, con la actuaci\u00f3n de Los Ni\u00f1os Cantores de Par\u00eds en la Sala Principal del TB el 20 de Julio, a las 18 hs.<\/p>\n<p>En estas vacaciones de invierno, sanjuaninos y turistas podr\u00e1n disfrutar de un hecho art\u00edstico privilegiado. Conocido en Francia como la Ma\u00eetrise de Sainte-Croix de Neuilly, los Ni\u00f1os Cantores de Par\u00eds es el coro de una instituci\u00f3n de ense\u00f1anza general, Notre-Dame de Sainte-Croix, prestigioso colegio privado parisino, considerado como el mejor coro de ni\u00f1os franceses, con la misi\u00f3n de mostrar las riquezas de la m\u00fasica sacra y transmitir un mensaje de paz.<\/p>\n<p>En sus inicios Los Ni\u00f1os Cantores de Par\u00eds fueron una Schola fundada a principios del siglo XX y desde 1956 existen en su forma actual. Bajo la direcci\u00f3n de Fran\u00e7ois Polg\u00e1r, antiguo director de los Coros de la \u00d3pera de Paris y director de los Coros de Radio France, los Ni\u00f1os viajan por Francia y el mundo, cantando con el mismo entusiasmo.<\/p>\n<p>El programa que disfrutar\u00e1 el p\u00fablico en el Teatro del Bicentenario est\u00e1 compuesto de un repertorio sacro de compositores franceses de todas las \u00e9pocas, como Faur\u00e9, Gounod, Charpentier, entre otros.<\/p>\n<p>Los Ni\u00f1os Cantores de Par\u00eds se presentar\u00e1n en la Sala Principal del Teatro del Bicentenario este pr\u00f3ximo 20 de julio, a las 18hs. Entradas desde $1200 a la venta por Boleter\u00eda del TB de lunes a viernes de 09:30 a 14hs, y de 16 a 20hs; los s\u00e1bados de 10 a 13:30hs. Las entradas podr\u00e1n adquirirse por\u00a0<a href=\"https:\/\/tbsj.tuentrada.com\/selection\/event\/date?productId=10228798099622\" target=\"_blank\" rel=\"noopener noreferrer\" data-saferedirecturl=\"https:\/\/www.google.com\/url?q=http:\/\/tuentrada.com&amp;source=gmail&amp;ust=1688242880551000&amp;usg=AOvVaw0nNNARThDtgzGA9RzSW8uE\">tuentrada.com<\/a><\/p>\n<p>&nbsp;<\/p>\n<p><iframe loading=\"lazy\" title=\"Coro &quot;Los ni\u00f1os cantores de Par\u00eds&quot; - Aleluya\" width=\"800\" height=\"450\" src=\"https:\/\/www.youtube.com\/embed\/Tpik9nyfnW4?feature=oembed\" frameborder=\"0\" allow=\"accelerometer; autoplay; clipboard-write; encrypted-media; gyroscope; picture-in-picture; web-share\" allowfullscreen><\/iframe><\/p>\n<p>&nbsp;<\/p>\n","protected":false},"excerpt":{"rendered":"<p>El Teatro del Bicentenario, dependiente del Ministerio de Turismo y Cultura del Gobierno de San Juan, anunci\u00f3 la presentaci\u00f3n de<\/p>\n","protected":false},"author":3,"featured_media":60787,"comment_status":"closed","ping_status":"closed","sticky":false,"template":"","format":"standard","meta":{"_acf_changed":false,"_seopress_robots_primary_cat":"none","_seopress_titles_title":"","_seopress_titles_desc":"","_seopress_robots_index":"","colormag_page_container_layout":"default_layout","colormag_page_sidebar_layout":"default_layout","footnotes":""},"categories":[20,7],"tags":[],"class_list":["post-60784","post","type-post","status-publish","format-standard","has-post-thumbnail","hentry","category-cartelera","category-videos"],"acf":[],"_links":{"self":[{"href":"https:\/\/vocesparalelas.com.ar\/sitio\/wp-json\/wp\/v2\/posts\/60784","targetHints":{"allow":["GET"]}}],"collection":[{"href":"https:\/\/vocesparalelas.com.ar\/sitio\/wp-json\/wp\/v2\/posts"}],"about":[{"href":"https:\/\/vocesparalelas.com.ar\/sitio\/wp-json\/wp\/v2\/types\/post"}],"author":[{"embeddable":true,"href":"https:\/\/vocesparalelas.com.ar\/sitio\/wp-json\/wp\/v2\/users\/3"}],"replies":[{"embeddable":true,"href":"https:\/\/vocesparalelas.com.ar\/sitio\/wp-json\/wp\/v2\/comments?post=60784"}],"version-history":[{"count":1,"href":"https:\/\/vocesparalelas.com.ar\/sitio\/wp-json\/wp\/v2\/posts\/60784\/revisions"}],"predecessor-version":[{"id":60788,"href":"https:\/\/vocesparalelas.com.ar\/sitio\/wp-json\/wp\/v2\/posts\/60784\/revisions\/60788"}],"wp:featuredmedia":[{"embeddable":true,"href":"https:\/\/vocesparalelas.com.ar\/sitio\/wp-json\/wp\/v2\/media\/60787"}],"wp:attachment":[{"href":"https:\/\/vocesparalelas.com.ar\/sitio\/wp-json\/wp\/v2\/media?parent=60784"}],"wp:term":[{"taxonomy":"category","embeddable":true,"href":"https:\/\/vocesparalelas.com.ar\/sitio\/wp-json\/wp\/v2\/categories?post=60784"},{"taxonomy":"post_tag","embeddable":true,"href":"https:\/\/vocesparalelas.com.ar\/sitio\/wp-json\/wp\/v2\/tags?post=60784"}],"curies":[{"name":"wp","href":"https:\/\/api.w.org\/{rel}","templated":true}]}}