{"id":60770,"date":"2023-07-04T13:00:09","date_gmt":"2023-07-04T16:00:09","guid":{"rendered":"https:\/\/vocesparalelas.com.ar\/sitio\/?p=60770"},"modified":"2023-07-05T23:36:44","modified_gmt":"2023-07-06T02:36:44","slug":"el-festival-nacional-de-titeres-divertites-2023-en-san-juan","status":"publish","type":"post","link":"https:\/\/vocesparalelas.com.ar\/sitio\/el-festival-nacional-de-titeres-divertites-2023-en-san-juan\/","title":{"rendered":"El Festival Nacional de T\u00edteres DivertiTeS 2023 en San Juan"},"content":{"rendered":"<p>El invierno en San Juan se llena de diversi\u00f3n y entretenimiento con el Festival Nacional de T\u00edteres DivertiTeS 2023,\u00a0 en el Espacio Teatral T\u00edteres en Serio, Juan B. Justo 335 &#8211; S -, Departamento Rivadavia.<\/p>\n<p>El evento promete deleitar a las familias con una amplia variedad de espect\u00e1culos de t\u00edteres y brindando un sinf\u00edn de experiencias culturales para todas las edades.<\/p>\n<p>El festival se desarrolla desde el 9 al 23 de Julio, siempre a las 18 hs, y cuenta con la presentaci\u00f3n de cinco obras de t\u00edteres, a cargo de reconocidos elencos provenientes de diferentes provincias.<\/p>\n<p>Adem\u00e1s, la calle Juan B. Justo est\u00e1 animada con shows de m\u00fasica, desfiles de t\u00edteres gigantes y una feria de artesan\u00edas, donde las familias puede disfrutar de diversas actividades culturales.<\/p>\n<p><iframe loading=\"lazy\" title=\"DIVERTITES SAN JUAN 2023\" width=\"800\" height=\"600\" src=\"https:\/\/www.youtube.com\/embed\/bXYnCuOh8gE?feature=oembed\" frameborder=\"0\" allow=\"accelerometer; autoplay; clipboard-write; encrypted-media; gyroscope; picture-in-picture; web-share\" allowfullscreen><\/iframe><\/p>\n<p><span style=\"color: #ff6600;\"><strong>Programaci\u00f3n<\/strong><\/span><\/p>\n<ul>\n<li><strong>EL INVESTIGATOPO<\/strong> del elenco Chachak\u00fcn de C\u00f3rdoba: 9, 10 y 11 de Julio a las 18 hs.<\/li>\n<\/ul>\n<ul>\n<li>Domingo, 9 de Julio &#8211; Una Cuadra de Cultura en la Juan B. Justo, Intervenciones gratuitas de danza, m\u00fasica, desfile de t\u00edteres gigantes y feria de artesanos y emprendedores.<\/li>\n<\/ul>\n<ul>\n<li><strong>AL DIABLO CON EL PAN, \u00a1LO HICIMOS TRABAJAR!<\/strong> del elenco Saltimbanquis de CABA: 12, 13 y 14 de julio a las 18 hs.<\/li>\n<li><strong>LA NI\u00d1A DEL CERRO<\/strong> del elenco Guillermo Troncoso de Mendoza: 15, 16 y 17 de Julio a las 18 hs.<\/li>\n<\/ul>\n<ul>\n<li>S\u00e1bado, 15 y Domingo, 16 de Julio, Una Cuadra de Cultura en la Juan B. Justo, Intervenciones gratuitas de danza, m\u00fasica, desfile de t\u00edteres gigantes, feria de artesanos y emprendedores.<\/li>\n<\/ul>\n<ul>\n<li><strong>HISTORIA DE UN REY QUE QUER\u00cdA VOLAR<\/strong> del elenco T\u00edteres del Azulejo de Mendoza: 18, 19 y 20 de Julio, a las 18 hs.<\/li>\n<li><strong>LA SOMBRERERA<\/strong> del elenco Rey Sif\u00f3n de Villa de las Rosas, C\u00f3rdoba: 21, 22 y 23 de Julio, a las 18 hs.<\/li>\n<\/ul>\n<ul>\n<li>S\u00e1bado 22 y domingo 23 de Julio &#8211; Una Cuadra de Cultura en la Juan B. Justo (Intervenciones gratuitas de danza, m\u00fasica, desfile de t\u00edteres gigantes, feria de artesanos y emprendedores)<\/li>\n<\/ul>\n<p><iframe loading=\"lazy\" title=\"DIVERTITES SAN JUAN 2023\" width=\"800\" height=\"450\" src=\"https:\/\/www.youtube.com\/embed\/OhdF71kgpfA?feature=oembed\" frameborder=\"0\" allow=\"accelerometer; autoplay; clipboard-write; encrypted-media; gyroscope; picture-in-picture; web-share\" allowfullscreen><\/iframe><\/p>\n<p>Las entradas est\u00e1n en venta a trav\u00e9s del siguiente enlace: <a href=\"http:\/\/espacioteatraltes.eventbrite.com\">http:\/\/espacioteatraltes.eventbrite.com<\/a><\/p>\n<p>La entrada general tiene un valor de $1200, pero tambi\u00e9n se ofrece una PROMO familiar 3 X $3000, para que todos puedan disfrutar de estos espect\u00e1culos en familia.<\/p>\n<p><iframe loading=\"lazy\" title=\"DIVERTITES SAN JUAN 2023\" width=\"800\" height=\"450\" src=\"https:\/\/www.youtube.com\/embed\/0TakxCU_JKQ?feature=oembed\" frameborder=\"0\" allow=\"accelerometer; autoplay; clipboard-write; encrypted-media; gyroscope; picture-in-picture; web-share\" allowfullscreen><\/iframe><\/p>\n<p>El festival cuenta con el apoyo del Instituto Nacional del Teatro, el Ministerio de Turismo y Cultura de Gobierno San Juan, la Municipalidad de Rivadavia y la Secretar\u00eda de bienestar universitario de la Universidad Nacional de San Juan. Asimismo, agradecemos a la Helader\u00eda Portho Gelatto por su patrocinio, permitiendo a los asistentes disfrutar de una promoci\u00f3n de los m\u00e1s deliciosos sabores de helado.<\/p>\n<p>No te pierdas la oportunidad de sumergirte en la magia de los t\u00edteres y disfrutar de este evento divertido y cultural en San Juan.<\/p>\n<p>\u00a1Compra tus entradas anticipadas online y prep\u00e1rate para vivir momentos inolvidables!<\/p>\n<p><iframe loading=\"lazy\" title=\"DIVERTITES SAN JUAN 2023\" width=\"800\" height=\"600\" src=\"https:\/\/www.youtube.com\/embed\/RuiMmZYGAjc?feature=oembed\" frameborder=\"0\" allow=\"accelerometer; autoplay; clipboard-write; encrypted-media; gyroscope; picture-in-picture; web-share\" allowfullscreen><\/iframe><\/p>\n<p>&nbsp;<\/p>\n<p>&nbsp;<\/p>\n","protected":false},"excerpt":{"rendered":"<p>El invierno en San Juan se llena de diversi\u00f3n y entretenimiento con el Festival Nacional de T\u00edteres DivertiTeS 2023,\u00a0 en<\/p>\n","protected":false},"author":3,"featured_media":60809,"comment_status":"closed","ping_status":"closed","sticky":false,"template":"","format":"standard","meta":{"_acf_changed":false,"_seopress_robots_primary_cat":"none","_seopress_titles_title":"","_seopress_titles_desc":"","_seopress_robots_index":"","colormag_page_container_layout":"default_layout","colormag_page_sidebar_layout":"default_layout","footnotes":""},"categories":[20,7],"tags":[],"class_list":["post-60770","post","type-post","status-publish","format-standard","has-post-thumbnail","hentry","category-cartelera","category-videos"],"acf":[],"_links":{"self":[{"href":"https:\/\/vocesparalelas.com.ar\/sitio\/wp-json\/wp\/v2\/posts\/60770","targetHints":{"allow":["GET"]}}],"collection":[{"href":"https:\/\/vocesparalelas.com.ar\/sitio\/wp-json\/wp\/v2\/posts"}],"about":[{"href":"https:\/\/vocesparalelas.com.ar\/sitio\/wp-json\/wp\/v2\/types\/post"}],"author":[{"embeddable":true,"href":"https:\/\/vocesparalelas.com.ar\/sitio\/wp-json\/wp\/v2\/users\/3"}],"replies":[{"embeddable":true,"href":"https:\/\/vocesparalelas.com.ar\/sitio\/wp-json\/wp\/v2\/comments?post=60770"}],"version-history":[{"count":1,"href":"https:\/\/vocesparalelas.com.ar\/sitio\/wp-json\/wp\/v2\/posts\/60770\/revisions"}],"predecessor-version":[{"id":60773,"href":"https:\/\/vocesparalelas.com.ar\/sitio\/wp-json\/wp\/v2\/posts\/60770\/revisions\/60773"}],"wp:featuredmedia":[{"embeddable":true,"href":"https:\/\/vocesparalelas.com.ar\/sitio\/wp-json\/wp\/v2\/media\/60809"}],"wp:attachment":[{"href":"https:\/\/vocesparalelas.com.ar\/sitio\/wp-json\/wp\/v2\/media?parent=60770"}],"wp:term":[{"taxonomy":"category","embeddable":true,"href":"https:\/\/vocesparalelas.com.ar\/sitio\/wp-json\/wp\/v2\/categories?post=60770"},{"taxonomy":"post_tag","embeddable":true,"href":"https:\/\/vocesparalelas.com.ar\/sitio\/wp-json\/wp\/v2\/tags?post=60770"}],"curies":[{"name":"wp","href":"https:\/\/api.w.org\/{rel}","templated":true}]}}