{"id":60750,"date":"2023-07-02T22:16:02","date_gmt":"2023-07-03T01:16:02","guid":{"rendered":"https:\/\/vocesparalelas.com.ar\/sitio\/?p=60750"},"modified":"2023-07-02T22:31:56","modified_gmt":"2023-07-03T01:31:56","slug":"cambia-san-juan-gano-gracias-a-las-decisiones-de-los-votantes-que-confiaron-su-propuesta-de-gobierno","status":"publish","type":"post","link":"https:\/\/vocesparalelas.com.ar\/sitio\/cambia-san-juan-gano-gracias-a-las-decisiones-de-los-votantes-que-confiaron-su-propuesta-de-gobierno\/","title":{"rendered":"Cambia San Juan gan\u00f3 gracias a las decisiones de los votantes que confiaron su propuesta de gobierno"},"content":{"rendered":"<p>Despu\u00e9s de una jornada de Elecciones 2023 en la Provincia de San Juan, permiti\u00f3 como resultado las decisiones de los votantes que confiaron a la propuesta de gobierno de \u00abCambia San Juan\u00bb y que el 10 de Diciembre asume el gobernador, Dr. Marcelo Orrego y Vicegobernador, Dr. Fabi\u00e1n Mart\u00edn, quienes tienen la responsabilidad de guiar a la provincia para el bien com\u00fan.<\/p>\n<p>Una elecci\u00f3n del 50.97 % de Cambia San Juan frente al 44.$% % Frente San Juan por Todos. La tendencia Gana Cambia San Juan. Estos porcentajes son provisorios seguramente cambiar\u00e1n con los datos oficiales.<\/p>\n<p>Llegaron a San Juan y al Bunker de Cambia San Juan referentes nacionales, Horacio Rodrigues Larreta, Miguel \u00c1ngel Pichetto, Jos\u00e9 Luis Espert, Mart\u00edn Lousteau y otros m\u00e1s., que apoyan el proyecto de Gobierno de los ganadores de la cambio para la provincia de San Juan, Dr. Marcelo Orrego y Dr. Fabi\u00e1n Martin y su equipo de trabajo.<\/p>\n<p>El Dr. Marcelo Orrego\u00a0 agradeci\u00f3 a los electores de San Juan que votaron a Cambio San Juan para que dirija el futuro de la provincia. Muy emocionado porque por m\u00e1s que estuvo seguro de ganar los ciudadanos le confirmaron con el voto.<\/p>\n<p><img loading=\"lazy\" decoding=\"async\" class=\"alignnone size-full wp-image-60756\" src=\"https:\/\/vocesparalelas.com.ar\/sitio\/wp-content\/uploads\/2023\/07\/CAMBIA-SAN-JUAN-ELECCIONES-04.jpg\" alt=\"\" width=\"800\" height=\"600\" srcset=\"https:\/\/vocesparalelas.com.ar\/sitio\/wp-content\/uploads\/2023\/07\/CAMBIA-SAN-JUAN-ELECCIONES-04.jpg 800w, https:\/\/vocesparalelas.com.ar\/sitio\/wp-content\/uploads\/2023\/07\/CAMBIA-SAN-JUAN-ELECCIONES-04-300x225.jpg 300w, https:\/\/vocesparalelas.com.ar\/sitio\/wp-content\/uploads\/2023\/07\/CAMBIA-SAN-JUAN-ELECCIONES-04-768x576.jpg 768w\" sizes=\"auto, (max-width: 800px) 100vw, 800px\" \/><\/p>\n<p>Adem\u00e1s, recibi\u00f3 las felicitaciones del Gobernador de San Juan, Dr. Sergio U\u00f1ac, quien actualmente lidera el Gobierno de San Juan y el 10 de Diciembre, cambia el Gobierno por la f\u00f3rmula ganadora.<\/p>\n<p>Es importante destacar que cambia el liderazgo pero San Juan contin\u00faa su crecimiento para beneficiar a la poblaci\u00f3n.<\/p>\n<p><img loading=\"lazy\" decoding=\"async\" class=\"alignnone size-full wp-image-60757\" src=\"https:\/\/vocesparalelas.com.ar\/sitio\/wp-content\/uploads\/2023\/07\/CAMBIA-SAN-JUAN-ELECCIONES-05.jpg\" alt=\"\" width=\"800\" height=\"600\" srcset=\"https:\/\/vocesparalelas.com.ar\/sitio\/wp-content\/uploads\/2023\/07\/CAMBIA-SAN-JUAN-ELECCIONES-05.jpg 800w, https:\/\/vocesparalelas.com.ar\/sitio\/wp-content\/uploads\/2023\/07\/CAMBIA-SAN-JUAN-ELECCIONES-05-300x225.jpg 300w, https:\/\/vocesparalelas.com.ar\/sitio\/wp-content\/uploads\/2023\/07\/CAMBIA-SAN-JUAN-ELECCIONES-05-768x576.jpg 768w\" sizes=\"auto, (max-width: 800px) 100vw, 800px\" \/><\/p>\n<p><img loading=\"lazy\" decoding=\"async\" class=\"alignnone size-full wp-image-60755\" src=\"https:\/\/vocesparalelas.com.ar\/sitio\/wp-content\/uploads\/2023\/07\/CAMBIA-SAN-JUAN-ELECCIONES-03.jpg\" alt=\"\" width=\"800\" height=\"600\" srcset=\"https:\/\/vocesparalelas.com.ar\/sitio\/wp-content\/uploads\/2023\/07\/CAMBIA-SAN-JUAN-ELECCIONES-03.jpg 800w, https:\/\/vocesparalelas.com.ar\/sitio\/wp-content\/uploads\/2023\/07\/CAMBIA-SAN-JUAN-ELECCIONES-03-300x225.jpg 300w, https:\/\/vocesparalelas.com.ar\/sitio\/wp-content\/uploads\/2023\/07\/CAMBIA-SAN-JUAN-ELECCIONES-03-768x576.jpg 768w\" sizes=\"auto, (max-width: 800px) 100vw, 800px\" \/><\/p>\n<p>Esto es Cambia San Juan provincial y Nacional que trabajan juntos s\u00f3lo pensando el bienestar de una Argentina pujante con cambios clim\u00e1ticos, relieves y productiva tan variada como su geograf\u00eda.<\/p>\n<p><img loading=\"lazy\" decoding=\"async\" class=\"alignnone size-full wp-image-60442\" src=\"https:\/\/vocesparalelas.com.ar\/sitio\/wp-content\/uploads\/2023\/06\/CAMBIA-SAN-JUAN-04.jpg\" alt=\"\" width=\"800\" height=\"515\" srcset=\"https:\/\/vocesparalelas.com.ar\/sitio\/wp-content\/uploads\/2023\/06\/CAMBIA-SAN-JUAN-04.jpg 800w, https:\/\/vocesparalelas.com.ar\/sitio\/wp-content\/uploads\/2023\/06\/CAMBIA-SAN-JUAN-04-300x193.jpg 300w, https:\/\/vocesparalelas.com.ar\/sitio\/wp-content\/uploads\/2023\/06\/CAMBIA-SAN-JUAN-04-768x494.jpg 768w\" sizes=\"auto, (max-width: 800px) 100vw, 800px\" \/><\/p>\n<p>&nbsp;<\/p>\n","protected":false},"excerpt":{"rendered":"<p>Despu\u00e9s de una jornada de Elecciones 2023 en la Provincia de San Juan, permiti\u00f3 como resultado las decisiones de los<\/p>\n","protected":false},"author":3,"featured_media":60753,"comment_status":"closed","ping_status":"closed","sticky":false,"template":"","format":"standard","meta":{"_acf_changed":false,"_seopress_robots_primary_cat":"none","_seopress_titles_title":"","_seopress_titles_desc":"","_seopress_robots_index":"","colormag_page_container_layout":"default_layout","colormag_page_sidebar_layout":"default_layout","footnotes":""},"categories":[1],"tags":[],"class_list":["post-60750","post","type-post","status-publish","format-standard","has-post-thumbnail","hentry","category-destacadas"],"acf":[],"_links":{"self":[{"href":"https:\/\/vocesparalelas.com.ar\/sitio\/wp-json\/wp\/v2\/posts\/60750","targetHints":{"allow":["GET"]}}],"collection":[{"href":"https:\/\/vocesparalelas.com.ar\/sitio\/wp-json\/wp\/v2\/posts"}],"about":[{"href":"https:\/\/vocesparalelas.com.ar\/sitio\/wp-json\/wp\/v2\/types\/post"}],"author":[{"embeddable":true,"href":"https:\/\/vocesparalelas.com.ar\/sitio\/wp-json\/wp\/v2\/users\/3"}],"replies":[{"embeddable":true,"href":"https:\/\/vocesparalelas.com.ar\/sitio\/wp-json\/wp\/v2\/comments?post=60750"}],"version-history":[{"count":4,"href":"https:\/\/vocesparalelas.com.ar\/sitio\/wp-json\/wp\/v2\/posts\/60750\/revisions"}],"predecessor-version":[{"id":60761,"href":"https:\/\/vocesparalelas.com.ar\/sitio\/wp-json\/wp\/v2\/posts\/60750\/revisions\/60761"}],"wp:featuredmedia":[{"embeddable":true,"href":"https:\/\/vocesparalelas.com.ar\/sitio\/wp-json\/wp\/v2\/media\/60753"}],"wp:attachment":[{"href":"https:\/\/vocesparalelas.com.ar\/sitio\/wp-json\/wp\/v2\/media?parent=60750"}],"wp:term":[{"taxonomy":"category","embeddable":true,"href":"https:\/\/vocesparalelas.com.ar\/sitio\/wp-json\/wp\/v2\/categories?post=60750"},{"taxonomy":"post_tag","embeddable":true,"href":"https:\/\/vocesparalelas.com.ar\/sitio\/wp-json\/wp\/v2\/tags?post=60750"}],"curies":[{"name":"wp","href":"https:\/\/api.w.org\/{rel}","templated":true}]}}