{"id":60721,"date":"2023-07-02T17:18:10","date_gmt":"2023-07-02T20:18:10","guid":{"rendered":"https:\/\/vocesparalelas.com.ar\/sitio\/?p=60721"},"modified":"2023-07-02T20:31:11","modified_gmt":"2023-07-02T23:31:11","slug":"esta-sera-una-jornada-historica-en-la-provincia-de-san-juan","status":"publish","type":"post","link":"https:\/\/vocesparalelas.com.ar\/sitio\/esta-sera-una-jornada-historica-en-la-provincia-de-san-juan\/","title":{"rendered":"\u201cEsta ser\u00e1 una jornada hist\u00f3rica en la provincia de San Juan\u201d"},"content":{"rendered":"<p>A las 11.15 lleg\u00f3 el gobernador de San Juan, Dr. Sergio U\u00f1ac, a la escuela Froil\u00e1n Ferrero, de Pocito, para emitir su voto en \u201cuna jornada hist\u00f3rica en la provincia\u201d en la que solo se vota gobernador y vicegobernador, participan cuatro frentes pol\u00edticos y 10 candidatos.<\/p>\n<p>El mandatario habl\u00f3 con la prensa antes y despu\u00e9s de sufragar; sus primeras palabras fueron para decir que este d\u00eda debe ser una fiesta democr\u00e1tica donde votan m\u00e1s de 600 mil sanjuaninos y sanjuaninas empadronadas.<\/p>\n<p>Cont\u00f3 que a las 10 de la ma\u00f1ana hab\u00eda votado el 10 % del padr\u00f3n, \u201ces un n\u00famero relevante veremos c\u00f3mo se desarrolla hasta las 18\u201d, dijo.<\/p>\n<p>Consultado por esta elecci\u00f3n at\u00edpica en la provincia, U\u00f1ac se\u00f1al\u00f3 que \u201cfue llamativo porque la Corte Suprema utiliz\u00f3 un criterio para decidir sobre San Juan y otro criterio para decidir sobre los intendentes bonaerenses y Formosa, y en los \u00faltimos casos lo hizo bien pero lamentablemente con San Juan hubo alg\u00fan trasfondo que se fue por un carril distinto al jur\u00eddico\u201d.<\/p>\n<p>Tambi\u00e9n se\u00f1al\u00f3 que todo el proceso estuvo viciado, el mismo procurador primero dijo que la Corte no deb\u00eda entrometerse en el caso San Juan y despu\u00e9s dijo que s\u00ed deb\u00eda hacerlo. Lo que sigui\u00f3 fue primero la suspensi\u00f3n de la elecci\u00f3n a gobernador y vice, y despu\u00e9s la inhabilitaci\u00f3n del Dr. Sergio U\u00f1ac como candidato.<\/p>\n<p>\u201cEsto fue por lo menos falta de respeto hacia el interior del pa\u00eds porque en 30 d\u00edas defini\u00f3 una cosa y despu\u00e9s defini\u00f3 otra en sentido contrario. Entonces esto se deber\u00e1 analizar en alg\u00fan organismo internacional porque en una nueva Argentina debe ser necesario\u201d, manifest\u00f3 el gobernador.<\/p>\n<p>Agreg\u00f3 que, por ley, en 2022 San Juan elimin\u00f3 las PASO y se cre\u00f3 el sistema SIPAD que permite una amplia participaci\u00f3n y una sola elecci\u00f3n. \u201cEstamos votando dos veces en la provincia por intervenci\u00f3n de la Corte y fue tan apurado y desprolijo que nos mandaron a votar intendentes y diputados cuando deber\u00edan votarse juntos con gobernador y vice seg\u00fan la Constituci\u00f3n, un desatino total\u201d, expres\u00f3.<\/p>\n<p>Luego dijo que acat\u00f3 el fallo, sin compartirlo, \u201cporque como gobernador, como hombre de derecho y como ciudadano tengo que acatarlo. El tratamiento posterior de otros casos es lo que motiva que la Corte Interamericana les pregunte si van a definir semana por semana seg\u00fan un criterio o si van a unificarlo mientras duren en el cargo\u201d.<\/p>\n<p>Mencion\u00f3, consultado por la prensa nacional, que \u201cel converso\u201d Miguel \u00c1ngel Pichetto visit\u00f3 San Juan una semana antes y preanunci\u00f3 que iba a pasar lo que despu\u00e9s pas\u00f3 con la Corte, \u201cy eso es muy llamativo, seguro hay entretelones, pero yo no los conozco\u201d.<\/p>\n<p><strong><span style=\"color: #0000ff;\">La construcci\u00f3n de San Juan<\/span><\/strong><\/p>\n<p>Consultado por las dos listas del frente San Juan por Todos, U\u00f1ac dijo \u201cnosotros hemos tenido una visi\u00f3n de provincia interesante \u00e9l y yo, y lo digo con mucha humildad. Esta era una provincia inviable desde lo econ\u00f3mico, lo dijo un ex ministro de econom\u00eda, Domingo Cavallo, y que deb\u00edamos regionalizarnos.<\/p>\n<p>Desde ah\u00ed a la fecha fue un sacud\u00f3n emocional porque hoy esta es una de las provincias m\u00e1s viables del pa\u00eds con una diversificaci\u00f3n de la matriz productiva que en pocos lugares se ha dado. Una provincia que hoy lidera el segmento de energ\u00edas renovables, con producci\u00f3n de cannabis medicinal, con la miner\u00eda del cobre y del litio, que hacemos con much\u00edsimo orgullo y lo hacemos bien, respetando el c\u00f3digo minero y las leyes. Creo que San Juan tiene mucho futuro, los sanjuaninos hemos demostrado que no solamente ampliamos actividades, sino que las defendemos, no como pasa en otros lugares que las limitan, y esto no quiere decir que estemos en contra del cuidado ambiental, por el contrario, cada vez que hubo alg\u00fan problema hemos actuado con todo el peso de la ley. Este es el San Juan que hemos construido\u201d.<\/p>\n<p>El mandatario agreg\u00f3 que \u201ccuando los proyectos son razonables la ciudadan\u00eda acompa\u00f1a y esto viene marcando a oficialismos u oposici\u00f3n en el orden nacional y en las \u00faltimas elecciones provinciales se han ido dando resultados afines a Uni\u00f3n por la Patria, esto viene siendo el denominador com\u00fan\u201d.<\/p>\n<p>\u201cCreo que los resultados van a ser muy r\u00e1pidos porque es una sola boleta, nosotros tuvimos un muy buen resultado el 14 de mayo donde ganamos el 75 % de todas las categor\u00edas, 14\/15 municipios de 19, el 70 % de la c\u00e1mara de diputados, mayor\u00eda simple como subagrupaci\u00f3n y mayor\u00eda calificada como frente, y m\u00e1s del 60 % de los concejales, eso har\u00eda presagiar un resultado parecido, pero hay que esperar\u201d, se\u00f1al\u00f3.<\/p>\n<p><strong><span style=\"color: #0000ff;\">Lista nacional<\/span><\/strong><\/p>\n<p>Sobre la lista lograda a nivel nacional para las presidenciales, U\u00f1ac dijo \u201chemos logrado a nivel nacional una lista de unidad y ahora debemos trabajar para el triunfo. El concepto de unidad es importante para este proyecto pol\u00edtico y tenemos que trabajar para lograr un buen resultado\u201d.<\/p>\n<p>Coment\u00f3 que muy temprano lo llamaron ministros, gobernadores de todo el pa\u00eds, \u201cme desearon que sea una buena jornada electoral, no lo puedo decir con todas le letras por la veda electoral, pero me auguraban que fuese importante el resultado para nosotros\u201d.<\/p>\n<p>U\u00f1ac entr\u00f3 al cuarto oscuro a las 11.40 y demor\u00f3 18 segundos en salir de \u00e9l. Luego, en la puerta de la escuela volvi\u00f3 a ser consultado y dijo que \u201cesta ser\u00e1 una visi\u00f3n hist\u00f3rica en la provincia de San Juan\u201d.<\/p>\n","protected":false},"excerpt":{"rendered":"<p>A las 11.15 lleg\u00f3 el gobernador de San Juan, Dr. Sergio U\u00f1ac, a la escuela Froil\u00e1n Ferrero, de Pocito, para<\/p>\n","protected":false},"author":3,"featured_media":60719,"comment_status":"closed","ping_status":"closed","sticky":false,"template":"","format":"standard","meta":{"_acf_changed":false,"_seopress_robots_primary_cat":"none","_seopress_titles_title":"","_seopress_titles_desc":"","_seopress_robots_index":"","colormag_page_container_layout":"default_layout","colormag_page_sidebar_layout":"default_layout","footnotes":""},"categories":[1],"tags":[],"class_list":["post-60721","post","type-post","status-publish","format-standard","has-post-thumbnail","hentry","category-destacadas"],"acf":[],"_links":{"self":[{"href":"https:\/\/vocesparalelas.com.ar\/sitio\/wp-json\/wp\/v2\/posts\/60721","targetHints":{"allow":["GET"]}}],"collection":[{"href":"https:\/\/vocesparalelas.com.ar\/sitio\/wp-json\/wp\/v2\/posts"}],"about":[{"href":"https:\/\/vocesparalelas.com.ar\/sitio\/wp-json\/wp\/v2\/types\/post"}],"author":[{"embeddable":true,"href":"https:\/\/vocesparalelas.com.ar\/sitio\/wp-json\/wp\/v2\/users\/3"}],"replies":[{"embeddable":true,"href":"https:\/\/vocesparalelas.com.ar\/sitio\/wp-json\/wp\/v2\/comments?post=60721"}],"version-history":[{"count":2,"href":"https:\/\/vocesparalelas.com.ar\/sitio\/wp-json\/wp\/v2\/posts\/60721\/revisions"}],"predecessor-version":[{"id":60725,"href":"https:\/\/vocesparalelas.com.ar\/sitio\/wp-json\/wp\/v2\/posts\/60721\/revisions\/60725"}],"wp:featuredmedia":[{"embeddable":true,"href":"https:\/\/vocesparalelas.com.ar\/sitio\/wp-json\/wp\/v2\/media\/60719"}],"wp:attachment":[{"href":"https:\/\/vocesparalelas.com.ar\/sitio\/wp-json\/wp\/v2\/media?parent=60721"}],"wp:term":[{"taxonomy":"category","embeddable":true,"href":"https:\/\/vocesparalelas.com.ar\/sitio\/wp-json\/wp\/v2\/categories?post=60721"},{"taxonomy":"post_tag","embeddable":true,"href":"https:\/\/vocesparalelas.com.ar\/sitio\/wp-json\/wp\/v2\/tags?post=60721"}],"curies":[{"name":"wp","href":"https:\/\/api.w.org\/{rel}","templated":true}]}}