{"id":60715,"date":"2023-07-02T17:14:48","date_gmt":"2023-07-02T20:14:48","guid":{"rendered":"https:\/\/vocesparalelas.com.ar\/sitio\/?p=60715"},"modified":"2023-07-02T20:15:05","modified_gmt":"2023-07-02T23:15:05","slug":"este-es-el-desafio-mas-importante-de-mi-vida","status":"publish","type":"post","link":"https:\/\/vocesparalelas.com.ar\/sitio\/este-es-el-desafio-mas-importante-de-mi-vida\/","title":{"rendered":"\u201cEste es el desaf\u00edo m\u00e1s importante de mi vida\u201d"},"content":{"rendered":"<p>El Dr. Rub\u00e9n U\u00f1ac, senador nacional por San Juan y candidato a gobernador de la subagrupaci\u00f3n Vamos San Juan, frente San Juan por Todos, lleg\u00f3 a la escuela Froil\u00e1n Ferrero, de Pocito, a emitir su voto junto a su hijo Juan Ignacio.<\/p>\n<p>\u201cEsta jornada fortalece la democracia y sea candidato o no siempre voto con mucha alegr\u00eda\u201d, dijo U\u00f1ac antes de hacer la fila en su mesa de votaci\u00f3n.<\/p>\n<p>Cont\u00f3 que comenz\u00f3 el d\u00eda trabajando con su equipo de trabajo, \u201chace 30 a\u00f1os que me dedico a esto, he recorrido toda la provincia, ha sido una campa\u00f1a donde nos hemos complementado muy bien con Cristian y con Sergio tratando de recorrer cada rinc\u00f3n en esta campa\u00f1a corta e intensa; en todos lados me compromet\u00ed a buscar el bienestar de los sanjuaninos\u201d.<\/p>\n<p>Sobre la decisi\u00f3n de su candidatura cont\u00f3 que una vez que la Corte Suprema lo inhabilit\u00f3 a Sergio U\u00f1ac como candidato, el gobernador se reuni\u00f3 con dirigentes, diputados, intendentes y militantes, de ah\u00ed surgi\u00f3 el nombre de Rub\u00e9n y luego se lo comunicaron. \u201cLo tom\u00e9 como un gran desaf\u00edo, creo que es el m\u00e1s importante de mi vida pol\u00edtica\u201d.<\/p>\n<p>Cont\u00f3 que hoy San Juan es una provincia con tres atributos fundamentales: transparencia, equilibrio fiscal y seguridad jur\u00eddica, \u201csoy parte de este gobierno y he participado en la construcci\u00f3n de este modelo. En todos lados nos han recibido muy bien, con mucho respeto, tanto de los simpatizantes como los que no simpatizan porque el sanjuanino es respetuoso\u201d.<\/p>\n<p>Luego, respondiendo siempre sobre distintas cuestiones, asegur\u00f3 que \u201ccon Sergio somos muy parecidos, los dos somos abogados, hemos hecho pol\u00edtica toda la vida, pero no somos lo mismo. Y con Gioja tambi\u00e9n hemos trabajado juntos, fui su vicegobernador y compartimos la misma pasi\u00f3n pol\u00edtica\u201d.<\/p>\n<p>Agreg\u00f3 que en la ma\u00f1ana se levant\u00f3 temprano para empezar a trabajar con su equipo y que muchos colegas senadores lo llamaron para saludarlo y desearle el mejor resultado.<\/p>\n<p>Sobre la candidatura de Sergio Massa como presidente aport\u00f3 que le parece muy buena \u201cporque significa la unidad que es lo que los gobernadores ped\u00edan, unidad y federalismo, y eso significa esta lista\u201d.<\/p>\n<p>Sobre el final, el senador y candidato alent\u00f3 a los sanjuaninos y sanjuaninas a concurrir a las urnas. \u201cQue vengan a votar porque se define el presente y el futuro de San Juan, tenemos los mismos intereses, objetivos comunes, y es necesario que participemos\u201d, dijo.<\/p>\n<p>\u201cLa provincia hoy tiene paz social, que no es poco, hay problemas que se siguen gestionando y tenemos un gran gobernador hasta el 10 de diciembre, hoy tenemos la mejor expectativa\u201d, se\u00f1al\u00f3 U\u00f1ac.<\/p>\n<p>Cont\u00f3 que en la tarde se reunir\u00e1 con Sergio U\u00f1ac y Cristian Andino, candidato a vicegobernador, y colaboradores a esperar los resultados.<\/p>\n","protected":false},"excerpt":{"rendered":"<p>El Dr. Rub\u00e9n U\u00f1ac, senador nacional por San Juan y candidato a gobernador de la subagrupaci\u00f3n Vamos San Juan, frente<\/p>\n","protected":false},"author":3,"featured_media":60718,"comment_status":"closed","ping_status":"closed","sticky":false,"template":"","format":"standard","meta":{"_acf_changed":false,"_seopress_robots_primary_cat":"none","_seopress_titles_title":"","_seopress_titles_desc":"","_seopress_robots_index":"","colormag_page_container_layout":"default_layout","colormag_page_sidebar_layout":"default_layout","footnotes":""},"categories":[1],"tags":[],"class_list":["post-60715","post","type-post","status-publish","format-standard","has-post-thumbnail","hentry","category-destacadas"],"acf":[],"_links":{"self":[{"href":"https:\/\/vocesparalelas.com.ar\/sitio\/wp-json\/wp\/v2\/posts\/60715","targetHints":{"allow":["GET"]}}],"collection":[{"href":"https:\/\/vocesparalelas.com.ar\/sitio\/wp-json\/wp\/v2\/posts"}],"about":[{"href":"https:\/\/vocesparalelas.com.ar\/sitio\/wp-json\/wp\/v2\/types\/post"}],"author":[{"embeddable":true,"href":"https:\/\/vocesparalelas.com.ar\/sitio\/wp-json\/wp\/v2\/users\/3"}],"replies":[{"embeddable":true,"href":"https:\/\/vocesparalelas.com.ar\/sitio\/wp-json\/wp\/v2\/comments?post=60715"}],"version-history":[{"count":1,"href":"https:\/\/vocesparalelas.com.ar\/sitio\/wp-json\/wp\/v2\/posts\/60715\/revisions"}],"predecessor-version":[{"id":60720,"href":"https:\/\/vocesparalelas.com.ar\/sitio\/wp-json\/wp\/v2\/posts\/60715\/revisions\/60720"}],"wp:featuredmedia":[{"embeddable":true,"href":"https:\/\/vocesparalelas.com.ar\/sitio\/wp-json\/wp\/v2\/media\/60718"}],"wp:attachment":[{"href":"https:\/\/vocesparalelas.com.ar\/sitio\/wp-json\/wp\/v2\/media?parent=60715"}],"wp:term":[{"taxonomy":"category","embeddable":true,"href":"https:\/\/vocesparalelas.com.ar\/sitio\/wp-json\/wp\/v2\/categories?post=60715"},{"taxonomy":"post_tag","embeddable":true,"href":"https:\/\/vocesparalelas.com.ar\/sitio\/wp-json\/wp\/v2\/tags?post=60715"}],"curies":[{"name":"wp","href":"https:\/\/api.w.org\/{rel}","templated":true}]}}