{"id":60706,"date":"2023-07-01T21:05:53","date_gmt":"2023-07-02T00:05:53","guid":{"rendered":"https:\/\/vocesparalelas.com.ar\/sitio\/?p=60706"},"modified":"2023-07-05T14:12:57","modified_gmt":"2023-07-05T17:12:57","slug":"campana-de-comunicacion-de-la-ciencia-de-la-unsj-5","status":"publish","type":"post","link":"https:\/\/vocesparalelas.com.ar\/sitio\/campana-de-comunicacion-de-la-ciencia-de-la-unsj-5\/","title":{"rendered":"\u00abCampa\u00f1a de Comunicaci\u00f3n de la Ciencia\u00bb de la UNSJ"},"content":{"rendered":"<p>La Universidad Nacional de San Juan contin\u00faa\u00a0 con la \u201cCampa\u00f1a de Comunicaci\u00f3n de la Ciencia\u00bb y apoyando la iniciativa Voces Paralelas publica el Cap\u00edtulos I; II y III del Lic. Hern\u00e1n Garc\u00eda\u201d, para reflejar los avances de conocimiento desde la Licenciatura en Inform\u00e1tica, carrera de grado que se dicta en la Facultad de Ciencias Exactas, F\u00edsicas y Naturales de la Universidad Nacional de San Juan, en el marco de los 50 aniversario de la UNSJ 1973 \u2013 2023.<\/p>\n<p><strong><span lang=\"ES-AR\" style=\"color: #0000ff;\">Cap\u00edtulo I<\/span><\/strong><\/p>\n<p><iframe loading=\"lazy\" title=\"UNSJ LIC HERN\u00c1N GARC\u00cdA 01\" width=\"800\" height=\"450\" src=\"https:\/\/www.youtube.com\/embed\/g0AG9hXrzc8?feature=oembed\" frameborder=\"0\" allow=\"accelerometer; autoplay; clipboard-write; encrypted-media; gyroscope; picture-in-picture; web-share\" allowfullscreen><\/iframe><\/p>\n<p>&nbsp;<\/p>\n<p><span style=\"color: #0000ff;\"><strong><span lang=\"ES-AR\">Cap\u00edtulo II<\/span><\/strong><\/span><\/p>\n<p><iframe loading=\"lazy\" title=\"UNSJ LIC HERN\u00c1N GARC\u00cdA 02\" width=\"800\" height=\"450\" src=\"https:\/\/www.youtube.com\/embed\/rv9PjfIiVLM?feature=oembed\" frameborder=\"0\" allow=\"accelerometer; autoplay; clipboard-write; encrypted-media; gyroscope; picture-in-picture; web-share\" allowfullscreen><\/iframe><\/p>\n<p><strong><span lang=\"ES-AR\" style=\"color: #0000ff;\">Cap\u00edtulo III<\/span><\/strong><\/p>\n<p><iframe loading=\"lazy\" title=\"UNSJ LIC HERN\u00c1N GARC\u00cdA 03\" width=\"800\" height=\"450\" src=\"https:\/\/www.youtube.com\/embed\/lR7hTm8UsIg?feature=oembed\" frameborder=\"0\" allow=\"accelerometer; autoplay; clipboard-write; encrypted-media; gyroscope; picture-in-picture; web-share\" allowfullscreen><\/iframe><\/p>\n<figure id=\"attachment_26107\" aria-describedby=\"caption-attachment-26107\" style=\"width: 800px\" class=\"wp-caption alignnone\"><img loading=\"lazy\" decoding=\"async\" class=\"size-large wp-image-26107\" src=\"https:\/\/vocesparalelas.com.ar\/sitio\/wp-content\/uploads\/2020\/01\/FCEFN-UNSJ-EDIFICIO-800x489.jpg\" alt=\"\" width=\"800\" height=\"489\" srcset=\"https:\/\/vocesparalelas.com.ar\/sitio\/wp-content\/uploads\/2020\/01\/FCEFN-UNSJ-EDIFICIO.jpg 800w, https:\/\/vocesparalelas.com.ar\/sitio\/wp-content\/uploads\/2020\/01\/FCEFN-UNSJ-EDIFICIO-300x183.jpg 300w, https:\/\/vocesparalelas.com.ar\/sitio\/wp-content\/uploads\/2020\/01\/FCEFN-UNSJ-EDIFICIO-768x469.jpg 768w\" sizes=\"auto, (max-width: 800px) 100vw, 800px\" \/><figcaption id=\"caption-attachment-26107\" class=\"wp-caption-text\">Edificio de la FCEFN de la UNSJ<\/figcaption><\/figure>\n<p><img loading=\"lazy\" decoding=\"async\" class=\"alignnone size-full wp-image-54035\" src=\"https:\/\/vocesparalelas.com.ar\/sitio\/wp-content\/uploads\/2022\/11\/UNSJ-LOGO-10.jpg\" alt=\"\" width=\"800\" height=\"533\" srcset=\"https:\/\/vocesparalelas.com.ar\/sitio\/wp-content\/uploads\/2022\/11\/UNSJ-LOGO-10.jpg 800w, https:\/\/vocesparalelas.com.ar\/sitio\/wp-content\/uploads\/2022\/11\/UNSJ-LOGO-10-300x200.jpg 300w, https:\/\/vocesparalelas.com.ar\/sitio\/wp-content\/uploads\/2022\/11\/UNSJ-LOGO-10-768x512.jpg 768w\" sizes=\"auto, (max-width: 800px) 100vw, 800px\" \/><\/p>\n","protected":false},"excerpt":{"rendered":"<p>La Universidad Nacional de San Juan contin\u00faa\u00a0 con la \u201cCampa\u00f1a de Comunicaci\u00f3n de la Ciencia\u00bb y apoyando la iniciativa Voces<\/p>\n","protected":false},"author":3,"featured_media":53945,"comment_status":"closed","ping_status":"closed","sticky":false,"template":"","format":"standard","meta":{"_acf_changed":false,"_seopress_robots_primary_cat":"none","_seopress_titles_title":"","_seopress_titles_desc":"","_seopress_robots_index":"","colormag_page_container_layout":"default_layout","colormag_page_sidebar_layout":"default_layout","footnotes":""},"categories":[10,7],"tags":[],"class_list":["post-60706","post","type-post","status-publish","format-standard","has-post-thumbnail","hentry","category-opiniones","category-videos"],"acf":[],"_links":{"self":[{"href":"https:\/\/vocesparalelas.com.ar\/sitio\/wp-json\/wp\/v2\/posts\/60706","targetHints":{"allow":["GET"]}}],"collection":[{"href":"https:\/\/vocesparalelas.com.ar\/sitio\/wp-json\/wp\/v2\/posts"}],"about":[{"href":"https:\/\/vocesparalelas.com.ar\/sitio\/wp-json\/wp\/v2\/types\/post"}],"author":[{"embeddable":true,"href":"https:\/\/vocesparalelas.com.ar\/sitio\/wp-json\/wp\/v2\/users\/3"}],"replies":[{"embeddable":true,"href":"https:\/\/vocesparalelas.com.ar\/sitio\/wp-json\/wp\/v2\/comments?post=60706"}],"version-history":[{"count":1,"href":"https:\/\/vocesparalelas.com.ar\/sitio\/wp-json\/wp\/v2\/posts\/60706\/revisions"}],"predecessor-version":[{"id":60713,"href":"https:\/\/vocesparalelas.com.ar\/sitio\/wp-json\/wp\/v2\/posts\/60706\/revisions\/60713"}],"wp:featuredmedia":[{"embeddable":true,"href":"https:\/\/vocesparalelas.com.ar\/sitio\/wp-json\/wp\/v2\/media\/53945"}],"wp:attachment":[{"href":"https:\/\/vocesparalelas.com.ar\/sitio\/wp-json\/wp\/v2\/media?parent=60706"}],"wp:term":[{"taxonomy":"category","embeddable":true,"href":"https:\/\/vocesparalelas.com.ar\/sitio\/wp-json\/wp\/v2\/categories?post=60706"},{"taxonomy":"post_tag","embeddable":true,"href":"https:\/\/vocesparalelas.com.ar\/sitio\/wp-json\/wp\/v2\/tags?post=60706"}],"curies":[{"name":"wp","href":"https:\/\/api.w.org\/{rel}","templated":true}]}}