{"id":60701,"date":"2023-07-01T20:46:18","date_gmt":"2023-07-01T23:46:18","guid":{"rendered":"https:\/\/vocesparalelas.com.ar\/sitio\/?p=60701"},"modified":"2023-07-03T00:06:03","modified_gmt":"2023-07-03T03:06:03","slug":"gran-gala-lirica-italian-opera-night-del-mozarteum-argentino-san-juan","status":"publish","type":"post","link":"https:\/\/vocesparalelas.com.ar\/sitio\/gran-gala-lirica-italian-opera-night-del-mozarteum-argentino-san-juan\/","title":{"rendered":"Gran gala l\u00edrica \u201cItalian Opera Night\u201d del Mozarteum Argentino San Juan"},"content":{"rendered":"<p>El Ministerio de Turismo y Cultura del Gobierno de San Juan junto al Mozarteum Argentino San Juan y la Associazione Internazionale delle Culture Unite de Italia, presentan la gran gala l\u00edrica \u201cItalian Opera Night\u201d, en el marco de su cuarta funci\u00f3n de abono, el Jueves, 6 de Julio, a las 21:30 hs.; en el Auditorio Juan Victoria.<\/p>\n<p>El concierto cuenta con la direcci\u00f3n de Lorenzo Tazzieri, uno de los m\u00e1s acreditados exponentes de la generaci\u00f3n italiana de directores de orquesta. En esta ocasi\u00f3n, est\u00e1 acompa\u00f1ado por las voces de reconocidos cantantes, la soprano Camila Guggiana y el tenor Davide Piaggio.<\/p>\n<p>Los abonos y entradas est\u00e1n en venta en la oficina de Mozarteum, de Lunes a Viernes, de 9 a 12:30 hs. El d\u00eda de la funci\u00f3n, se pueden adquirir en la boleter\u00eda del Auditorio a partir de las 19 hs. El valor de la entrada general es de $ 3.000 y la entrada para menores de 30 a\u00f1os, $1.600.<\/p>\n<p><img loading=\"lazy\" decoding=\"async\" class=\"alignnone size-full wp-image-60704\" src=\"https:\/\/vocesparalelas.com.ar\/sitio\/wp-content\/uploads\/2023\/07\/Mozarteum-LOGO.jpg\" alt=\"\" width=\"800\" height=\"206\" srcset=\"https:\/\/vocesparalelas.com.ar\/sitio\/wp-content\/uploads\/2023\/07\/Mozarteum-LOGO.jpg 800w, https:\/\/vocesparalelas.com.ar\/sitio\/wp-content\/uploads\/2023\/07\/Mozarteum-LOGO-300x77.jpg 300w, https:\/\/vocesparalelas.com.ar\/sitio\/wp-content\/uploads\/2023\/07\/Mozarteum-LOGO-768x198.jpg 768w\" sizes=\"auto, (max-width: 800px) 100vw, 800px\" \/><\/p>\n<p>&nbsp;<\/p>\n<p>&nbsp;<\/p>\n<p>&nbsp;<\/p>\n","protected":false},"excerpt":{"rendered":"<p>El Ministerio de Turismo y Cultura del Gobierno de San Juan junto al Mozarteum Argentino San Juan y la Associazione<\/p>\n","protected":false},"author":3,"featured_media":4322,"comment_status":"closed","ping_status":"closed","sticky":false,"template":"","format":"standard","meta":{"_acf_changed":false,"_seopress_robots_primary_cat":"none","_seopress_titles_title":"","_seopress_titles_desc":"","_seopress_robots_index":"","colormag_page_container_layout":"default_layout","colormag_page_sidebar_layout":"default_layout","footnotes":""},"categories":[20],"tags":[],"class_list":["post-60701","post","type-post","status-publish","format-standard","has-post-thumbnail","hentry","category-cartelera"],"acf":[],"_links":{"self":[{"href":"https:\/\/vocesparalelas.com.ar\/sitio\/wp-json\/wp\/v2\/posts\/60701","targetHints":{"allow":["GET"]}}],"collection":[{"href":"https:\/\/vocesparalelas.com.ar\/sitio\/wp-json\/wp\/v2\/posts"}],"about":[{"href":"https:\/\/vocesparalelas.com.ar\/sitio\/wp-json\/wp\/v2\/types\/post"}],"author":[{"embeddable":true,"href":"https:\/\/vocesparalelas.com.ar\/sitio\/wp-json\/wp\/v2\/users\/3"}],"replies":[{"embeddable":true,"href":"https:\/\/vocesparalelas.com.ar\/sitio\/wp-json\/wp\/v2\/comments?post=60701"}],"version-history":[{"count":1,"href":"https:\/\/vocesparalelas.com.ar\/sitio\/wp-json\/wp\/v2\/posts\/60701\/revisions"}],"predecessor-version":[{"id":60705,"href":"https:\/\/vocesparalelas.com.ar\/sitio\/wp-json\/wp\/v2\/posts\/60701\/revisions\/60705"}],"wp:featuredmedia":[{"embeddable":true,"href":"https:\/\/vocesparalelas.com.ar\/sitio\/wp-json\/wp\/v2\/media\/4322"}],"wp:attachment":[{"href":"https:\/\/vocesparalelas.com.ar\/sitio\/wp-json\/wp\/v2\/media?parent=60701"}],"wp:term":[{"taxonomy":"category","embeddable":true,"href":"https:\/\/vocesparalelas.com.ar\/sitio\/wp-json\/wp\/v2\/categories?post=60701"},{"taxonomy":"post_tag","embeddable":true,"href":"https:\/\/vocesparalelas.com.ar\/sitio\/wp-json\/wp\/v2\/tags?post=60701"}],"curies":[{"name":"wp","href":"https:\/\/api.w.org\/{rel}","templated":true}]}}