{"id":60696,"date":"2023-07-01T20:04:46","date_gmt":"2023-07-01T23:04:46","guid":{"rendered":"https:\/\/vocesparalelas.com.ar\/sitio\/?p=60696"},"modified":"2023-07-03T00:05:25","modified_gmt":"2023-07-03T03:05:25","slug":"cordillera-arriba-en-el-tb-de-san-juan","status":"publish","type":"post","link":"https:\/\/vocesparalelas.com.ar\/sitio\/cordillera-arriba-en-el-tb-de-san-juan\/","title":{"rendered":"\u201cCordillera arriba\u201d en el TB de San Juan"},"content":{"rendered":"<p>El Ministerio de Turismo y Cultura del Gobierno de San Juan, a trav\u00e9s del Teatro del Bicentenario, presenta \u201cCordillera Arriba\u201d, el Viernes, 14 de Julio, a las 21 hs, en la Sala Audit\u00f3rium del TB.<\/p>\n<p>Es un espect\u00e1culo transdisciplinar con m\u00fasica a cargo del pianista Tito Oliva producto de un proyecto de los seleccionados 2023 para formar parte de la Ley de Mecenazgo Cultural.<\/p>\n<p>A partir de poes\u00edas del escritor de San Juan Jorge Le\u00f3nidas Escudero &#8211; 1920- 2016, la puesta en escena toma forma integrando m\u00fasica original para piano, canto l\u00edrico, proyecci\u00f3n de im\u00e1genes en movimiento y coreograf\u00edas danc\u00edsticas.<\/p>\n<p>La elaboraci\u00f3n conceptual de la obra se apoya en tem\u00e1ticas presentes en los textos del poeta, que representan ideas paradigm\u00e1ticas como lo tel\u00farico, lo regional, la tradici\u00f3n y la temporalidad. Los bailarines y cantantes construyen en conjunto una emocionante puesta que desaf\u00eda los l\u00edmites de la expresi\u00f3n art\u00edstica.<\/p>\n<p>La obra consiste en doce escenas basadas cada una de ellas en una poes\u00eda, que se suceden a manera de una galer\u00eda. La m\u00fasica sigue el derrotero de la palabra sin encapsularse en una forma musical a priori.<\/p>\n<p>El nombre de la obra, que corresponde a una de las poes\u00edas, evoca el paisaje sanjuanino. Enmarca toda la puesta la impronta de este paisaje agreste, aunque esclarecedor.<\/p>\n<p>Con la direcci\u00f3n art\u00edstica y visual de Silvina Mart\u00ednez, producci\u00f3n general y art\u00edstica de Isabel Rostagno y coreograf\u00eda de Carla Vellio, \u201cCordillera Arriba\u201d sorprender\u00e1 al p\u00fablico en una noche inolvidable.<\/p>\n<p>La entrada general de $1200 puede adquirirse en Boleter\u00eda del TB de lunes a viernes de 9 30 a 14 hs, de 16 a 20hs y los d\u00edas s\u00e1bados de 10 a 13 30hs, o el d\u00eda de la funci\u00f3n desde una hora antes de la misma. Tambi\u00e9n pueden adquirirse online<\/p>\n<p><a href=\"https:\/\/tbsj.tuentrada.com\/selection\/event\/date?productId=10228796862065\">https:\/\/tbsj.tuentrada.com\/selection\/event\/date?productId=10228796862065<\/a><\/p>\n<p>&nbsp;<\/p>\n<figure id=\"attachment_32104\" aria-describedby=\"caption-attachment-32104\" style=\"width: 800px\" class=\"wp-caption alignnone\"><img loading=\"lazy\" decoding=\"async\" class=\"size-full wp-image-32104\" src=\"https:\/\/vocesparalelas.com.ar\/sitio\/wp-content\/uploads\/2020\/10\/TEATRO-DEL-BICENTENARIO.jpg\" alt=\"\" width=\"800\" height=\"475\" srcset=\"https:\/\/vocesparalelas.com.ar\/sitio\/wp-content\/uploads\/2020\/10\/TEATRO-DEL-BICENTENARIO.jpg 800w, https:\/\/vocesparalelas.com.ar\/sitio\/wp-content\/uploads\/2020\/10\/TEATRO-DEL-BICENTENARIO-300x178.jpg 300w, https:\/\/vocesparalelas.com.ar\/sitio\/wp-content\/uploads\/2020\/10\/TEATRO-DEL-BICENTENARIO-768x456.jpg 768w\" sizes=\"auto, (max-width: 800px) 100vw, 800px\" \/><figcaption id=\"caption-attachment-32104\" class=\"wp-caption-text\">Teatro del Bicentenario<\/figcaption><\/figure>\n","protected":false},"excerpt":{"rendered":"<p>El Ministerio de Turismo y Cultura del Gobierno de San Juan, a trav\u00e9s del Teatro del Bicentenario, presenta \u201cCordillera Arriba\u201d,<\/p>\n","protected":false},"author":3,"featured_media":60699,"comment_status":"closed","ping_status":"closed","sticky":false,"template":"","format":"standard","meta":{"_acf_changed":false,"_seopress_robots_primary_cat":"none","_seopress_titles_title":"","_seopress_titles_desc":"","_seopress_robots_index":"","colormag_page_container_layout":"default_layout","colormag_page_sidebar_layout":"default_layout","footnotes":""},"categories":[20],"tags":[],"class_list":["post-60696","post","type-post","status-publish","format-standard","has-post-thumbnail","hentry","category-cartelera"],"acf":[],"_links":{"self":[{"href":"https:\/\/vocesparalelas.com.ar\/sitio\/wp-json\/wp\/v2\/posts\/60696","targetHints":{"allow":["GET"]}}],"collection":[{"href":"https:\/\/vocesparalelas.com.ar\/sitio\/wp-json\/wp\/v2\/posts"}],"about":[{"href":"https:\/\/vocesparalelas.com.ar\/sitio\/wp-json\/wp\/v2\/types\/post"}],"author":[{"embeddable":true,"href":"https:\/\/vocesparalelas.com.ar\/sitio\/wp-json\/wp\/v2\/users\/3"}],"replies":[{"embeddable":true,"href":"https:\/\/vocesparalelas.com.ar\/sitio\/wp-json\/wp\/v2\/comments?post=60696"}],"version-history":[{"count":1,"href":"https:\/\/vocesparalelas.com.ar\/sitio\/wp-json\/wp\/v2\/posts\/60696\/revisions"}],"predecessor-version":[{"id":60700,"href":"https:\/\/vocesparalelas.com.ar\/sitio\/wp-json\/wp\/v2\/posts\/60696\/revisions\/60700"}],"wp:featuredmedia":[{"embeddable":true,"href":"https:\/\/vocesparalelas.com.ar\/sitio\/wp-json\/wp\/v2\/media\/60699"}],"wp:attachment":[{"href":"https:\/\/vocesparalelas.com.ar\/sitio\/wp-json\/wp\/v2\/media?parent=60696"}],"wp:term":[{"taxonomy":"category","embeddable":true,"href":"https:\/\/vocesparalelas.com.ar\/sitio\/wp-json\/wp\/v2\/categories?post=60696"},{"taxonomy":"post_tag","embeddable":true,"href":"https:\/\/vocesparalelas.com.ar\/sitio\/wp-json\/wp\/v2\/tags?post=60696"}],"curies":[{"name":"wp","href":"https:\/\/api.w.org\/{rel}","templated":true}]}}