{"id":60654,"date":"2023-06-30T19:32:22","date_gmt":"2023-06-30T22:32:22","guid":{"rendered":"https:\/\/vocesparalelas.com.ar\/sitio\/?p=60654"},"modified":"2023-06-30T19:38:42","modified_gmt":"2023-06-30T22:38:42","slug":"entregaron-la-herramienta-expresate-a-escuelas-de-san-juan","status":"publish","type":"post","link":"https:\/\/vocesparalelas.com.ar\/sitio\/entregaron-la-herramienta-expresate-a-escuelas-de-san-juan\/","title":{"rendered":"Entregaron la herramienta \u201cExpresate\u201d a Escuelas de San Juan"},"content":{"rendered":"<div class=\"itemFullText jbintrotext\">\n<p>Una delegaci\u00f3n de representantes del Fondo Editorial de la C\u00e1mara de Diputados de San Juan, arrib\u00f3 a Colegio La Inmaculada para realizar la presentaci\u00f3n oficial ante los docentes de este instrumento l\u00fadico-did\u00e1ctico para interacciones \u00e1ulicas destinado a los adolescentes de escuelas secundarias de San Juan.<\/p>\n<\/div>\n<div class=\"itemFullText\">\n<p>De la jornada participaron la directora de Educaci\u00f3n Privada del Ministerio de Educaci\u00f3n, Lic. Liliana Piegaia y como due\u00f1a de casa, la directora del Colegio La Inmaculada, Paulina Novoa y cabe se\u00f1alar que fue exhibido un video institucional acerca de \u00abExpresate\u00bb.<\/p>\n<p>El encuentro tuvo como objetivo fundamental que las integrantes del Fondo Editorial explicaran tanto la mec\u00e1nica como la implementaci\u00f3n de la herramienta \u201cExpresate\u201d a los docentes de distintos establecimientos de Nivel Medio de Educaci\u00f3n Privada, ya que est\u00e1 orientada a profesores de las asignaturas \u201cAdolescencia en el mundo actual\u201d y \u201cOrientaci\u00f3n y tutor\u00eda\u201d, que corresponden al primero (1\u00b0) y tercero (3\u00b0) a\u00f1o del ciclo b\u00e1sico de Educaci\u00f3n Secundaria.<\/p>\n<p>Es oportuno consignar que el objetivo central de \u201cExpresate\u201d es promover la expresi\u00f3n de sentimientos, creencias y opiniones en el marco del aula.<\/p>\n<p><iframe loading=\"lazy\" title=\"CDSJ JUEGO EXPRESATE\" width=\"800\" height=\"450\" src=\"https:\/\/www.youtube.com\/embed\/J2Q9fOFPkpM?feature=oembed\" frameborder=\"0\" allow=\"accelerometer; autoplay; clipboard-write; encrypted-media; gyroscope; picture-in-picture; web-share\" allowfullscreen><\/iframe><\/p>\n<p>En la ocasi\u00f3n, participaron la responsable del Fondo Editorial, Lic. Sandra Luna y quienes componen este organismo, a saber: Eliana Fracapani, Bel\u00e9n Garay, Ver\u00f3nica Idemi, Lourdes Doncel, Mariana Gonz\u00e1lez, Vanesa Portillo, Milagros Lima y Paula Pe\u00f1a.<\/p>\n<p>Sobre el final fue entregada la herramienta \u201cExpresate\u201d a los docentes presentes que representaron a las distintas escuelas de nivel secundario de San Juan.<\/p>\n<p><img loading=\"lazy\" decoding=\"async\" class=\"alignnone size-full wp-image-60236\" src=\"https:\/\/vocesparalelas.com.ar\/sitio\/wp-content\/uploads\/2023\/06\/CDSJ-EDUCACION-01.jpg\" alt=\"\" width=\"800\" height=\"533\" srcset=\"https:\/\/vocesparalelas.com.ar\/sitio\/wp-content\/uploads\/2023\/06\/CDSJ-EDUCACION-01.jpg 800w, https:\/\/vocesparalelas.com.ar\/sitio\/wp-content\/uploads\/2023\/06\/CDSJ-EDUCACION-01-300x200.jpg 300w, https:\/\/vocesparalelas.com.ar\/sitio\/wp-content\/uploads\/2023\/06\/CDSJ-EDUCACION-01-768x512.jpg 768w\" sizes=\"auto, (max-width: 800px) 100vw, 800px\" \/><\/p>\n<\/div>\n<p><iframe loading=\"lazy\" title=\"CDSJ JUEGO EXPRESATE\" width=\"800\" height=\"450\" src=\"https:\/\/www.youtube.com\/embed\/8gBE89-qXAE?start=5&#038;feature=oembed\" frameborder=\"0\" allow=\"accelerometer; autoplay; clipboard-write; encrypted-media; gyroscope; picture-in-picture; web-share\" allowfullscreen><\/iframe><\/p>\n","protected":false},"excerpt":{"rendered":"<p>Una delegaci\u00f3n de representantes del Fondo Editorial de la C\u00e1mara de Diputados de San Juan, arrib\u00f3 a Colegio La Inmaculada<\/p>\n","protected":false},"author":3,"featured_media":60659,"comment_status":"closed","ping_status":"closed","sticky":false,"template":"","format":"standard","meta":{"_acf_changed":false,"_seopress_robots_primary_cat":"none","_seopress_titles_title":"","_seopress_titles_desc":"","_seopress_robots_index":"","colormag_page_container_layout":"default_layout","colormag_page_sidebar_layout":"default_layout","footnotes":""},"categories":[1,7],"tags":[],"class_list":["post-60654","post","type-post","status-publish","format-standard","has-post-thumbnail","hentry","category-destacadas","category-videos"],"acf":[],"_links":{"self":[{"href":"https:\/\/vocesparalelas.com.ar\/sitio\/wp-json\/wp\/v2\/posts\/60654","targetHints":{"allow":["GET"]}}],"collection":[{"href":"https:\/\/vocesparalelas.com.ar\/sitio\/wp-json\/wp\/v2\/posts"}],"about":[{"href":"https:\/\/vocesparalelas.com.ar\/sitio\/wp-json\/wp\/v2\/types\/post"}],"author":[{"embeddable":true,"href":"https:\/\/vocesparalelas.com.ar\/sitio\/wp-json\/wp\/v2\/users\/3"}],"replies":[{"embeddable":true,"href":"https:\/\/vocesparalelas.com.ar\/sitio\/wp-json\/wp\/v2\/comments?post=60654"}],"version-history":[{"count":1,"href":"https:\/\/vocesparalelas.com.ar\/sitio\/wp-json\/wp\/v2\/posts\/60654\/revisions"}],"predecessor-version":[{"id":60657,"href":"https:\/\/vocesparalelas.com.ar\/sitio\/wp-json\/wp\/v2\/posts\/60654\/revisions\/60657"}],"wp:featuredmedia":[{"embeddable":true,"href":"https:\/\/vocesparalelas.com.ar\/sitio\/wp-json\/wp\/v2\/media\/60659"}],"wp:attachment":[{"href":"https:\/\/vocesparalelas.com.ar\/sitio\/wp-json\/wp\/v2\/media?parent=60654"}],"wp:term":[{"taxonomy":"category","embeddable":true,"href":"https:\/\/vocesparalelas.com.ar\/sitio\/wp-json\/wp\/v2\/categories?post=60654"},{"taxonomy":"post_tag","embeddable":true,"href":"https:\/\/vocesparalelas.com.ar\/sitio\/wp-json\/wp\/v2\/tags?post=60654"}],"curies":[{"name":"wp","href":"https:\/\/api.w.org\/{rel}","templated":true}]}}