{"id":60634,"date":"2023-06-29T22:27:34","date_gmt":"2023-06-30T01:27:34","guid":{"rendered":"https:\/\/vocesparalelas.com.ar\/sitio\/?p=60634"},"modified":"2023-06-30T00:28:34","modified_gmt":"2023-06-30T03:28:34","slug":"valiosos-documentos-de-vialidad-provincial-se-suman-al-archivo-de-la-provincia-de-san-juan","status":"publish","type":"post","link":"https:\/\/vocesparalelas.com.ar\/sitio\/valiosos-documentos-de-vialidad-provincial-se-suman-al-archivo-de-la-provincia-de-san-juan\/","title":{"rendered":"Valiosos documentos de Vialidad Provincial se suman al Archivo de la Provincia de San Juan"},"content":{"rendered":"<p>El Ministerio de Gobierno, a trav\u00e9s de su Direcci\u00f3n de Archivo General de la Provincia, recibi\u00f3 una importante cantidad de documentaci\u00f3n hist\u00f3rica procedente de la Direcci\u00f3n Provincial de Vialidad, en un acto realizado en la Sala de Digitalizaci\u00f3n del AGP en el Centro C\u00edvico, trat\u00e1ndose de 20 libros que refieren a informaci\u00f3n con aproximadamente 90 a\u00f1os de antig\u00fcedad.<\/p>\n<p>El dep\u00f3sito de los documentos abarca un total de 8000 archivos con historia del \u00e1rea de Vialidad Provincial, tanto en soporte f\u00edsico como digital, conteniendo datos sobre aspectos como turismo, transporte p\u00fablico de pasajeros y transporte de carga, caminos y obras viales, as\u00ed como informaci\u00f3n sobre proyectos de infraestructura en transporte relacionados a zonas productivas en San Juan, desde el a\u00f1o 1935.<\/p>\n<p>Cabe destacar que el AGP, en su tarea de\u00a0instituci\u00f3n guardiana de la documentaci\u00f3n hist\u00f3rica\u00a0de San Juan, realizar\u00e1 labores de conservaci\u00f3n, gesti\u00f3n y administraci\u00f3n del material recibido, sentando condiciones de calidad para la guarda y consulta acad\u00e9mica de estos archivos, conservados en buen estado por el equipo del Archivo Central de Vialidad a cargo de Edgardo Ahumada.<\/p>\n<p>El traspaso de los archivos de Vialidad Provincial al Archivo, realizado en el marco de la Ley Provincial 279-A, cont\u00f3 con la presencia del secretario de Relaciones Institucionales Marcelo Fretes, el director del Archivo General de la Provincia Gast\u00f3n Reino y autoridades del AGP; as\u00ed como el director de Vialidad Provincial Alfredo Cevallos y Edgardo Ahumada, jefe del Archivo Central de Vialidad.<\/p>\n<p><img loading=\"lazy\" decoding=\"async\" class=\"alignnone size-full wp-image-43069\" src=\"https:\/\/vocesparalelas.com.ar\/sitio\/wp-content\/uploads\/2021\/10\/MEMORIA-ARCHIVO.jpg\" alt=\"\" width=\"800\" height=\"466\" srcset=\"https:\/\/vocesparalelas.com.ar\/sitio\/wp-content\/uploads\/2021\/10\/MEMORIA-ARCHIVO.jpg 800w, https:\/\/vocesparalelas.com.ar\/sitio\/wp-content\/uploads\/2021\/10\/MEMORIA-ARCHIVO-300x175.jpg 300w, https:\/\/vocesparalelas.com.ar\/sitio\/wp-content\/uploads\/2021\/10\/MEMORIA-ARCHIVO-768x447.jpg 768w\" sizes=\"auto, (max-width: 800px) 100vw, 800px\" \/><\/p>\n<p>&nbsp;<\/p>\n<p>&nbsp;<\/p>\n<p>&nbsp;<\/p>\n","protected":false},"excerpt":{"rendered":"<p>El Ministerio de Gobierno, a trav\u00e9s de su Direcci\u00f3n de Archivo General de la Provincia, recibi\u00f3 una importante cantidad de<\/p>\n","protected":false},"author":3,"featured_media":60637,"comment_status":"closed","ping_status":"closed","sticky":false,"template":"","format":"standard","meta":{"_acf_changed":false,"_seopress_robots_primary_cat":"none","_seopress_titles_title":"","_seopress_titles_desc":"","_seopress_robots_index":"","colormag_page_container_layout":"default_layout","colormag_page_sidebar_layout":"default_layout","footnotes":""},"categories":[1],"tags":[],"class_list":["post-60634","post","type-post","status-publish","format-standard","has-post-thumbnail","hentry","category-destacadas"],"acf":[],"_links":{"self":[{"href":"https:\/\/vocesparalelas.com.ar\/sitio\/wp-json\/wp\/v2\/posts\/60634","targetHints":{"allow":["GET"]}}],"collection":[{"href":"https:\/\/vocesparalelas.com.ar\/sitio\/wp-json\/wp\/v2\/posts"}],"about":[{"href":"https:\/\/vocesparalelas.com.ar\/sitio\/wp-json\/wp\/v2\/types\/post"}],"author":[{"embeddable":true,"href":"https:\/\/vocesparalelas.com.ar\/sitio\/wp-json\/wp\/v2\/users\/3"}],"replies":[{"embeddable":true,"href":"https:\/\/vocesparalelas.com.ar\/sitio\/wp-json\/wp\/v2\/comments?post=60634"}],"version-history":[{"count":2,"href":"https:\/\/vocesparalelas.com.ar\/sitio\/wp-json\/wp\/v2\/posts\/60634\/revisions"}],"predecessor-version":[{"id":60639,"href":"https:\/\/vocesparalelas.com.ar\/sitio\/wp-json\/wp\/v2\/posts\/60634\/revisions\/60639"}],"wp:featuredmedia":[{"embeddable":true,"href":"https:\/\/vocesparalelas.com.ar\/sitio\/wp-json\/wp\/v2\/media\/60637"}],"wp:attachment":[{"href":"https:\/\/vocesparalelas.com.ar\/sitio\/wp-json\/wp\/v2\/media?parent=60634"}],"wp:term":[{"taxonomy":"category","embeddable":true,"href":"https:\/\/vocesparalelas.com.ar\/sitio\/wp-json\/wp\/v2\/categories?post=60634"},{"taxonomy":"post_tag","embeddable":true,"href":"https:\/\/vocesparalelas.com.ar\/sitio\/wp-json\/wp\/v2\/tags?post=60634"}],"curies":[{"name":"wp","href":"https:\/\/api.w.org\/{rel}","templated":true}]}}