{"id":60629,"date":"2023-06-29T22:18:27","date_gmt":"2023-06-30T01:18:27","guid":{"rendered":"https:\/\/vocesparalelas.com.ar\/sitio\/?p=60629"},"modified":"2023-07-01T23:27:32","modified_gmt":"2023-07-02T02:27:32","slug":"ii-cohorte-del-plan-nacional-de-inclusion-digital-educativa-2023","status":"publish","type":"post","link":"https:\/\/vocesparalelas.com.ar\/sitio\/ii-cohorte-del-plan-nacional-de-inclusion-digital-educativa-2023\/","title":{"rendered":"II Cohorte del Plan Nacional de Inclusi\u00f3n Digital Educativa 2023"},"content":{"rendered":"<p>Conectar Igualdad San Juan comenz\u00f3 la II Cohorte del Plan Nacional de Inclusi\u00f3n Digital Educativa (PNIDE) 2023, dando continuidad al desarrollado en septiembre 2022. En el taller participaron directores y supervisores de Educaci\u00f3n Secundaria y se realiz\u00f3 en las instalaciones de Conectar Lab.<\/p>\n<p>En primer t\u00e9rmino, el referente jurisdiccional Marcelo Mondre dio la bienvenida destacando el compromiso por la participaci\u00f3n que evidencia el inter\u00e9s por capacitarse. Luego la coordinadora pedag\u00f3gica Eliana Leiva present\u00f3 el cronograma de actividades de los encuentros. Mientras que los facilitadores pedag\u00f3gicos compartieron experiencias trabajadas en el 2022 y explicaron las hojas de ruta con la que se aborda cada \u00e1rea. Respondieron consultas y brindaron contactos, estableciendo un espacio de comunicaci\u00f3n e intercambio de ideas.<\/p>\n<p>Posteriormente se realizaron encuentros virtuales de las \u00e1reas Lengua, Matem\u00e1tica y Ciencias Naturales y Sociales.<\/p>\n<p><span style=\"color: #ff6600;\"><strong>Lengua<\/strong><\/span><\/p>\n<p>Se presentaron los prop\u00f3sitos de la propuesta pedag\u00f3gica y la importancia de aplicarlos en las aulas. Los docentes a partir de la lectura de un cuento, elabor\u00f3 y comparti\u00f3 una propuesta de trabajo incluyendo las actividades presentadas en la secuencia, acordando llevar adelante la propuesta.<\/p>\n<p><span style=\"color: #ff6600;\"><strong>Matem\u00e1tica<\/strong><\/span><\/p>\n<p>En el Taller de Matem\u00e1tica se presentaron herramientas y recursos digitales para el trabajo en el aula, se discutieron los desaf\u00edos y oportunidades que presentan las tecnolog\u00edas digitales en el \u00e1mbito educativo, explorando la p\u00e1gina de Conectar Igualdad. A lo largo del taller, se analizaron los desaf\u00edos y oportunidades que presentan las tecnolog\u00edas digitales en el \u00e1mbito educativo.<\/p>\n<p>Los talleres tambi\u00e9n se realizaron en Valle F\u00e9rtil, Calingasta y J\u00e1chal, con gran participaci\u00f3n de los docentes.<\/p>\n<p>Los educadores y facilitadores pedag\u00f3gicos valoraron la capacitaci\u00f3n, compartiendo y construyendo diversas propuestas a trav\u00e9s de las herramientas y recursos aprendidos, desde las realidades de cada instituci\u00f3n.<\/p>\n<p>&nbsp;<\/p>\n<p>&nbsp;<\/p>\n","protected":false},"excerpt":{"rendered":"<p>Conectar Igualdad San Juan comenz\u00f3 la II Cohorte del Plan Nacional de Inclusi\u00f3n Digital Educativa (PNIDE) 2023, dando continuidad al<\/p>\n","protected":false},"author":3,"featured_media":60632,"comment_status":"closed","ping_status":"closed","sticky":false,"template":"","format":"standard","meta":{"_acf_changed":false,"_seopress_robots_primary_cat":"none","_seopress_titles_title":"","_seopress_titles_desc":"","_seopress_robots_index":"","colormag_page_container_layout":"default_layout","colormag_page_sidebar_layout":"default_layout","footnotes":""},"categories":[9],"tags":[],"class_list":["post-60629","post","type-post","status-publish","format-standard","has-post-thumbnail","hentry","category-cursos"],"acf":[],"_links":{"self":[{"href":"https:\/\/vocesparalelas.com.ar\/sitio\/wp-json\/wp\/v2\/posts\/60629","targetHints":{"allow":["GET"]}}],"collection":[{"href":"https:\/\/vocesparalelas.com.ar\/sitio\/wp-json\/wp\/v2\/posts"}],"about":[{"href":"https:\/\/vocesparalelas.com.ar\/sitio\/wp-json\/wp\/v2\/types\/post"}],"author":[{"embeddable":true,"href":"https:\/\/vocesparalelas.com.ar\/sitio\/wp-json\/wp\/v2\/users\/3"}],"replies":[{"embeddable":true,"href":"https:\/\/vocesparalelas.com.ar\/sitio\/wp-json\/wp\/v2\/comments?post=60629"}],"version-history":[{"count":1,"href":"https:\/\/vocesparalelas.com.ar\/sitio\/wp-json\/wp\/v2\/posts\/60629\/revisions"}],"predecessor-version":[{"id":60633,"href":"https:\/\/vocesparalelas.com.ar\/sitio\/wp-json\/wp\/v2\/posts\/60629\/revisions\/60633"}],"wp:featuredmedia":[{"embeddable":true,"href":"https:\/\/vocesparalelas.com.ar\/sitio\/wp-json\/wp\/v2\/media\/60632"}],"wp:attachment":[{"href":"https:\/\/vocesparalelas.com.ar\/sitio\/wp-json\/wp\/v2\/media?parent=60629"}],"wp:term":[{"taxonomy":"category","embeddable":true,"href":"https:\/\/vocesparalelas.com.ar\/sitio\/wp-json\/wp\/v2\/categories?post=60629"},{"taxonomy":"post_tag","embeddable":true,"href":"https:\/\/vocesparalelas.com.ar\/sitio\/wp-json\/wp\/v2\/tags?post=60629"}],"curies":[{"name":"wp","href":"https:\/\/api.w.org\/{rel}","templated":true}]}}