{"id":60615,"date":"2023-06-29T20:59:30","date_gmt":"2023-06-29T23:59:30","guid":{"rendered":"https:\/\/vocesparalelas.com.ar\/sitio\/?p=60615"},"modified":"2023-06-30T00:44:27","modified_gmt":"2023-06-30T03:44:27","slug":"los-ciudadanos-de-san-juan-deben-ir-a-votar-el-domingo-02-de-julio-porque-comienza-la-era-de-san-juan-cambia","status":"publish","type":"post","link":"https:\/\/vocesparalelas.com.ar\/sitio\/los-ciudadanos-de-san-juan-deben-ir-a-votar-el-domingo-02-de-julio-porque-comienza-la-era-de-san-juan-cambia\/","title":{"rendered":"\u00abLos ciudadanos de San Juan deben ir a votar el Domingo, 02 de Julio porque comienza la era de San Juan Cambia\u00bb"},"content":{"rendered":"<p>Cambia San Juan que propone la f\u00f3rmula Orrego &#8211; Mart\u00edn, candidatos a Gobernador Dr. Marcelo Orrego y Vicegobernador Dr. Fabi\u00e1n Mart\u00edn realizaron una campa\u00f1a en los 19 Departamentos de San Juan para conocer las distintas realidades que la gente les comentan.<\/p>\n<p>Es as\u00ed que el trabajo de campa\u00f1a la formula se dividi\u00f3 los lugares para poder llevar el proyecto de gobierno. En esta instancia, el candidato a Vicegobernador por Cambia San Juan,\u00a0 Dr. Fabi\u00e1n Mart\u00edn, junto a sus seguidores y vecinos realizaron una caminata en el Barrio Aramburu, Departamento Rivadavia. El punto de encuentro fue la Plaza Mar\u00eda Madre de Dios. Fue mucha gente que feliz caminaron con el candidato.<\/p>\n<p>Adem\u00e1s, el candidato a Vicegobernador por Cambia San Juan,\u00a0 Dr. Fabi\u00e1n Mart\u00edn hizo declaraciones sobre las acciones que est\u00e1n realizando en la campa\u00f1a y que aconsej\u00f3 a los ciudadanos que el Domingo, 02 de Julio asista a emitir el voto ya que es muy importante cumplir con el rol c\u00edvico para que la Democracia contin\u00fae y despertar San Juan.<\/p>\n<p><iframe loading=\"lazy\" title=\"CAMBIA SAN JUAN DR FABI\u00c1N MART\u00cdN\" width=\"800\" height=\"450\" src=\"https:\/\/www.youtube.com\/embed\/7-iwiiVRUHQ?feature=oembed\" frameborder=\"0\" allow=\"accelerometer; autoplay; clipboard-write; encrypted-media; gyroscope; picture-in-picture; web-share\" allowfullscreen><\/iframe><\/p>\n<p><img loading=\"lazy\" decoding=\"async\" class=\"alignnone size-full wp-image-60618\" src=\"https:\/\/vocesparalelas.com.ar\/sitio\/wp-content\/uploads\/2023\/06\/CAMBIA-SAN-JUAN-01.jpg\" alt=\"\" width=\"800\" height=\"533\" srcset=\"https:\/\/vocesparalelas.com.ar\/sitio\/wp-content\/uploads\/2023\/06\/CAMBIA-SAN-JUAN-01.jpg 800w, https:\/\/vocesparalelas.com.ar\/sitio\/wp-content\/uploads\/2023\/06\/CAMBIA-SAN-JUAN-01-300x200.jpg 300w, https:\/\/vocesparalelas.com.ar\/sitio\/wp-content\/uploads\/2023\/06\/CAMBIA-SAN-JUAN-01-768x512.jpg 768w\" sizes=\"auto, (max-width: 800px) 100vw, 800px\" \/><\/p>\n<p><img loading=\"lazy\" decoding=\"async\" class=\"alignnone size-full wp-image-60620\" src=\"https:\/\/vocesparalelas.com.ar\/sitio\/wp-content\/uploads\/2023\/06\/CAMBIA-SAN-JUAN-03.jpg\" alt=\"\" width=\"800\" height=\"533\" srcset=\"https:\/\/vocesparalelas.com.ar\/sitio\/wp-content\/uploads\/2023\/06\/CAMBIA-SAN-JUAN-03.jpg 800w, https:\/\/vocesparalelas.com.ar\/sitio\/wp-content\/uploads\/2023\/06\/CAMBIA-SAN-JUAN-03-300x200.jpg 300w, https:\/\/vocesparalelas.com.ar\/sitio\/wp-content\/uploads\/2023\/06\/CAMBIA-SAN-JUAN-03-768x512.jpg 768w\" sizes=\"auto, (max-width: 800px) 100vw, 800px\" \/><\/p>\n<p><img loading=\"lazy\" decoding=\"async\" class=\"alignnone size-full wp-image-60621\" src=\"https:\/\/vocesparalelas.com.ar\/sitio\/wp-content\/uploads\/2023\/06\/CAMBIA-SAN-JUAN-04-1.jpg\" alt=\"\" width=\"800\" height=\"533\" srcset=\"https:\/\/vocesparalelas.com.ar\/sitio\/wp-content\/uploads\/2023\/06\/CAMBIA-SAN-JUAN-04-1.jpg 800w, https:\/\/vocesparalelas.com.ar\/sitio\/wp-content\/uploads\/2023\/06\/CAMBIA-SAN-JUAN-04-1-300x200.jpg 300w, https:\/\/vocesparalelas.com.ar\/sitio\/wp-content\/uploads\/2023\/06\/CAMBIA-SAN-JUAN-04-1-768x512.jpg 768w\" sizes=\"auto, (max-width: 800px) 100vw, 800px\" \/><\/p>\n<p>&nbsp;<\/p>\n<p><iframe loading=\"lazy\" title=\"CAMBIA SAN JUAN DR MARCELO ORREGO DR FABI\u00c1N MART\u00cdN\" width=\"800\" height=\"600\" src=\"https:\/\/www.youtube.com\/embed\/x08VY7Zm4vE?feature=oembed\" frameborder=\"0\" allow=\"accelerometer; autoplay; clipboard-write; encrypted-media; gyroscope; picture-in-picture; web-share\" allowfullscreen><\/iframe><\/p>\n<figure id=\"attachment_59780\" aria-describedby=\"caption-attachment-59780\" style=\"width: 800px\" class=\"wp-caption alignnone\"><img loading=\"lazy\" decoding=\"async\" class=\"size-full wp-image-59780\" src=\"https:\/\/vocesparalelas.com.ar\/sitio\/wp-content\/uploads\/2023\/06\/ORREGO-MARTIN-01.jpg\" alt=\"\" width=\"800\" height=\"440\" srcset=\"https:\/\/vocesparalelas.com.ar\/sitio\/wp-content\/uploads\/2023\/06\/ORREGO-MARTIN-01.jpg 800w, https:\/\/vocesparalelas.com.ar\/sitio\/wp-content\/uploads\/2023\/06\/ORREGO-MARTIN-01-300x165.jpg 300w, https:\/\/vocesparalelas.com.ar\/sitio\/wp-content\/uploads\/2023\/06\/ORREGO-MARTIN-01-768x422.jpg 768w\" sizes=\"auto, (max-width: 800px) 100vw, 800px\" \/><figcaption id=\"caption-attachment-59780\" class=\"wp-caption-text\">Cambia San Juan con la f\u00f3rmula a Gobernador, Dr. Marcelo Orrego y Vicegobernador, Dr. Fabi\u00e1n Mart\u00edn.<\/figcaption><\/figure>\n<p>&nbsp;<\/p>\n<p><img loading=\"lazy\" decoding=\"async\" class=\"alignnone size-full wp-image-60442\" src=\"https:\/\/vocesparalelas.com.ar\/sitio\/wp-content\/uploads\/2023\/06\/CAMBIA-SAN-JUAN-04.jpg\" alt=\"\" width=\"800\" height=\"515\" srcset=\"https:\/\/vocesparalelas.com.ar\/sitio\/wp-content\/uploads\/2023\/06\/CAMBIA-SAN-JUAN-04.jpg 800w, https:\/\/vocesparalelas.com.ar\/sitio\/wp-content\/uploads\/2023\/06\/CAMBIA-SAN-JUAN-04-300x193.jpg 300w, https:\/\/vocesparalelas.com.ar\/sitio\/wp-content\/uploads\/2023\/06\/CAMBIA-SAN-JUAN-04-768x494.jpg 768w\" sizes=\"auto, (max-width: 800px) 100vw, 800px\" \/><\/p>\n","protected":false},"excerpt":{"rendered":"<p>Cambia San Juan que propone la f\u00f3rmula Orrego &#8211; Mart\u00edn, candidatos a Gobernador Dr. Marcelo Orrego y Vicegobernador Dr. Fabi\u00e1n<\/p>\n","protected":false},"author":3,"featured_media":60619,"comment_status":"closed","ping_status":"closed","sticky":false,"template":"","format":"standard","meta":{"_acf_changed":false,"_seopress_robots_primary_cat":"none","_seopress_titles_title":"","_seopress_titles_desc":"","_seopress_robots_index":"","colormag_page_container_layout":"default_layout","colormag_page_sidebar_layout":"default_layout","footnotes":""},"categories":[1,7],"tags":[],"class_list":["post-60615","post","type-post","status-publish","format-standard","has-post-thumbnail","hentry","category-destacadas","category-videos"],"acf":[],"_links":{"self":[{"href":"https:\/\/vocesparalelas.com.ar\/sitio\/wp-json\/wp\/v2\/posts\/60615","targetHints":{"allow":["GET"]}}],"collection":[{"href":"https:\/\/vocesparalelas.com.ar\/sitio\/wp-json\/wp\/v2\/posts"}],"about":[{"href":"https:\/\/vocesparalelas.com.ar\/sitio\/wp-json\/wp\/v2\/types\/post"}],"author":[{"embeddable":true,"href":"https:\/\/vocesparalelas.com.ar\/sitio\/wp-json\/wp\/v2\/users\/3"}],"replies":[{"embeddable":true,"href":"https:\/\/vocesparalelas.com.ar\/sitio\/wp-json\/wp\/v2\/comments?post=60615"}],"version-history":[{"count":2,"href":"https:\/\/vocesparalelas.com.ar\/sitio\/wp-json\/wp\/v2\/posts\/60615\/revisions"}],"predecessor-version":[{"id":60623,"href":"https:\/\/vocesparalelas.com.ar\/sitio\/wp-json\/wp\/v2\/posts\/60615\/revisions\/60623"}],"wp:featuredmedia":[{"embeddable":true,"href":"https:\/\/vocesparalelas.com.ar\/sitio\/wp-json\/wp\/v2\/media\/60619"}],"wp:attachment":[{"href":"https:\/\/vocesparalelas.com.ar\/sitio\/wp-json\/wp\/v2\/media?parent=60615"}],"wp:term":[{"taxonomy":"category","embeddable":true,"href":"https:\/\/vocesparalelas.com.ar\/sitio\/wp-json\/wp\/v2\/categories?post=60615"},{"taxonomy":"post_tag","embeddable":true,"href":"https:\/\/vocesparalelas.com.ar\/sitio\/wp-json\/wp\/v2\/tags?post=60615"}],"curies":[{"name":"wp","href":"https:\/\/api.w.org\/{rel}","templated":true}]}}