{"id":60609,"date":"2023-06-29T21:17:45","date_gmt":"2023-06-30T00:17:45","guid":{"rendered":"https:\/\/vocesparalelas.com.ar\/sitio\/?p=60609"},"modified":"2023-06-29T21:23:54","modified_gmt":"2023-06-30T00:23:54","slug":"ultima-reunion-con-los-candidatos-de-vamos-san-juan-antes-de-ir-a-las-unas","status":"publish","type":"post","link":"https:\/\/vocesparalelas.com.ar\/sitio\/ultima-reunion-con-los-candidatos-de-vamos-san-juan-antes-de-ir-a-las-unas\/","title":{"rendered":"\u00daltima reuni\u00f3n con los candidatos de Vamos San Juan antes de ir a las unas"},"content":{"rendered":"<p>Los candidatos a gobernador y vice de la subagrupaci\u00f3n Vamos San Juan, frente San Juan por Todos, Dr. Rub\u00e9n U\u00f1ac y CPN Cristian Andino, mantuvieron la \u00faltima reuni\u00f3n antes de la veda electoral con el gobernador de San Juan, Dr. Sergio U\u00f1ac.<\/p>\n<p>En ese encuentro compartieron las sensaciones de las \u00faltimas semanas juntos, caminando las calles, en uniones vecinales, juntas departamentales, centros de jubilados, clubes deportivos y tantos lugares m\u00e1s donde los sanjuaninos y sanjuaninas les abrieron los brazos y demostraron su gratitud.<\/p>\n<p>Tambi\u00e9n hablaron de los conceptos claves de este periodo preelectoral: continuidad y evoluci\u00f3n de la gesti\u00f3n y del Modelo San Juan, que puso a la provincia en el podio de las jurisdicciones argentinas con mejores \u00edndices econ\u00f3micos y sociales.<\/p>\n<p>\u201cLa planificaci\u00f3n para la acci\u00f3n y el desarrollo es la forma en la que sabemos trabajar y es la que nos ha dado buenos resultados. Es la que nos ha permitido sostener una provincia con equilibrio fiscal, seguridad jur\u00eddica y transparencia\u201d, manifest\u00f3 el gobernador.<\/p>\n<p>Luego asegur\u00f3 que la f\u00f3rmula U\u00f1ac \u2013 Andino se fue consolidando a medida que pasaron los d\u00edas y hoy ha logrado una adhesi\u00f3n extraordinaria entre la gente. \u201cEsto lo menciono porque, m\u00e1s all\u00e1 de los resultados, me da la tranquilidad y la confianza de que, con este equipo de grandes hombres, capaces y nobles, hay futuro para San Juan\u201d.<\/p>\n<p>En la charla abundaron las an\u00e9cdotas de los encuentros con los sanjuaninos, de las muestras de afecto y de la importancia de haber logrado ese contacto en todos los rincones de la provincia.<\/p>\n<p>Los candidatos agradecieron al gobernador la confianza depositada en ellos y aseguraron que est\u00e1n preparados para un gran resultado el Domingo, 2 de Julio.<\/p>\n<p>\u201cSomos militantes, somos hombres convencidos de que la pol\u00edtica es la que puede transformar las realidades de la gente porque eso es lo que hizo Sergio en San Juan, ahora vamos lo que falta hacer\u201d, dijo Rub\u00e9n.<\/p>\n<p>Por su parte, Cristian destac\u00f3 que en estos d\u00edas fue la gente la que le ha transmitido confianza, \u201chan visto obras, logros, resultados, y el pueblo de San Juan es un pueblo agradecido\u201d.<\/p>\n<figure id=\"attachment_59823\" aria-describedby=\"caption-attachment-59823\" style=\"width: 800px\" class=\"wp-caption alignnone\"><img loading=\"lazy\" decoding=\"async\" class=\"size-full wp-image-59823\" src=\"https:\/\/vocesparalelas.com.ar\/sitio\/wp-content\/uploads\/2023\/06\/UNAC-ANDINO-04.jpg\" alt=\"\" width=\"800\" height=\"485\" srcset=\"https:\/\/vocesparalelas.com.ar\/sitio\/wp-content\/uploads\/2023\/06\/UNAC-ANDINO-04.jpg 800w, https:\/\/vocesparalelas.com.ar\/sitio\/wp-content\/uploads\/2023\/06\/UNAC-ANDINO-04-300x182.jpg 300w, https:\/\/vocesparalelas.com.ar\/sitio\/wp-content\/uploads\/2023\/06\/UNAC-ANDINO-04-768x466.jpg 768w\" sizes=\"auto, (max-width: 800px) 100vw, 800px\" \/><figcaption id=\"caption-attachment-59823\" class=\"wp-caption-text\">Candidatos por Vamos San Juan, Gobernador Dr. Rub\u00e9n U\u00f1ac y Vicegobernador CPN Cristian Andino<\/figcaption><\/figure>\n<p>&nbsp;<\/p>\n<p><img loading=\"lazy\" decoding=\"async\" class=\"alignnone size-full wp-image-59083\" src=\"https:\/\/vocesparalelas.com.ar\/sitio\/wp-content\/uploads\/2023\/05\/VAMOS-SAN-JUAN.png\" alt=\"\" width=\"800\" height=\"433\" srcset=\"https:\/\/vocesparalelas.com.ar\/sitio\/wp-content\/uploads\/2023\/05\/VAMOS-SAN-JUAN.png 800w, https:\/\/vocesparalelas.com.ar\/sitio\/wp-content\/uploads\/2023\/05\/VAMOS-SAN-JUAN-300x162.png 300w, https:\/\/vocesparalelas.com.ar\/sitio\/wp-content\/uploads\/2023\/05\/VAMOS-SAN-JUAN-768x416.png 768w\" sizes=\"auto, (max-width: 800px) 100vw, 800px\" \/><\/p>\n<p>&nbsp;<\/p>\n<p>&nbsp;<\/p>\n<p>&nbsp;<\/p>\n","protected":false},"excerpt":{"rendered":"<p>Los candidatos a gobernador y vice de la subagrupaci\u00f3n Vamos San Juan, frente San Juan por Todos, Dr. Rub\u00e9n U\u00f1ac<\/p>\n","protected":false},"author":3,"featured_media":60612,"comment_status":"closed","ping_status":"closed","sticky":false,"template":"","format":"standard","meta":{"_acf_changed":false,"_seopress_robots_primary_cat":"none","_seopress_titles_title":"","_seopress_titles_desc":"","_seopress_robots_index":"","colormag_page_container_layout":"default_layout","colormag_page_sidebar_layout":"default_layout","footnotes":""},"categories":[1],"tags":[],"class_list":["post-60609","post","type-post","status-publish","format-standard","has-post-thumbnail","hentry","category-destacadas"],"acf":[],"_links":{"self":[{"href":"https:\/\/vocesparalelas.com.ar\/sitio\/wp-json\/wp\/v2\/posts\/60609","targetHints":{"allow":["GET"]}}],"collection":[{"href":"https:\/\/vocesparalelas.com.ar\/sitio\/wp-json\/wp\/v2\/posts"}],"about":[{"href":"https:\/\/vocesparalelas.com.ar\/sitio\/wp-json\/wp\/v2\/types\/post"}],"author":[{"embeddable":true,"href":"https:\/\/vocesparalelas.com.ar\/sitio\/wp-json\/wp\/v2\/users\/3"}],"replies":[{"embeddable":true,"href":"https:\/\/vocesparalelas.com.ar\/sitio\/wp-json\/wp\/v2\/comments?post=60609"}],"version-history":[{"count":2,"href":"https:\/\/vocesparalelas.com.ar\/sitio\/wp-json\/wp\/v2\/posts\/60609\/revisions"}],"predecessor-version":[{"id":60614,"href":"https:\/\/vocesparalelas.com.ar\/sitio\/wp-json\/wp\/v2\/posts\/60609\/revisions\/60614"}],"wp:featuredmedia":[{"embeddable":true,"href":"https:\/\/vocesparalelas.com.ar\/sitio\/wp-json\/wp\/v2\/media\/60612"}],"wp:attachment":[{"href":"https:\/\/vocesparalelas.com.ar\/sitio\/wp-json\/wp\/v2\/media?parent=60609"}],"wp:term":[{"taxonomy":"category","embeddable":true,"href":"https:\/\/vocesparalelas.com.ar\/sitio\/wp-json\/wp\/v2\/categories?post=60609"},{"taxonomy":"post_tag","embeddable":true,"href":"https:\/\/vocesparalelas.com.ar\/sitio\/wp-json\/wp\/v2\/tags?post=60609"}],"curies":[{"name":"wp","href":"https:\/\/api.w.org\/{rel}","templated":true}]}}