{"id":60600,"date":"2023-06-29T17:18:20","date_gmt":"2023-06-29T20:18:20","guid":{"rendered":"https:\/\/vocesparalelas.com.ar\/sitio\/?p=60600"},"modified":"2023-06-29T17:18:20","modified_gmt":"2023-06-29T20:18:20","slug":"finalizaron-45-obras-en-edificios-educativos-de-san-juan","status":"publish","type":"post","link":"https:\/\/vocesparalelas.com.ar\/sitio\/finalizaron-45-obras-en-edificios-educativos-de-san-juan\/","title":{"rendered":"Finalizaron 45 obras en edificios educativos de San Juan"},"content":{"rendered":"<p>Con la educaci\u00f3n como eje para el desarrollo, la construcci\u00f3n, ampliaci\u00f3n y remodelaci\u00f3n de edificios educativos resulta clave para planificar el futuro. En este sentido,\u00a0durante el a\u00f1o 2022 se culminaron obras en 45 edificios escolares de los 19 departamentos de la provincia. Adem\u00e1s, con el objetivo de continuar brindando una mejor estructura educativa, actualmente se han licitado 27 nuevas escuelas, que se suman a 37 obras en etapa constructiva, superando las 60 obras de infraestructura escolar.<\/p>\n<p>De esta manera, a trav\u00e9s de las diversas obras en materia escolar, el Gobierno de San Juan promueve el acceso a la educaci\u00f3n p\u00fablica y la sociedad del futuro. En este sentido, se destacan algunas obras ejecutadas:<\/p>\n<ul>\n<li>Esc. Ing. F\u00e9lix Aguilar Sarmiento<\/li>\n<li>Esc. Agrot\u00e9cnica de Pocito &#8211; Pocito<\/li>\n<li>Construcci\u00f3n EPET N\u00ba 6- Rivadavia<\/li>\n<li>Esc. 24 de Septiembre- J\u00e1chal<\/li>\n<li>Esc. Patricias Mendocinas- Rawson<\/li>\n<li>Refacci\u00f3n y Refuncionalizaci\u00f3n Colegio Sup. N\u00ba1 Fuerza A\u00e9rea Argentina- Valle F\u00e9rtil<\/li>\n<li>ENI N\u00ba 40 Adriana Vega- Chimbas<\/li>\n<li>ENI Esc. V\u00e9lez Sarsfield- Iglesia<\/li>\n<li>ENI N\u00ba 41 Esc. L. S\u00e1nchez de Arancibia- Caucete<\/li>\n<li>ENI 16 Rosario Sarmiento- Chimbas<\/li>\n<li>ENI N\u00ba10 Mar\u00eda Elena Walsh- Chimbas<\/li>\n<li>JINZ N\u00ba27 &#8211; Esc. Batalla de Tucum\u00e1n- Pocito<\/li>\n<li>Esc. Provincia de Tucum\u00e1n- Rivadavia<\/li>\n<li>Esc. Manuel Belgrano\u00a0&#8211; Capital<\/li>\n<li>Esc. Cecilio \u00c1vila- Rawson<\/li>\n<li>Esc. Juan Jos\u00e9 Castelli- Rivadavia<\/li>\n<li>Esc. JINZ N\u00ba 13 Cirilo Sarmiento- Angaco<\/li>\n<li>Esc. Ing. F\u00e9lix Aguilar- Sarmiento<\/li>\n<li>Esc. Provincia Santiago del Estero- Capital<\/li>\n<li>Esc. Gral. Mariano Bartolom\u00e9 Carreras- Rivadavia<\/li>\n<li>Esc. ENI N\u00ba 14 Alfonsina Storni- Sarmient<\/li>\n<li>Esc. Cornelio Saavedra \/JINZ N\u00ba44 y Anexo\u00a0&#8211; Rivadavia<\/li>\n<li>Esc. Timoteo Maradona- Rivadavia<\/li>\n<li>Esc. Miguel de Azcu\u00e9naga -JINZ N\u00ba 41 y Anexo Sec.- Capital<\/li>\n<li>Esc. Capital Federal y JINZ N\u00ba 41\/ETCL Alberdi- Capital<\/li>\n<\/ul>\n<p>El Gobeernador de San Juan, Dr. Sergio U\u00f1ac, se refiri\u00f3 sobre este tema en su discurso de Apertura de Sesiones Legislativas 2023\u00a0\u00abEsto es infraestructura, pero fundamentalmente es un aporte a la calidad educativa para que docentes y estudiantes encuentren el mejor espacio para desarrollar de la mejor manera sus tareas\u201d.<\/p>\n<p><iframe loading=\"lazy\" title=\"ESCUELAS SAN JUAN\" width=\"800\" height=\"450\" src=\"https:\/\/www.youtube.com\/embed\/7kke-UHvkrc?feature=oembed\" frameborder=\"0\" allow=\"accelerometer; autoplay; clipboard-write; encrypted-media; gyroscope; picture-in-picture; web-share\" allowfullscreen><\/iframe><\/p>\n","protected":false},"excerpt":{"rendered":"<p>Con la educaci\u00f3n como eje para el desarrollo, la construcci\u00f3n, ampliaci\u00f3n y remodelaci\u00f3n de edificios educativos resulta clave para planificar<\/p>\n","protected":false},"author":3,"featured_media":48308,"comment_status":"closed","ping_status":"closed","sticky":false,"template":"","format":"standard","meta":{"_acf_changed":false,"_seopress_robots_primary_cat":"none","_seopress_titles_title":"","_seopress_titles_desc":"","_seopress_robots_index":"","colormag_page_container_layout":"default_layout","colormag_page_sidebar_layout":"default_layout","footnotes":""},"categories":[1,7],"tags":[],"class_list":["post-60600","post","type-post","status-publish","format-standard","has-post-thumbnail","hentry","category-destacadas","category-videos"],"acf":[],"_links":{"self":[{"href":"https:\/\/vocesparalelas.com.ar\/sitio\/wp-json\/wp\/v2\/posts\/60600","targetHints":{"allow":["GET"]}}],"collection":[{"href":"https:\/\/vocesparalelas.com.ar\/sitio\/wp-json\/wp\/v2\/posts"}],"about":[{"href":"https:\/\/vocesparalelas.com.ar\/sitio\/wp-json\/wp\/v2\/types\/post"}],"author":[{"embeddable":true,"href":"https:\/\/vocesparalelas.com.ar\/sitio\/wp-json\/wp\/v2\/users\/3"}],"replies":[{"embeddable":true,"href":"https:\/\/vocesparalelas.com.ar\/sitio\/wp-json\/wp\/v2\/comments?post=60600"}],"version-history":[{"count":1,"href":"https:\/\/vocesparalelas.com.ar\/sitio\/wp-json\/wp\/v2\/posts\/60600\/revisions"}],"predecessor-version":[{"id":60603,"href":"https:\/\/vocesparalelas.com.ar\/sitio\/wp-json\/wp\/v2\/posts\/60600\/revisions\/60603"}],"wp:featuredmedia":[{"embeddable":true,"href":"https:\/\/vocesparalelas.com.ar\/sitio\/wp-json\/wp\/v2\/media\/48308"}],"wp:attachment":[{"href":"https:\/\/vocesparalelas.com.ar\/sitio\/wp-json\/wp\/v2\/media?parent=60600"}],"wp:term":[{"taxonomy":"category","embeddable":true,"href":"https:\/\/vocesparalelas.com.ar\/sitio\/wp-json\/wp\/v2\/categories?post=60600"},{"taxonomy":"post_tag","embeddable":true,"href":"https:\/\/vocesparalelas.com.ar\/sitio\/wp-json\/wp\/v2\/tags?post=60600"}],"curies":[{"name":"wp","href":"https:\/\/api.w.org\/{rel}","templated":true}]}}