{"id":60577,"date":"2023-06-29T14:25:47","date_gmt":"2023-06-29T17:25:47","guid":{"rendered":"https:\/\/vocesparalelas.com.ar\/sitio\/?p=60577"},"modified":"2023-07-01T23:28:27","modified_gmt":"2023-07-02T02:28:27","slug":"emocionante-encuentro-para-recordar-las-raices-fundacionales-de-la-ffha-de-la-unsj","status":"publish","type":"post","link":"https:\/\/vocesparalelas.com.ar\/sitio\/emocionante-encuentro-para-recordar-las-raices-fundacionales-de-la-ffha-de-la-unsj\/","title":{"rendered":"Emocionante encuentro para recordar las ra\u00edces fundacionales de la FFHA de la UNSJ"},"content":{"rendered":"<p>En el aula Magna de la Facultad de Filosof\u00eda, Humanidades y Artes de la Universidad Nacional de San Juan se realiz\u00f3 un acto donde se concentro la emoci\u00f3n, el encuentro, la alegr\u00eda, el orgullo, el abrazo, las risas, los recuerdos, el trabajo, la lealtad hacia la Unidad Acad\u00e9mica porque llegaron el alma del motor que gener\u00f3 el legado.<\/p>\n<p><img loading=\"lazy\" decoding=\"async\" class=\"alignnone size-full wp-image-60587\" src=\"https:\/\/vocesparalelas.com.ar\/sitio\/wp-content\/uploads\/2023\/06\/FFHA-UNSJ-ANIVERSARIO-08.jpg\" alt=\"\" width=\"800\" height=\"533\" srcset=\"https:\/\/vocesparalelas.com.ar\/sitio\/wp-content\/uploads\/2023\/06\/FFHA-UNSJ-ANIVERSARIO-08.jpg 800w, https:\/\/vocesparalelas.com.ar\/sitio\/wp-content\/uploads\/2023\/06\/FFHA-UNSJ-ANIVERSARIO-08-300x200.jpg 300w, https:\/\/vocesparalelas.com.ar\/sitio\/wp-content\/uploads\/2023\/06\/FFHA-UNSJ-ANIVERSARIO-08-768x512.jpg 768w\" sizes=\"auto, (max-width: 800px) 100vw, 800px\" \/><\/p>\n<p><img loading=\"lazy\" decoding=\"async\" class=\"alignnone size-full wp-image-60580\" src=\"https:\/\/vocesparalelas.com.ar\/sitio\/wp-content\/uploads\/2023\/06\/FFHA-UNSJ-ANIVERSARIO-01.jpg\" alt=\"\" width=\"800\" height=\"533\" srcset=\"https:\/\/vocesparalelas.com.ar\/sitio\/wp-content\/uploads\/2023\/06\/FFHA-UNSJ-ANIVERSARIO-01.jpg 800w, https:\/\/vocesparalelas.com.ar\/sitio\/wp-content\/uploads\/2023\/06\/FFHA-UNSJ-ANIVERSARIO-01-300x200.jpg 300w, https:\/\/vocesparalelas.com.ar\/sitio\/wp-content\/uploads\/2023\/06\/FFHA-UNSJ-ANIVERSARIO-01-768x512.jpg 768w\" sizes=\"auto, (max-width: 800px) 100vw, 800px\" \/><\/p>\n<p>Todas esas ra\u00edces que est\u00e1n fuera del sistema universitario se transformaron en el engranaje de superaci\u00f3n y b\u00fasqueda de la gran transformaci\u00f3n de una instituci\u00f3n.<\/p>\n<p>Es importante aclarar y tener presente que otros no est\u00e1n presencialmente pero est\u00e1n en la historia escrita mirando lo que se hace hoy, que no se debe olvidar jam\u00e1s.<\/p>\n<p><img loading=\"lazy\" decoding=\"async\" class=\"alignnone size-full wp-image-60582\" src=\"https:\/\/vocesparalelas.com.ar\/sitio\/wp-content\/uploads\/2023\/06\/FFHA-UNSJ-ANIVERSARIO-03.jpg\" alt=\"\" width=\"800\" height=\"533\" srcset=\"https:\/\/vocesparalelas.com.ar\/sitio\/wp-content\/uploads\/2023\/06\/FFHA-UNSJ-ANIVERSARIO-03.jpg 800w, https:\/\/vocesparalelas.com.ar\/sitio\/wp-content\/uploads\/2023\/06\/FFHA-UNSJ-ANIVERSARIO-03-300x200.jpg 300w, https:\/\/vocesparalelas.com.ar\/sitio\/wp-content\/uploads\/2023\/06\/FFHA-UNSJ-ANIVERSARIO-03-768x512.jpg 768w\" sizes=\"auto, (max-width: 800px) 100vw, 800px\" \/><\/p>\n<p><img loading=\"lazy\" decoding=\"async\" class=\"alignnone size-full wp-image-60584\" src=\"https:\/\/vocesparalelas.com.ar\/sitio\/wp-content\/uploads\/2023\/06\/FFHA-UNSJ-ANIVERSARIO-05.jpg\" alt=\"\" width=\"800\" height=\"533\" srcset=\"https:\/\/vocesparalelas.com.ar\/sitio\/wp-content\/uploads\/2023\/06\/FFHA-UNSJ-ANIVERSARIO-05.jpg 800w, https:\/\/vocesparalelas.com.ar\/sitio\/wp-content\/uploads\/2023\/06\/FFHA-UNSJ-ANIVERSARIO-05-300x200.jpg 300w, https:\/\/vocesparalelas.com.ar\/sitio\/wp-content\/uploads\/2023\/06\/FFHA-UNSJ-ANIVERSARIO-05-768x512.jpg 768w\" sizes=\"auto, (max-width: 800px) 100vw, 800px\" \/><\/p>\n<p>El acto concentro la mirada en el 2023, Siglo XXI, con una comunidad universitaria renovada que sigue apostando aquellas ra\u00edces fundacionales de la FFHA y 50\u00b0 aniversario del traspaso del Instituto Nacional del Profesorado Secundario Domingo Faustino Sarmiento a la UNSJ.<\/p>\n<p>Al leer la historia de la FFHA se inici\u00f3 el 28 de junio de 1973, en el despacho de la Subsecretaria de Educaci\u00f3n de la Naci\u00f3n, Dra. Mar\u00eda Arsenia Tula, se firm\u00f3 el Acta fundacional de la UNSJ. Por este instrumento legal se puso en \u201cposesi\u00f3n del cargo\u201d de Delegado Organizador al Ing. Julio Rodolfo Mill\u00e1n y en el mismo acto se dispuso que el Instituto Nacional del Profesorado Secundario Domingo Faustino Sarmiento pase a depender de la UNSJ. Esta situaci\u00f3n signific\u00f3 que el Instituto fue el Primer Organismo que se incorpora a la UNSJ.<\/p>\n<p>La intenci\u00f3n no fue distinguir a unos u otros sino homenajear a la comunidad universitaria, para que el encuentro permiti\u00f3 recordar las ra\u00edces fundacionales sobre las que se ha edificado la FFHA de la UNSJ.<\/p>\n<p><img loading=\"lazy\" decoding=\"async\" class=\"alignnone size-full wp-image-60581\" src=\"https:\/\/vocesparalelas.com.ar\/sitio\/wp-content\/uploads\/2023\/06\/FFHA-UNSJ-ANIVERSARIO-02.jpg\" alt=\"\" width=\"800\" height=\"533\" srcset=\"https:\/\/vocesparalelas.com.ar\/sitio\/wp-content\/uploads\/2023\/06\/FFHA-UNSJ-ANIVERSARIO-02.jpg 800w, https:\/\/vocesparalelas.com.ar\/sitio\/wp-content\/uploads\/2023\/06\/FFHA-UNSJ-ANIVERSARIO-02-300x200.jpg 300w, https:\/\/vocesparalelas.com.ar\/sitio\/wp-content\/uploads\/2023\/06\/FFHA-UNSJ-ANIVERSARIO-02-768x512.jpg 768w\" sizes=\"auto, (max-width: 800px) 100vw, 800px\" \/><\/p>\n<p>Voces Paralelas desarroll\u00f3 una entrevista period\u00edstica a la Decana de la FFHA de la UNSJ, Mg. Myrian Arrabal, quien explic\u00f3 el motivo del encuentro donde la historia de la Unidad Acad\u00e9mica surgi\u00f3 en la Comunidad de San Juan y se incorpor\u00f3 a la UNSJ desde 1973.<\/p>\n<p><iframe loading=\"lazy\" title=\"FFHA UNSJ DECANA MG MYRIAN ARRABAL\" width=\"800\" height=\"450\" src=\"https:\/\/www.youtube.com\/embed\/Vkua4V13MYw?feature=oembed\" frameborder=\"0\" allow=\"accelerometer; autoplay; clipboard-write; encrypted-media; gyroscope; picture-in-picture; web-share\" allowfullscreen><\/iframe><\/p>\n<p>&nbsp;<\/p>\n<p>Posteriormente, al Rector de la UNSJ, Ing. Tadeo Berenguer, quien puntualiz\u00f3 el legado de todos aquellos que pregonaron el surgimiento y conformaci\u00f3n de la UNSJ.<\/p>\n<p><iframe loading=\"lazy\" title=\"FFHA UNSJ RECTOR ING TADEO BERENGUER\" width=\"800\" height=\"450\" src=\"https:\/\/www.youtube.com\/embed\/YV5tcEJyTdE?feature=oembed\" frameborder=\"0\" allow=\"accelerometer; autoplay; clipboard-write; encrypted-media; gyroscope; picture-in-picture; web-share\" allowfullscreen><\/iframe><\/p>\n<p>El acto comenz\u00f3, con el ingreso de la Bandera Argentina con los mejores promedios de los alumnos de la FFHA de la UNSJ<\/p>\n<ul>\n<li>Abanderado: Sebasti\u00e1n Pelayes<\/li>\n<li>1\u00ba Escolta: Sara Berenguer<\/li>\n<li>2\u00b0 Escolta: Noelia Gonz\u00e1les<\/li>\n<\/ul>\n<p>Luego, se enton\u00f3 el Himno Nacional Argentino acompa\u00f1ado por el video Instituci\u00f3n del 50\u00b0 Aniversario de la UNSJ, interpretado por el Coro Universitario y la Orquesta Sinf\u00f3nica de la UNSJ.<\/p>\n<p><iframe loading=\"lazy\" title=\"FFHA UNSJ HIMNO NACIONAL ARGENTINO\" width=\"800\" height=\"450\" src=\"https:\/\/www.youtube.com\/embed\/ugx3qle68JU?feature=oembed\" frameborder=\"0\" allow=\"accelerometer; autoplay; clipboard-write; encrypted-media; gyroscope; picture-in-picture; web-share\" allowfullscreen><\/iframe><\/p>\n<p>Luego, entr\u00f3 unos solitas del Coro Universitario, el tenor Francisco Castillo y la soprano Mili Garc\u00eda, seguido por los integrantes del mismo para interpretar<\/p>\n<ul>\n<li>Ave Verum Corpus para coro Mixto<\/li>\n<\/ul>\n<p><iframe loading=\"lazy\" title=\"FFHA UNSJ CORO UNIVERSITARIO\" width=\"800\" height=\"450\" src=\"https:\/\/www.youtube.com\/embed\/DRfLF5-aWBk?feature=oembed\" frameborder=\"0\" allow=\"accelerometer; autoplay; clipboard-write; encrypted-media; gyroscope; picture-in-picture; web-share\" allowfullscreen><\/iframe><\/p>\n<ul>\n<li>Swiatyi Bozhe, del compositor Piotor Tchaikovsky<\/li>\n<\/ul>\n<p><iframe loading=\"lazy\" title=\"FFHA UNSJ CORO UNIVERSITARIO\" width=\"800\" height=\"450\" src=\"https:\/\/www.youtube.com\/embed\/0f-KOlRPthc?feature=oembed\" frameborder=\"0\" allow=\"accelerometer; autoplay; clipboard-write; encrypted-media; gyroscope; picture-in-picture; web-share\" allowfullscreen><\/iframe><\/p>\n<ul>\n<li>Los Mareados, del compositor Julio Sosa. Voz Solista Eduardo Sierra<\/li>\n<\/ul>\n<p>La presentaci\u00f3n fue brillante porque reflej\u00f3 la incondicionalidad del trabajo de cada uno de los integrantes del Coro Universitario actualmente bajo la direcci\u00f3n de la M\u00b0 Marta Bilska.<\/p>\n<p><span style=\"color: #008000;\"><strong>Un poco m\u00e1s de historia<\/strong><\/span><\/p>\n<p>Si bien la Universidad Nacional en San Juan no estaba contemplada en el Plan Taquini original, la iniciativa de los sanjuaninos vio sus frutos cuando, el 10 de Mayo de 1973, el presidente de facto, Teniente General Alejandro Agust\u00edn Lanusse, firm\u00f3 la ley 20367 que permit\u00eda la creaci\u00f3n de esta nueva universidad nacional. Dicha ley en su articulado establec\u00eda.<\/p>\n<p><img loading=\"lazy\" decoding=\"async\" class=\"alignnone size-full wp-image-60590\" src=\"https:\/\/vocesparalelas.com.ar\/sitio\/wp-content\/uploads\/2023\/06\/FFHA-UNSJ-ANIVERSARIO-10.jpg\" alt=\"\" width=\"800\" height=\"454\" srcset=\"https:\/\/vocesparalelas.com.ar\/sitio\/wp-content\/uploads\/2023\/06\/FFHA-UNSJ-ANIVERSARIO-10.jpg 800w, https:\/\/vocesparalelas.com.ar\/sitio\/wp-content\/uploads\/2023\/06\/FFHA-UNSJ-ANIVERSARIO-10-300x170.jpg 300w, https:\/\/vocesparalelas.com.ar\/sitio\/wp-content\/uploads\/2023\/06\/FFHA-UNSJ-ANIVERSARIO-10-768x436.jpg 768w\" sizes=\"auto, (max-width: 800px) 100vw, 800px\" \/><\/p>\n<p>En la nota de elevaci\u00f3n que se hace al Presidente de la Naci\u00f3n, acompa\u00f1ando al proyecto de ley, se puede leer que la nueva universidad \u00ab\u2026..se realiza sobre la base de la Facultad de Ingenier\u00eda, y de Ciencias Exactas, F\u00edsicas y Naturales; de la Escuela Industrial \u00abDomingo Faustino Sarmiento\u00bb; de la Escuela de Comercio \u00abLibertador General San Mart\u00edn\u00bb, todas dependientes de la universidad Nacional de Cuyo; del Instituto Nacional del Profesorado Secundario de San Juan, dependiente del ministerio de Cultura y educaci\u00f3n de la Naci\u00f3n; de la Universidad Provincial \u00abDomingo Faustino Sarmiento\u00bb y del Colegio Central Universitario dependiente de la misma. Todos estos establecimientos integrar\u00e1n la nueva Universidad de acuerdo con los convenios que se celebren oportunamente \u2026.\u201d<\/p>\n<p>La Universidad Nacional de San Juan -UNSJ- tuvo en la figura del Ingeniero Julio Rodolfo Mill\u00e1n a su primer Rector Normalizador, a partir de marzo de 1974, pero que ya hab\u00eda sido nombrado Delegado Organizador en el Acta del 28 junio de 1973 y desde esa funci\u00f3n le cupo la tarea de estructurar esta nueva instituci\u00f3n.<\/p>\n<p>La integraci\u00f3n de todas estas unidades finaliz\u00f3 alg\u00fan tiempo despu\u00e9s, ya que la \u00ab\u2026 incorporaci\u00f3n de la Universidad Provincial Domingo Faustino Sarmiento demand\u00f3 un tr\u00e1mite m\u00e1s complejo, vinculado con el re-encasillamiento de su personal docente y no docente en la nueva estructura universitaria. Este tr\u00e1mite concluy\u00f3 el 10 de octubre de 1973, cuando en Acto P\u00fablico y en presencia del Gobernador de la Provincia Prof. Eloy P. Camus y el Ministro de Cultura y Educaci\u00f3n de la Naci\u00f3n Dr. Jorge Taiana, se procedi\u00f3 a la incorporaci\u00f3n de esta Universidad Provincial a la estructura de la Universidad Nacional de San Juan\u00bb.<\/p>\n<p>Es importante destacar que este trabajo realizado fue producto de la tarea de los directores de departamento que hicieron llegar nombres de profesores que pasaron por sus respectivos claustros y merec\u00edan ser parte de los festejos del 50\u00b0 Aniversario de la UNSJ. Adem\u00e1s, del Instituto de Historia.<\/p>\n<p>Felicitaciones a todos para que sigan brindando logros al servicio de la comunidad de San Juan, de Argentina y del Mundo. Son producto de la fortaleza de la FFHA de la UNSJ.<\/p>\n<p><img loading=\"lazy\" decoding=\"async\" class=\"alignnone size-full wp-image-60412\" src=\"https:\/\/vocesparalelas.com.ar\/sitio\/wp-content\/uploads\/2023\/06\/FFHA-EDIFICIO.jpg\" alt=\"\" width=\"800\" height=\"429\" srcset=\"https:\/\/vocesparalelas.com.ar\/sitio\/wp-content\/uploads\/2023\/06\/FFHA-EDIFICIO.jpg 800w, https:\/\/vocesparalelas.com.ar\/sitio\/wp-content\/uploads\/2023\/06\/FFHA-EDIFICIO-300x161.jpg 300w, https:\/\/vocesparalelas.com.ar\/sitio\/wp-content\/uploads\/2023\/06\/FFHA-EDIFICIO-768x412.jpg 768w\" sizes=\"auto, (max-width: 800px) 100vw, 800px\" \/><\/p>\n<p><img loading=\"lazy\" decoding=\"async\" class=\"alignnone size-full wp-image-53945\" src=\"https:\/\/vocesparalelas.com.ar\/sitio\/wp-content\/uploads\/2022\/10\/UNSJ-LOGO-50-FINAL.jpg\" alt=\"\" width=\"800\" height=\"476\" srcset=\"https:\/\/vocesparalelas.com.ar\/sitio\/wp-content\/uploads\/2022\/10\/UNSJ-LOGO-50-FINAL.jpg 800w, https:\/\/vocesparalelas.com.ar\/sitio\/wp-content\/uploads\/2022\/10\/UNSJ-LOGO-50-FINAL-300x179.jpg 300w, https:\/\/vocesparalelas.com.ar\/sitio\/wp-content\/uploads\/2022\/10\/UNSJ-LOGO-50-FINAL-768x457.jpg 768w\" sizes=\"auto, (max-width: 800px) 100vw, 800px\" \/><\/p>\n<p><img loading=\"lazy\" decoding=\"async\" class=\"alignnone size-full wp-image-54035\" src=\"https:\/\/vocesparalelas.com.ar\/sitio\/wp-content\/uploads\/2022\/11\/UNSJ-LOGO-10.jpg\" alt=\"\" width=\"800\" height=\"533\" srcset=\"https:\/\/vocesparalelas.com.ar\/sitio\/wp-content\/uploads\/2022\/11\/UNSJ-LOGO-10.jpg 800w, https:\/\/vocesparalelas.com.ar\/sitio\/wp-content\/uploads\/2022\/11\/UNSJ-LOGO-10-300x200.jpg 300w, https:\/\/vocesparalelas.com.ar\/sitio\/wp-content\/uploads\/2022\/11\/UNSJ-LOGO-10-768x512.jpg 768w\" sizes=\"auto, (max-width: 800px) 100vw, 800px\" \/><\/p>\n<p>&nbsp;<\/p>\n<p>&nbsp;<\/p>\n","protected":false},"excerpt":{"rendered":"<p>En el aula Magna de la Facultad de Filosof\u00eda, Humanidades y Artes de la Universidad Nacional de San Juan se<\/p>\n","protected":false},"author":3,"featured_media":60588,"comment_status":"closed","ping_status":"closed","sticky":false,"template":"","format":"standard","meta":{"_acf_changed":false,"_seopress_robots_primary_cat":"none","_seopress_titles_title":"","_seopress_titles_desc":"","_seopress_robots_index":"","colormag_page_container_layout":"default_layout","colormag_page_sidebar_layout":"default_layout","footnotes":""},"categories":[11,7],"tags":[],"class_list":["post-60577","post","type-post","status-publish","format-standard","has-post-thumbnail","hentry","category-sociales","category-videos"],"acf":[],"_links":{"self":[{"href":"https:\/\/vocesparalelas.com.ar\/sitio\/wp-json\/wp\/v2\/posts\/60577","targetHints":{"allow":["GET"]}}],"collection":[{"href":"https:\/\/vocesparalelas.com.ar\/sitio\/wp-json\/wp\/v2\/posts"}],"about":[{"href":"https:\/\/vocesparalelas.com.ar\/sitio\/wp-json\/wp\/v2\/types\/post"}],"author":[{"embeddable":true,"href":"https:\/\/vocesparalelas.com.ar\/sitio\/wp-json\/wp\/v2\/users\/3"}],"replies":[{"embeddable":true,"href":"https:\/\/vocesparalelas.com.ar\/sitio\/wp-json\/wp\/v2\/comments?post=60577"}],"version-history":[{"count":1,"href":"https:\/\/vocesparalelas.com.ar\/sitio\/wp-json\/wp\/v2\/posts\/60577\/revisions"}],"predecessor-version":[{"id":60591,"href":"https:\/\/vocesparalelas.com.ar\/sitio\/wp-json\/wp\/v2\/posts\/60577\/revisions\/60591"}],"wp:featuredmedia":[{"embeddable":true,"href":"https:\/\/vocesparalelas.com.ar\/sitio\/wp-json\/wp\/v2\/media\/60588"}],"wp:attachment":[{"href":"https:\/\/vocesparalelas.com.ar\/sitio\/wp-json\/wp\/v2\/media?parent=60577"}],"wp:term":[{"taxonomy":"category","embeddable":true,"href":"https:\/\/vocesparalelas.com.ar\/sitio\/wp-json\/wp\/v2\/categories?post=60577"},{"taxonomy":"post_tag","embeddable":true,"href":"https:\/\/vocesparalelas.com.ar\/sitio\/wp-json\/wp\/v2\/tags?post=60577"}],"curies":[{"name":"wp","href":"https:\/\/api.w.org\/{rel}","templated":true}]}}