{"id":60571,"date":"2023-06-28T23:10:45","date_gmt":"2023-06-29T02:10:45","guid":{"rendered":"https:\/\/vocesparalelas.com.ar\/sitio\/?p=60571"},"modified":"2023-06-30T00:45:31","modified_gmt":"2023-06-30T03:45:31","slug":"ineaa-llama-a-concurso-docente-de-la-faud-de-la-unsj","status":"publish","type":"post","link":"https:\/\/vocesparalelas.com.ar\/sitio\/ineaa-llama-a-concurso-docente-de-la-faud-de-la-unsj\/","title":{"rendered":"INEAA llama a concurso Docente de la FAUD de la UNSJ"},"content":{"rendered":"<p>La Facultad de Arquitectura, Urbanismo y Dise\u00f1o, llama a concurso para cubrir un cargo Docente, de acuerdo al siguiente detalle:<\/p>\n<p>Llamado que se hace por\u00a0Ordenanza 001\/2002-CD-FAUD.<\/p>\n<p><span style=\"color: #008080;\"><strong>Instituto de Estudios de Arquitectura Ambiental &#8211; INEAA<\/strong><\/span><\/p>\n<p>Se llama a concurso por:\u00a0Resoluci\u00f3n 733-FAUD\/23.<\/p>\n<ul>\n<li>UN (1) cargo de Profesor Adjunto, Car\u00e1cter Interino, Dedicaci\u00f3n Simple, C\u00f3digos 21334\/1, para cumplir funciones en Instituto de Estudios de Arquitectura Ambiental &#8211; INEAA -, Campo de conocimiento: 2 \u2013 Dise\u00f1o, L\u00ednea de Investigaci\u00f3n: 3- Arquitectura Bioclim\u00e1tica.<\/li>\n<\/ul>\n<p>Seg\u00fan el Art\u00edculo 6.3 de la Ordenanza N\u00ba 001-CD-FAUD-02, deben presentar: Una propuesta por escrito de un trabajo pr\u00e1ctico referido al tema:\u00a0\u201cAn\u00e1lisis de Modelos geot\u00e9rmicos para la climatizaci\u00f3n pasiva de la vivienda social en zonas \u00e1ridas a partir del uso de herramientas BIM, Aspectos t\u00e9rmicos\u201d<\/p>\n<p><span style=\"color: #008080;\"><strong>Inscripciones<\/strong><\/span><\/p>\n<p>Las inscripciones se recibir\u00e1n en Mesa de Entradas de la Facultad de Arquitectura, Urbanismo y Dise\u00f1o de la Universidad Nacional de San Juan, a partir de las 08 (ocho) horas del d\u00eda\u00a003 de Julio de 2023\u00a0y hasta las 12 (doce) horas del d\u00eda\u00a005 de Julio de 2023. Sita en Av. Ignacio de la Roza y Meglioli- Campo Universitario Islas Malvinas- Rivadavia San Juan.<\/p>\n<p><img loading=\"lazy\" decoding=\"async\" class=\"alignnone size-full wp-image-59382\" src=\"https:\/\/vocesparalelas.com.ar\/sitio\/wp-content\/uploads\/2023\/05\/FAUD-EDIFICIO-01.jpg\" alt=\"\" width=\"800\" height=\"600\" srcset=\"https:\/\/vocesparalelas.com.ar\/sitio\/wp-content\/uploads\/2023\/05\/FAUD-EDIFICIO-01.jpg 800w, https:\/\/vocesparalelas.com.ar\/sitio\/wp-content\/uploads\/2023\/05\/FAUD-EDIFICIO-01-300x225.jpg 300w, https:\/\/vocesparalelas.com.ar\/sitio\/wp-content\/uploads\/2023\/05\/FAUD-EDIFICIO-01-768x576.jpg 768w\" sizes=\"auto, (max-width: 800px) 100vw, 800px\" \/><\/p>\n<p>&nbsp;<\/p>\n<p>&nbsp;<\/p>\n","protected":false},"excerpt":{"rendered":"<p>La Facultad de Arquitectura, Urbanismo y Dise\u00f1o, llama a concurso para cubrir un cargo Docente, de acuerdo al siguiente detalle:<\/p>\n","protected":false},"author":3,"featured_media":59158,"comment_status":"closed","ping_status":"closed","sticky":false,"template":"","format":"standard","meta":{"_acf_changed":false,"_seopress_robots_primary_cat":"none","_seopress_titles_title":"","_seopress_titles_desc":"","_seopress_robots_index":"","colormag_page_container_layout":"default_layout","colormag_page_sidebar_layout":"default_layout","footnotes":""},"categories":[8],"tags":[],"class_list":["post-60571","post","type-post","status-publish","format-standard","has-post-thumbnail","hentry","category-concursos"],"acf":[],"_links":{"self":[{"href":"https:\/\/vocesparalelas.com.ar\/sitio\/wp-json\/wp\/v2\/posts\/60571","targetHints":{"allow":["GET"]}}],"collection":[{"href":"https:\/\/vocesparalelas.com.ar\/sitio\/wp-json\/wp\/v2\/posts"}],"about":[{"href":"https:\/\/vocesparalelas.com.ar\/sitio\/wp-json\/wp\/v2\/types\/post"}],"author":[{"embeddable":true,"href":"https:\/\/vocesparalelas.com.ar\/sitio\/wp-json\/wp\/v2\/users\/3"}],"replies":[{"embeddable":true,"href":"https:\/\/vocesparalelas.com.ar\/sitio\/wp-json\/wp\/v2\/comments?post=60571"}],"version-history":[{"count":3,"href":"https:\/\/vocesparalelas.com.ar\/sitio\/wp-json\/wp\/v2\/posts\/60571\/revisions"}],"predecessor-version":[{"id":60576,"href":"https:\/\/vocesparalelas.com.ar\/sitio\/wp-json\/wp\/v2\/posts\/60571\/revisions\/60576"}],"wp:featuredmedia":[{"embeddable":true,"href":"https:\/\/vocesparalelas.com.ar\/sitio\/wp-json\/wp\/v2\/media\/59158"}],"wp:attachment":[{"href":"https:\/\/vocesparalelas.com.ar\/sitio\/wp-json\/wp\/v2\/media?parent=60571"}],"wp:term":[{"taxonomy":"category","embeddable":true,"href":"https:\/\/vocesparalelas.com.ar\/sitio\/wp-json\/wp\/v2\/categories?post=60571"},{"taxonomy":"post_tag","embeddable":true,"href":"https:\/\/vocesparalelas.com.ar\/sitio\/wp-json\/wp\/v2\/tags?post=60571"}],"curies":[{"name":"wp","href":"https:\/\/api.w.org\/{rel}","templated":true}]}}