{"id":60544,"date":"2023-06-27T22:38:42","date_gmt":"2023-06-28T01:38:42","guid":{"rendered":"https:\/\/vocesparalelas.com.ar\/sitio\/?p=60544"},"modified":"2023-06-28T00:18:26","modified_gmt":"2023-06-28T03:18:26","slug":"preuniversitarios-y-estamento-egresados-se-integran-al-cs-de-la-unsj","status":"publish","type":"post","link":"https:\/\/vocesparalelas.com.ar\/sitio\/preuniversitarios-y-estamento-egresados-se-integran-al-cs-de-la-unsj\/","title":{"rendered":"Preuniversitarios y Estamento Egresados se integran al CS de la UNSJ"},"content":{"rendered":"<p>Tal como lo dispone la normativa universitaria, este lunes se realiz\u00f3 el sorteo de representantes para el Consejo Superior del estamento Egresados. Este paso es posterior a las elecciones, y se realiza con bolillero para determinar qui\u00e9nes ser\u00e1n integrantes titulares del cuerpo y qui\u00e9nes lo har\u00e1n como suplentes.<\/p>\n<p><strong><span style=\"color: #0000ff;\">Consigno la Junta Electoral<\/span><\/strong><\/p>\n<ul>\n<li>1\u00b0 titular del estamento de la Facultad de Ciencias Exactas, F\u00edsicas y Naturales, Elsa Alejandra Ponce, de la lista \u201cProyecto Exactas\u201d,<\/li>\n<li>2\u00b0 titular Ariel Marcelo Oca\u00f1a, de la Facultad de Arquitectura, Urbanismo y Dise\u00f1o, de la lista \u201cSumar\u201d.<\/li>\n<\/ul>\n<p><span style=\"color: #0000ff;\"><strong>Los representantes suplentes del estamento<\/strong><\/span><\/p>\n<ul>\n<li>Facultad de Filosof\u00eda, Humanidades y Artes, lista \u201cEncuentro\u201d,<\/li>\n<li>Escuela Universitaria de Ciencias de la Salud, lista \u201cUnidos por Salud\u201d,<\/li>\n<li>Facultad de Ingenier\u00eda, lista \u201cSan Juan Ingenier\u00eda\u201d,<\/li>\n<li>Facultad de Ciencias Sociales, lista \u201cFrente Universitario Organizado\u201d.<\/li>\n<\/ul>\n<p><span style=\"color: #0000ff;\"><strong>Representaci\u00f3n preuniversitaria<\/strong><\/span><\/p>\n<p>Tambi\u00e9n se realiz\u00f3 la elecci\u00f3n de quienes ser\u00e1n representantes por parte del\u00a0Consejo Asesor de Ense\u00f1anza Secundaria\u00a0(CAES), que integran los tres Institutos Preuniversitarios, en el Consejo Superior. Mediante voto directo y secreto, seg\u00fan inform\u00f3 la Junta Electoral, resultaron electas como titular\u00a0Celina Trifonoff, directora de Escuela de Comercio \u201cLibertador General San Mart\u00edn\u201d, y como suplente, Cristina Hevilla, directora del Colegio Central Universitario \u201cMariano Moreno\u201d.<\/p>\n<p>Tras la culminaci\u00f3n del proceso electoral, la vicerrectora de la UNSJ, Anal\u00eda Ponce, de quien depende el CAES, augur\u00f3 \u00e9xitos a la nueva consejera y se refiri\u00f3 al sentido que tiene esta representaci\u00f3n en el Consejo Superior. \u201cCelebramos que en la representatividad de qui\u00e9nes asesoren a las autoridades y aprueban los cambios, sentidos como necesarios en nuestra educaci\u00f3n de nivel medio, se incluyan a los y las estudiantes, a sus familias, al personal no docente, a los profesores y a las autoridades de nuestros tres Institutos Preuniversitarios. Esperamos seguir mejorando la educaci\u00f3n p\u00fablica gratuita y de calidad en el nivel medio de nuestra provincia con el aporte que la Universidad Nacional de San Juan le hace significativamente a nuestra sociedad\u201d dijo la vicerrectora.<\/p>\n","protected":false},"excerpt":{"rendered":"<p>Tal como lo dispone la normativa universitaria, este lunes se realiz\u00f3 el sorteo de representantes para el Consejo Superior del<\/p>\n","protected":false},"author":3,"featured_media":60547,"comment_status":"closed","ping_status":"closed","sticky":false,"template":"","format":"standard","meta":{"_acf_changed":false,"_seopress_robots_primary_cat":"none","_seopress_titles_title":"","_seopress_titles_desc":"","_seopress_robots_index":"","colormag_page_container_layout":"default_layout","colormag_page_sidebar_layout":"default_layout","footnotes":""},"categories":[1],"tags":[],"class_list":["post-60544","post","type-post","status-publish","format-standard","has-post-thumbnail","hentry","category-destacadas"],"acf":[],"_links":{"self":[{"href":"https:\/\/vocesparalelas.com.ar\/sitio\/wp-json\/wp\/v2\/posts\/60544","targetHints":{"allow":["GET"]}}],"collection":[{"href":"https:\/\/vocesparalelas.com.ar\/sitio\/wp-json\/wp\/v2\/posts"}],"about":[{"href":"https:\/\/vocesparalelas.com.ar\/sitio\/wp-json\/wp\/v2\/types\/post"}],"author":[{"embeddable":true,"href":"https:\/\/vocesparalelas.com.ar\/sitio\/wp-json\/wp\/v2\/users\/3"}],"replies":[{"embeddable":true,"href":"https:\/\/vocesparalelas.com.ar\/sitio\/wp-json\/wp\/v2\/comments?post=60544"}],"version-history":[{"count":2,"href":"https:\/\/vocesparalelas.com.ar\/sitio\/wp-json\/wp\/v2\/posts\/60544\/revisions"}],"predecessor-version":[{"id":60549,"href":"https:\/\/vocesparalelas.com.ar\/sitio\/wp-json\/wp\/v2\/posts\/60544\/revisions\/60549"}],"wp:featuredmedia":[{"embeddable":true,"href":"https:\/\/vocesparalelas.com.ar\/sitio\/wp-json\/wp\/v2\/media\/60547"}],"wp:attachment":[{"href":"https:\/\/vocesparalelas.com.ar\/sitio\/wp-json\/wp\/v2\/media?parent=60544"}],"wp:term":[{"taxonomy":"category","embeddable":true,"href":"https:\/\/vocesparalelas.com.ar\/sitio\/wp-json\/wp\/v2\/categories?post=60544"},{"taxonomy":"post_tag","embeddable":true,"href":"https:\/\/vocesparalelas.com.ar\/sitio\/wp-json\/wp\/v2\/tags?post=60544"}],"curies":[{"name":"wp","href":"https:\/\/api.w.org\/{rel}","templated":true}]}}