{"id":60538,"date":"2023-06-27T23:02:16","date_gmt":"2023-06-28T02:02:16","guid":{"rendered":"https:\/\/vocesparalelas.com.ar\/sitio\/?p=60538"},"modified":"2023-06-30T00:51:08","modified_gmt":"2023-06-30T03:51:08","slug":"concurso-la-mejor-ruana-sanjuanina","status":"publish","type":"post","link":"https:\/\/vocesparalelas.com.ar\/sitio\/concurso-la-mejor-ruana-sanjuanina\/","title":{"rendered":"Concurso \u00abLa Mejor Ruana Sanjuanina\u00bb"},"content":{"rendered":"<p>El 27 de junio se celebra en San Juan el D\u00eda Provincial de la Tejedora, por conmemorarse el natalicio de Paula Albarrac\u00edn de Sarmiento, figura ic\u00f3nica para las tejedoras y tejedores de nuestra provincia. En ese contexto, y en el marco del Programa Hilar San Juan, que busca potenciar el desarrollo del emprendedurismo local, el Ministerio de Desarrollo Humano y Promoci\u00f3n Social lanz\u00f3 por segundo a\u00f1o consecutivo el concurso \u201cLa Mejor Ruana Sanjuanina\u201d, edici\u00f3n 2023.<\/p>\n<p>La convocatoria, que tiene como objetivo elegir la mejor ruana sanjuanina, se realiz\u00f3 con gran \u00e9xito por primera vez el a\u00f1o pasado, coronando a tres ganadoras, y durante este 2023 procura continuar visibilizando y promoviendo el oficio textil, con el fin de preservar y propagar nuestros valores culturales para las generaciones futuras.<\/p>\n<p>En ese sentido, la cartera social anunci\u00f3 el lanzamiento de la segunda edici\u00f3n del certamen, y present\u00f3 las bases y condiciones que deben tener en cuenta quienes deseen formar parte del concurso.<\/p>\n<p>Al respecto, el secretario de Promoci\u00f3n Social, Lucio Gonz\u00e1lez, destac\u00f3 \u201cla importancia que el Estado provincial da a las tradiciones, as\u00ed como tambi\u00e9n, al sector del emprendedurismo y es en este contexto donde se vinculan ambas. En cada ruana vemos reflejado trabajo local, tradici\u00f3n sanjuanina y, en definitiva, productos originarios y exclusivos. Por eso debemos seguir incentivando y acompa\u00f1ando\u201d.<\/p>\n<div class=\"itemBody\">\n<div class=\"itemFullText\">\n<p>Por su parte, la directora de Emprendedores Sociales, Ver\u00f3nica D\u00edas, dio por iniciada la inscripci\u00f3n de esta nueva edici\u00f3n del concurso, al tiempo que expres\u00f3 \u201cesta acci\u00f3n p\u00fablica busca poner en valor el trabajo de cada participante, que a trav\u00e9s de cada ruana conlleva una historia, nuestra historia como provincia. Es una cuesti\u00f3n de Estado acompa\u00f1ar a cada emprendedora o emprendedor en cada uno de los departamentos de San Juan\u201d.<\/p>\n<p>Cabe destacar, que las inscripciones ser\u00e1n desde el 27 de junio hasta el d\u00eda viernes 7 de julio inclusive, completando los datos a trav\u00e9s del siguiente\u00a0formulario<\/p>\n<p><a href=\"https:\/\/docs.google.com\/forms\/d\/e\/1FAIpQLSfDRLidXUyfWst9c330zrqCKCCn61L3ibEmzWZc_v1UcL_YPQ\/viewform\">https:\/\/docs.google.com\/forms\/d\/e\/1FAIpQLSfDRLidXUyfWst9c330zrqCKCCn61L3ibEmzWZc_v1UcL_YPQ\/viewform<\/a><\/p>\n<p>O bien, de manera presencial en el Local Hilar San Juan, Las Heras 209 &#8211; S &#8211; Capital.<\/p>\n<p><strong><span style=\"color: #ff6600;\">Bases y condiciones<\/span><\/strong><\/p>\n<p>Qu\u00e9 caracter\u00edsticas debe tener la ruana:<\/p>\n<ul>\n<li>Colores: Tonos tierra, natural y marrones claros.<\/li>\n<li>Terminaciones: a consideraci\u00f3n de la tejedora o hilandera<\/li>\n<li>Medidas: A decisi\u00f3n de la tejedora o hilandera<\/li>\n<li>Tener en cuenta: Dise\u00f1o innovador, se pueden incluir paisajes sanjuaninos.<\/li>\n<\/ul>\n<p>En cuanto a los criterios de evaluaci\u00f3n, se considerar\u00e1 la presentaci\u00f3n, terminaci\u00f3n y el cumplimiento de las caracter\u00edsticas solicitadas.<\/p>\n<p>\u201cLa Mejor Ruana Sanjuanina\u201d ha sido declarado de inter\u00e9s cultural a nivel provincial, y constituye un espacio de visibilizaci\u00f3n para quienes en toda la provincia y en diferentes contextos, han hecho perdurar esta tradici\u00f3n que forma parte de nuestra cultura popular.<\/p>\n<p><span style=\"color: #ff6600;\"><strong>Para m\u00e1s informaci\u00f3n<\/strong><\/span><\/p>\n<p>Direcci\u00f3n de Emprendedores Sociales &#8211; Ministerio de Desarrollo Humano. Centro C\u00edvico, primer piso, n\u00facleo 2.<\/p>\n<p>WhatsApp 2645053411<\/p>\n<\/div>\n<div class=\"clr\"><\/div>\n<\/div>\n<div class=\"itemBackToTop\"><\/div>\n","protected":false},"excerpt":{"rendered":"<p>El 27 de junio se celebra en San Juan el D\u00eda Provincial de la Tejedora, por conmemorarse el natalicio de<\/p>\n","protected":false},"author":3,"featured_media":60541,"comment_status":"closed","ping_status":"closed","sticky":false,"template":"","format":"standard","meta":{"_acf_changed":false,"_seopress_robots_primary_cat":"none","_seopress_titles_title":"","_seopress_titles_desc":"","_seopress_robots_index":"","colormag_page_container_layout":"default_layout","colormag_page_sidebar_layout":"default_layout","footnotes":""},"categories":[8],"tags":[],"class_list":["post-60538","post","type-post","status-publish","format-standard","has-post-thumbnail","hentry","category-concursos"],"acf":[],"_links":{"self":[{"href":"https:\/\/vocesparalelas.com.ar\/sitio\/wp-json\/wp\/v2\/posts\/60538","targetHints":{"allow":["GET"]}}],"collection":[{"href":"https:\/\/vocesparalelas.com.ar\/sitio\/wp-json\/wp\/v2\/posts"}],"about":[{"href":"https:\/\/vocesparalelas.com.ar\/sitio\/wp-json\/wp\/v2\/types\/post"}],"author":[{"embeddable":true,"href":"https:\/\/vocesparalelas.com.ar\/sitio\/wp-json\/wp\/v2\/users\/3"}],"replies":[{"embeddable":true,"href":"https:\/\/vocesparalelas.com.ar\/sitio\/wp-json\/wp\/v2\/comments?post=60538"}],"version-history":[{"count":2,"href":"https:\/\/vocesparalelas.com.ar\/sitio\/wp-json\/wp\/v2\/posts\/60538\/revisions"}],"predecessor-version":[{"id":60543,"href":"https:\/\/vocesparalelas.com.ar\/sitio\/wp-json\/wp\/v2\/posts\/60538\/revisions\/60543"}],"wp:featuredmedia":[{"embeddable":true,"href":"https:\/\/vocesparalelas.com.ar\/sitio\/wp-json\/wp\/v2\/media\/60541"}],"wp:attachment":[{"href":"https:\/\/vocesparalelas.com.ar\/sitio\/wp-json\/wp\/v2\/media?parent=60538"}],"wp:term":[{"taxonomy":"category","embeddable":true,"href":"https:\/\/vocesparalelas.com.ar\/sitio\/wp-json\/wp\/v2\/categories?post=60538"},{"taxonomy":"post_tag","embeddable":true,"href":"https:\/\/vocesparalelas.com.ar\/sitio\/wp-json\/wp\/v2\/tags?post=60538"}],"curies":[{"name":"wp","href":"https:\/\/api.w.org\/{rel}","templated":true}]}}