{"id":60531,"date":"2023-06-27T22:39:42","date_gmt":"2023-06-28T01:39:42","guid":{"rendered":"https:\/\/vocesparalelas.com.ar\/sitio\/?p=60531"},"modified":"2023-06-28T00:03:33","modified_gmt":"2023-06-28T03:03:33","slug":"representantes-de-diversos-sectores-politicos-de-san-juan-visitaron-al-gobernador-dr-sergio-unac","status":"publish","type":"post","link":"https:\/\/vocesparalelas.com.ar\/sitio\/representantes-de-diversos-sectores-politicos-de-san-juan-visitaron-al-gobernador-dr-sergio-unac\/","title":{"rendered":"Representantes de diversos sectores pol\u00edticos de San Juan visitaron al Gobernador Dr. Sergio U\u00f1ac"},"content":{"rendered":"<p>El gobernador de San Juan, Dr. Sergio U\u00f1ac recibi\u00f3 la visita de integrantes de partidos y agrupaciones pol\u00edticas de San Juan que apoyan el Modelo San Juan.<\/p>\n<p>En representaci\u00f3n del Frente Grande, el diputado Arq. Horacio Quiroga manifest\u00f3 que \u201csomos un conglomerado de fuerzas pol\u00edticas comprometidos desde hace tiempo con el Modelo San Juan. Ante el gobernador, reafirmamos nuestro compromiso con el proyecto y le transmitimos que nos honra que Rub\u00e9n U\u00f1ac y Cristian Andino sean los candidatos a gobernador y vice para las pr\u00f3ximas elecciones. Adem\u00e1s, atribuimos a \u00e9stos pol\u00edticos muchos m\u00e9ritos, reconocidos por la ciudadan\u00eda en el transcurso de su accionar\u201d.<\/p>\n<p>Continuando con su palabra, el diputado agreg\u00f3 que \u201csomos humildes herramientas al servicio de la continuidad del modelo. Tambi\u00e9n le agradecimos a U\u00f1ac por su generosidad al habernos dado el espacio pol\u00edtico para la construcci\u00f3n colectiva. Fue una muy buena reuni\u00f3n, con el conductor de un modelo que nos enorgullece\u201d.<\/p>\n<p>Con respecto a los comicios del Domingo, 2 de Julio, Quiroga expres\u00f3 que \u201cpara el domingo tenemos las mejores expectativas. Es una elecci\u00f3n distinta, por circunstancias impuestas por la decisi\u00f3n de la Suprema Corte de Justicia con respecto al proceso electoral del 14 de Mayo. Sabemos que la gente se expres\u00f3 en beneficio de las virtudes de un modelo de provincia, en la que los sanjuaninos son sus principales actores por las pol\u00edticas de participaci\u00f3n de la ciudadan\u00eda. Esas virtudes fueron refrendadas por la gente\u201d.<\/p>\n<p>En otro p\u00e1rrafo, el funcionario reflexion\u00f3 que \u201cdurante \u00e9sta campa\u00f1a, detectamos que la gente apoya el modelo y sus resultados. Los sanjuaninos entendieron que deben expresarse en defensa propia, de lo construido y de lo que nos pertenece y creemos que ese criterio se reflejar\u00e1 en las urnas\u201d.<\/p>\n<p>Para cerrar, Quiroga reconoci\u00f3 que \u201ctenemos una clara empat\u00eda con la ciudadan\u00eda a trav\u00e9s del proyecto de gobierno que se desarrolla en San Juan, desde lo pol\u00edtico y lo cultural. Por ello, estamos seguros que la ciudadan\u00eda volver\u00e1 a expresarse en las urnas, en el refuerzo de la democracia, para continuar en el camino de un proyecto que no tiene techo, sin saltos al vac\u00edo y defendiendo lo nuestro a trav\u00e9s del voto\u201d.<\/p>\n<p><img loading=\"lazy\" decoding=\"async\" class=\"alignnone size-full wp-image-60535\" src=\"https:\/\/vocesparalelas.com.ar\/sitio\/wp-content\/uploads\/2023\/06\/POLITICOS-SAN-JUAN-01.jpg\" alt=\"\" width=\"800\" height=\"533\" srcset=\"https:\/\/vocesparalelas.com.ar\/sitio\/wp-content\/uploads\/2023\/06\/POLITICOS-SAN-JUAN-01.jpg 800w, https:\/\/vocesparalelas.com.ar\/sitio\/wp-content\/uploads\/2023\/06\/POLITICOS-SAN-JUAN-01-300x200.jpg 300w, https:\/\/vocesparalelas.com.ar\/sitio\/wp-content\/uploads\/2023\/06\/POLITICOS-SAN-JUAN-01-768x512.jpg 768w\" sizes=\"auto, (max-width: 800px) 100vw, 800px\" \/><\/p>\n<p>Se encontraban presentes autoridades del Frente Grande, socialistas, camporistas, entre otros.<\/p>\n<p>&nbsp;<\/p>\n<p>&nbsp;<\/p>\n<p>&nbsp;<\/p>\n","protected":false},"excerpt":{"rendered":"<p>El gobernador de San Juan, Dr. Sergio U\u00f1ac recibi\u00f3 la visita de integrantes de partidos y agrupaciones pol\u00edticas de San<\/p>\n","protected":false},"author":3,"featured_media":60534,"comment_status":"closed","ping_status":"closed","sticky":false,"template":"","format":"standard","meta":{"_acf_changed":false,"_seopress_robots_primary_cat":"none","_seopress_titles_title":"","_seopress_titles_desc":"","_seopress_robots_index":"","colormag_page_container_layout":"default_layout","colormag_page_sidebar_layout":"default_layout","footnotes":""},"categories":[1],"tags":[],"class_list":["post-60531","post","type-post","status-publish","format-standard","has-post-thumbnail","hentry","category-destacadas"],"acf":[],"_links":{"self":[{"href":"https:\/\/vocesparalelas.com.ar\/sitio\/wp-json\/wp\/v2\/posts\/60531","targetHints":{"allow":["GET"]}}],"collection":[{"href":"https:\/\/vocesparalelas.com.ar\/sitio\/wp-json\/wp\/v2\/posts"}],"about":[{"href":"https:\/\/vocesparalelas.com.ar\/sitio\/wp-json\/wp\/v2\/types\/post"}],"author":[{"embeddable":true,"href":"https:\/\/vocesparalelas.com.ar\/sitio\/wp-json\/wp\/v2\/users\/3"}],"replies":[{"embeddable":true,"href":"https:\/\/vocesparalelas.com.ar\/sitio\/wp-json\/wp\/v2\/comments?post=60531"}],"version-history":[{"count":2,"href":"https:\/\/vocesparalelas.com.ar\/sitio\/wp-json\/wp\/v2\/posts\/60531\/revisions"}],"predecessor-version":[{"id":60537,"href":"https:\/\/vocesparalelas.com.ar\/sitio\/wp-json\/wp\/v2\/posts\/60531\/revisions\/60537"}],"wp:featuredmedia":[{"embeddable":true,"href":"https:\/\/vocesparalelas.com.ar\/sitio\/wp-json\/wp\/v2\/media\/60534"}],"wp:attachment":[{"href":"https:\/\/vocesparalelas.com.ar\/sitio\/wp-json\/wp\/v2\/media?parent=60531"}],"wp:term":[{"taxonomy":"category","embeddable":true,"href":"https:\/\/vocesparalelas.com.ar\/sitio\/wp-json\/wp\/v2\/categories?post=60531"},{"taxonomy":"post_tag","embeddable":true,"href":"https:\/\/vocesparalelas.com.ar\/sitio\/wp-json\/wp\/v2\/tags?post=60531"}],"curies":[{"name":"wp","href":"https:\/\/api.w.org\/{rel}","templated":true}]}}