{"id":60526,"date":"2023-06-27T22:45:29","date_gmt":"2023-06-28T01:45:29","guid":{"rendered":"https:\/\/vocesparalelas.com.ar\/sitio\/?p=60526"},"modified":"2023-06-30T00:04:11","modified_gmt":"2023-06-30T03:04:11","slug":"masterclass-a-cargo-de-la-soprano-veronica-cangemi-en-el-tb-de-san-juan","status":"publish","type":"post","link":"https:\/\/vocesparalelas.com.ar\/sitio\/masterclass-a-cargo-de-la-soprano-veronica-cangemi-en-el-tb-de-san-juan\/","title":{"rendered":"Masterclass a cargo de la soprano Ver\u00f3nica Cangemi en el TB de San Juan"},"content":{"rendered":"<p>El Ministerio de Turismo y Cultura del Gobierno de San Juan, a trav\u00e9s del Teatro del Bicentenario, abre inscripciones para la Masterclass que dicta la reconocida soprano Ver\u00f3nica Cangemi en el TB, en el marco del Programa Opera Training 2023 que se desarrolla a partir del 5 de Julio en el TB.<\/p>\n<p>Con el objetivo de enriquecer la propuesta cultural de la provincia de San Juan y su inserci\u00f3n y proyecci\u00f3n hacia el \u00e1mbito de la actividad l\u00edrica nacional e internacional, el TB invita a cantantes l\u00edricos de nivel intermedio y avanzado a participar de la clase que da inicio al Opera Training 2023, con modalidad presencial y gratuita. La Masterclass estar\u00e1 a cargo de Ver\u00f3nica Cangemi, directora art\u00edstica del Programa.<\/p>\n<p>La convocatoria est\u00e1 dirigida a cantantes l\u00edricos nivel avanzado e intermedio, mayores 18 a\u00f1os, con una consolidada preparaci\u00f3n en t\u00e9cnica vocal que permita un perfeccionamiento y una formaci\u00f3n pr\u00e1ctica en un teatro de \u00f3pera.<\/p>\n<p>Masterclass dictada por Ver\u00f3nica Cangemi, el 5 de Julio, en horario a confirmar. Gratuita con inscripciones abiertas hasta el 1 de Julio, a las 12 hs, a trav\u00e9s de<\/p>\n<p><a href=\"https:\/\/docs.google.com\/forms\/d\/e\/1FAIpQLSdZcP26QM0eASNsN7Hvhm7o0p0bFmCqxznlqOFM9a2nA40DFQ\/viewform\">https:\/\/docs.google.com\/forms\/d\/e\/1FAIpQLSdZcP26QM0eASNsN7Hvhm7o0p0bFmCqxznlqOFM9a2nA40DFQ\/viewform<\/a><\/p>\n<p>Cupos limitados.<\/p>\n<p><iframe loading=\"lazy\" title=\"VER\u00d3NICA CANGEMI y la CAMERATA BARILOCHE en el CCK-2\u00aa parte-00089\" width=\"800\" height=\"450\" src=\"https:\/\/www.youtube.com\/embed\/lnHfU9JWgN8?feature=oembed\" frameborder=\"0\" allow=\"accelerometer; autoplay; clipboard-write; encrypted-media; gyroscope; picture-in-picture; web-share\" allowfullscreen><\/iframe><\/p>\n<p>&nbsp;<\/p>\n<p><img loading=\"lazy\" decoding=\"async\" class=\"alignnone size-large wp-image-24321\" src=\"https:\/\/vocesparalelas.com.ar\/sitio\/wp-content\/uploads\/2019\/10\/TEATRO-DEL-BICENTENARIO-100-800x503.jpg\" alt=\"\" width=\"800\" height=\"503\" srcset=\"https:\/\/vocesparalelas.com.ar\/sitio\/wp-content\/uploads\/2019\/10\/TEATRO-DEL-BICENTENARIO-100.jpg 800w, https:\/\/vocesparalelas.com.ar\/sitio\/wp-content\/uploads\/2019\/10\/TEATRO-DEL-BICENTENARIO-100-300x189.jpg 300w, https:\/\/vocesparalelas.com.ar\/sitio\/wp-content\/uploads\/2019\/10\/TEATRO-DEL-BICENTENARIO-100-768x483.jpg 768w\" sizes=\"auto, (max-width: 800px) 100vw, 800px\" \/><\/p>\n","protected":false},"excerpt":{"rendered":"<p>El Ministerio de Turismo y Cultura del Gobierno de San Juan, a trav\u00e9s del Teatro del Bicentenario, abre inscripciones para<\/p>\n","protected":false},"author":3,"featured_media":60529,"comment_status":"closed","ping_status":"closed","sticky":false,"template":"","format":"standard","meta":{"_acf_changed":false,"_seopress_robots_primary_cat":"none","_seopress_titles_title":"","_seopress_titles_desc":"","_seopress_robots_index":"","colormag_page_container_layout":"default_layout","colormag_page_sidebar_layout":"default_layout","footnotes":""},"categories":[9,7],"tags":[],"class_list":["post-60526","post","type-post","status-publish","format-standard","has-post-thumbnail","hentry","category-cursos","category-videos"],"acf":[],"_links":{"self":[{"href":"https:\/\/vocesparalelas.com.ar\/sitio\/wp-json\/wp\/v2\/posts\/60526","targetHints":{"allow":["GET"]}}],"collection":[{"href":"https:\/\/vocesparalelas.com.ar\/sitio\/wp-json\/wp\/v2\/posts"}],"about":[{"href":"https:\/\/vocesparalelas.com.ar\/sitio\/wp-json\/wp\/v2\/types\/post"}],"author":[{"embeddable":true,"href":"https:\/\/vocesparalelas.com.ar\/sitio\/wp-json\/wp\/v2\/users\/3"}],"replies":[{"embeddable":true,"href":"https:\/\/vocesparalelas.com.ar\/sitio\/wp-json\/wp\/v2\/comments?post=60526"}],"version-history":[{"count":1,"href":"https:\/\/vocesparalelas.com.ar\/sitio\/wp-json\/wp\/v2\/posts\/60526\/revisions"}],"predecessor-version":[{"id":60530,"href":"https:\/\/vocesparalelas.com.ar\/sitio\/wp-json\/wp\/v2\/posts\/60526\/revisions\/60530"}],"wp:featuredmedia":[{"embeddable":true,"href":"https:\/\/vocesparalelas.com.ar\/sitio\/wp-json\/wp\/v2\/media\/60529"}],"wp:attachment":[{"href":"https:\/\/vocesparalelas.com.ar\/sitio\/wp-json\/wp\/v2\/media?parent=60526"}],"wp:term":[{"taxonomy":"category","embeddable":true,"href":"https:\/\/vocesparalelas.com.ar\/sitio\/wp-json\/wp\/v2\/categories?post=60526"},{"taxonomy":"post_tag","embeddable":true,"href":"https:\/\/vocesparalelas.com.ar\/sitio\/wp-json\/wp\/v2\/tags?post=60526"}],"curies":[{"name":"wp","href":"https:\/\/api.w.org\/{rel}","templated":true}]}}