{"id":60503,"date":"2023-06-27T20:55:38","date_gmt":"2023-06-27T23:55:38","guid":{"rendered":"https:\/\/vocesparalelas.com.ar\/sitio\/?p=60503"},"modified":"2023-06-30T00:58:28","modified_gmt":"2023-06-30T03:58:28","slug":"festival-del-diseno-en-la-faud-de-la-unsj","status":"publish","type":"post","link":"https:\/\/vocesparalelas.com.ar\/sitio\/festival-del-diseno-en-la-faud-de-la-unsj\/","title":{"rendered":"Festival del Dise\u00f1o en la FAUD de la UNSJ"},"content":{"rendered":"<p>Los alumnos, docentes y egresados de la carrera de grado Dise\u00f1o Industrial de la Facultad de Arquitectura, Urbanismo y Dise\u00f1o de la Universidad Nacional de San Juan se reunieron para organizar el Festival del Dise\u00f1o, en el D\u00eda Nacional del Dise\u00f1ador.<\/p>\n<p>Es as\u00ed que, se desarrolla el Mi\u00e9rcoles, 28 y Jueves, 29 de Junio, en la FAUD de la UNSJ.<\/p>\n<p><strong><span style=\"color: #ff6600;\">Cronograma<\/span><\/strong><\/p>\n<p><strong><span style=\"color: #ff6600;\">Mi\u00e9rcoles, 28 de Junio<\/span><\/strong><\/p>\n<ul>\n<li>10 hs.; Inauguraci\u00f3n de la Feria del Dise\u00f1o en el pasillo de entrada de la FAUD de la UNSJ<\/li>\n<\/ul>\n<p>En el Aula Magna FAUD<\/p>\n<p>Col\u00e1boratorio 1, Moderadora: Yanina Ruarte<\/p>\n<p>10:30 a 13 hs.<\/p>\n<ul>\n<li>Relato Ilustrado DI Gustavo Palacio, Ilustrador, dibujante art\u00edstico y t\u00e9cnico<\/li>\n<li>Prototipado R\u00e1pido de Gigantes Maximiliano D\u00edas, Artista 3D en el Museo de Ciencias Naturales de la FCEFN de la UNSJ<\/li>\n<li>Darle vuelta a la cosa, Estudiantes de Dl y artistas 3D Alex Arroqui y Santiago Fuentes<\/li>\n<\/ul>\n<p>14:30 a 17 hs.<\/p>\n<p>Colaboratorio 2, Moderadora; Morena Soria<\/p>\n<ul>\n<li>Tecnolog\u00eda y Contexto DI Antonio P\u00e1ez, Docente en DI. FAUD \u2013 UNSJ<\/li>\n<li>Costume play y animaci\u00f3n 3D, Estudiante en DI y emprendedora, Paulina Fern\u00e1ndez<\/li>\n<li>DI como disciplina viva ante la accesibilidad, DI Daniela R\u00edos &#8211; Docente en DI y DG<\/li>\n<li>Ingenio DI, DI Jonathan Rodr\u00edguez, Dise\u00f1ador independiente.<\/li>\n<\/ul>\n<p><strong><span style=\"color: #ff6600;\">Jueves, 29 de Junio<\/span><\/strong><\/p>\n<p>Aula Magna FAUD<\/p>\n<p>10:30 a 13 hs., Colaboratorio 3, Moderadora: Mait\u00e9 Nu\u00f1ez<\/p>\n<ul>\n<li>Experiencia UXJUI, DI Florencia Pelanda, Dise\u00f1o UX\/UI, Docente en TUDIT y Coderhouse<\/li>\n<li>Narrativa fotogr\u00e1fica, Estudiante y emprendedor en DI. Leandro M\u00ednguez<\/li>\n<li>Pensamiento Param\u00e9trico, DI Eduardo Ba\u00f1os, Docente investigador en DI<\/li>\n<li>Storytelling, Estudiante en DI. Mait\u00e9 Nu\u00f1ez<\/li>\n<\/ul>\n<p>14:30 a 17 hs.; Colaboratorio 4, Moderadora: Florencia Pelanda<\/p>\n<ul>\n<li>Dise\u00f1o preciso, DI Santiago P\u00e9rez, Dise\u00f1ador, Cadista Modelador 3D en proyectos de empresas<\/li>\n<li>Dise\u00f1o en redes y territorio DI Yanina Ruarte, Consultora y Docente investigadora en DI-IDIS \u2013 TUDIT<\/li>\n<li>Ecodise\u00f1o binacional, DI Morena Soria, Gestora Cultural Docente , Dise\u00f1o de experiencia<\/li>\n<\/ul>\n<p>17:30hs Conclusiones y acciones, Equipo organizativo + Moderadores<\/p>\n<p>18 hs Inauguraci\u00f3n de la Galer\u00eda DI<\/p>\n<p>18:15 hs Visuales JigS y Sosty, DJ Set Rom\u00e1n<\/p>\n<p>Por ello, Voces Paralelas desarroll\u00f3 una entrevista Period\u00edstica a la Estudiante de 4\u00b0 A\u00f1o de Dise\u00f1o Industrial de la FAUD de la UNSJ e integrante del equipo de organizaci\u00f3n del Festival del Dise\u00f1o, quien destac\u00f3 la importancia del evento porque posee el apoyo incondicional de las autoridades de la FAUD. Adem\u00e1s, de puntualiz\u00f3 que estas necesidades e inquietudes permitir\u00e1n un camino a seguir como profesional.<\/p>\n<p><iframe loading=\"lazy\" title=\"FAUD UNSJ MAIT\u00c9 NU\u00d1EZ\" width=\"800\" height=\"450\" src=\"https:\/\/www.youtube.com\/embed\/zJh3ybPhihc?feature=oembed\" frameborder=\"0\" allow=\"accelerometer; autoplay; clipboard-write; encrypted-media; gyroscope; picture-in-picture; web-share\" allowfullscreen><\/iframe><\/p>\n<p><img loading=\"lazy\" decoding=\"async\" class=\"alignnone size-full wp-image-60507\" src=\"https:\/\/vocesparalelas.com.ar\/sitio\/wp-content\/uploads\/2023\/06\/FAUD-UNSJ-DI-01.jpg\" alt=\"\" width=\"800\" height=\"533\" srcset=\"https:\/\/vocesparalelas.com.ar\/sitio\/wp-content\/uploads\/2023\/06\/FAUD-UNSJ-DI-01.jpg 800w, https:\/\/vocesparalelas.com.ar\/sitio\/wp-content\/uploads\/2023\/06\/FAUD-UNSJ-DI-01-300x200.jpg 300w, https:\/\/vocesparalelas.com.ar\/sitio\/wp-content\/uploads\/2023\/06\/FAUD-UNSJ-DI-01-768x512.jpg 768w\" sizes=\"auto, (max-width: 800px) 100vw, 800px\" \/><\/p>\n<p><img loading=\"lazy\" decoding=\"async\" class=\"alignnone size-large wp-image-60508\" src=\"https:\/\/vocesparalelas.com.ar\/sitio\/wp-content\/uploads\/2023\/06\/FAUD-UNSJ-DI-02.jpg\" alt=\"\" width=\"800\" height=\"533\" srcset=\"https:\/\/vocesparalelas.com.ar\/sitio\/wp-content\/uploads\/2023\/06\/FAUD-UNSJ-DI-02.jpg 800w, https:\/\/vocesparalelas.com.ar\/sitio\/wp-content\/uploads\/2023\/06\/FAUD-UNSJ-DI-02-300x200.jpg 300w, https:\/\/vocesparalelas.com.ar\/sitio\/wp-content\/uploads\/2023\/06\/FAUD-UNSJ-DI-02-768x512.jpg 768w\" sizes=\"auto, (max-width: 800px) 100vw, 800px\" \/><\/p>\n<p>&nbsp;<\/p>\n<p><img loading=\"lazy\" decoding=\"async\" class=\"alignnone size-full wp-image-59382\" src=\"https:\/\/vocesparalelas.com.ar\/sitio\/wp-content\/uploads\/2023\/05\/FAUD-EDIFICIO-01.jpg\" alt=\"\" width=\"800\" height=\"600\" srcset=\"https:\/\/vocesparalelas.com.ar\/sitio\/wp-content\/uploads\/2023\/05\/FAUD-EDIFICIO-01.jpg 800w, https:\/\/vocesparalelas.com.ar\/sitio\/wp-content\/uploads\/2023\/05\/FAUD-EDIFICIO-01-300x225.jpg 300w, https:\/\/vocesparalelas.com.ar\/sitio\/wp-content\/uploads\/2023\/05\/FAUD-EDIFICIO-01-768x576.jpg 768w\" sizes=\"auto, (max-width: 800px) 100vw, 800px\" \/><\/p>\n<p>&nbsp;<\/p>\n<p>&nbsp;<\/p>\n","protected":false},"excerpt":{"rendered":"<p>Los alumnos, docentes y egresados de la carrera de grado Dise\u00f1o Industrial de la Facultad de Arquitectura, Urbanismo y Dise\u00f1o<\/p>\n","protected":false},"author":3,"featured_media":60506,"comment_status":"closed","ping_status":"closed","sticky":false,"template":"","format":"standard","meta":{"_acf_changed":false,"_seopress_robots_primary_cat":"none","_seopress_titles_title":"","_seopress_titles_desc":"","_seopress_robots_index":"","colormag_page_container_layout":"default_layout","colormag_page_sidebar_layout":"default_layout","footnotes":""},"categories":[9,7],"tags":[],"class_list":["post-60503","post","type-post","status-publish","format-standard","has-post-thumbnail","hentry","category-cursos","category-videos"],"acf":[],"_links":{"self":[{"href":"https:\/\/vocesparalelas.com.ar\/sitio\/wp-json\/wp\/v2\/posts\/60503","targetHints":{"allow":["GET"]}}],"collection":[{"href":"https:\/\/vocesparalelas.com.ar\/sitio\/wp-json\/wp\/v2\/posts"}],"about":[{"href":"https:\/\/vocesparalelas.com.ar\/sitio\/wp-json\/wp\/v2\/types\/post"}],"author":[{"embeddable":true,"href":"https:\/\/vocesparalelas.com.ar\/sitio\/wp-json\/wp\/v2\/users\/3"}],"replies":[{"embeddable":true,"href":"https:\/\/vocesparalelas.com.ar\/sitio\/wp-json\/wp\/v2\/comments?post=60503"}],"version-history":[{"count":3,"href":"https:\/\/vocesparalelas.com.ar\/sitio\/wp-json\/wp\/v2\/posts\/60503\/revisions"}],"predecessor-version":[{"id":60511,"href":"https:\/\/vocesparalelas.com.ar\/sitio\/wp-json\/wp\/v2\/posts\/60503\/revisions\/60511"}],"wp:featuredmedia":[{"embeddable":true,"href":"https:\/\/vocesparalelas.com.ar\/sitio\/wp-json\/wp\/v2\/media\/60506"}],"wp:attachment":[{"href":"https:\/\/vocesparalelas.com.ar\/sitio\/wp-json\/wp\/v2\/media?parent=60503"}],"wp:term":[{"taxonomy":"category","embeddable":true,"href":"https:\/\/vocesparalelas.com.ar\/sitio\/wp-json\/wp\/v2\/categories?post=60503"},{"taxonomy":"post_tag","embeddable":true,"href":"https:\/\/vocesparalelas.com.ar\/sitio\/wp-json\/wp\/v2\/tags?post=60503"}],"curies":[{"name":"wp","href":"https:\/\/api.w.org\/{rel}","templated":true}]}}