{"id":60492,"date":"2023-06-26T22:48:58","date_gmt":"2023-06-27T01:48:58","guid":{"rendered":"https:\/\/vocesparalelas.com.ar\/sitio\/?p=60492"},"modified":"2023-06-30T00:59:40","modified_gmt":"2023-06-30T03:59:40","slug":"los-alumnos-solidarios-de-la-eidfs-de-la-unsj-unidos-por-la-palabra-local","status":"publish","type":"post","link":"https:\/\/vocesparalelas.com.ar\/sitio\/los-alumnos-solidarios-de-la-eidfs-de-la-unsj-unidos-por-la-palabra-local\/","title":{"rendered":"Los alumnos solidarios de la EIDFS de la UNSJ unidos por la Palabra Local"},"content":{"rendered":"<p>En el Hall del Rectorado de la Universidad Nacional de San Juan, la c\u00e1tedra de Lengua y Literatura del 6\u00b0 A\u00f1o del Instituto Preuniversitarios Escuela Industrial Domingo Faustino Sarmiento que depende de la UNSJ, realiz\u00f3 un encuentro de intercambio entre Escritores de San Juan, cuyas obra fueron le\u00eddos por los alumnos en el marco del proyecto \u201cFeria de la Palabra Local\u201d.<\/p>\n<p>Los docentes responsables del Proyecto<\/p>\n<p><img loading=\"lazy\" decoding=\"async\" class=\"alignnone size-full wp-image-60497\" src=\"https:\/\/vocesparalelas.com.ar\/sitio\/wp-content\/uploads\/2023\/06\/EIDFS-ENCUENTRO-ESCRITORES-01.jpg\" alt=\"\" width=\"800\" height=\"423\" srcset=\"https:\/\/vocesparalelas.com.ar\/sitio\/wp-content\/uploads\/2023\/06\/EIDFS-ENCUENTRO-ESCRITORES-01.jpg 800w, https:\/\/vocesparalelas.com.ar\/sitio\/wp-content\/uploads\/2023\/06\/EIDFS-ENCUENTRO-ESCRITORES-01-300x159.jpg 300w, https:\/\/vocesparalelas.com.ar\/sitio\/wp-content\/uploads\/2023\/06\/EIDFS-ENCUENTRO-ESCRITORES-01-768x406.jpg 768w, https:\/\/vocesparalelas.com.ar\/sitio\/wp-content\/uploads\/2023\/06\/EIDFS-ENCUENTRO-ESCRITORES-01-390x205.jpg 390w\" sizes=\"auto, (max-width: 800px) 100vw, 800px\" \/><\/p>\n<ul>\n<li>Prof. Daniela Fabaro,<\/li>\n<li>Prof. Mar\u00eda Laura Gonz\u00e1lez y<\/li>\n<li>Prof. Mar\u00eda Isabel Paredes<\/li>\n<\/ul>\n<p><span style=\"color: #ff6600;\"><strong>Objetivo<\/strong><\/span><\/p>\n<p>Revalorizar la literatura regional con la lectura de autores de San Juan.<\/p>\n<p>En este tramo del proyecto los alumnos pudieron tener contacto de la lectura de textos de los escritores<\/p>\n<p><img loading=\"lazy\" decoding=\"async\" class=\"alignnone size-full wp-image-60498\" src=\"https:\/\/vocesparalelas.com.ar\/sitio\/wp-content\/uploads\/2023\/06\/EIDFS-ENCUENTRO-ESCRITORES.jpg\" alt=\"\" width=\"800\" height=\"450\" srcset=\"https:\/\/vocesparalelas.com.ar\/sitio\/wp-content\/uploads\/2023\/06\/EIDFS-ENCUENTRO-ESCRITORES.jpg 800w, https:\/\/vocesparalelas.com.ar\/sitio\/wp-content\/uploads\/2023\/06\/EIDFS-ENCUENTRO-ESCRITORES-300x169.jpg 300w, https:\/\/vocesparalelas.com.ar\/sitio\/wp-content\/uploads\/2023\/06\/EIDFS-ENCUENTRO-ESCRITORES-768x432.jpg 768w\" sizes=\"auto, (max-width: 800px) 100vw, 800px\" \/><\/p>\n<ul>\n<li>Adriana Luna,<\/li>\n<li>Dami\u00e1n L\u00f3pez,<\/li>\n<li>Denis Leal,<\/li>\n<li>Ricardo Trombino,<\/li>\n<li>Leonardo Garc\u00eda Pareja e<\/li>\n<li>Iv\u00e1n Mart\u00ednez (narrativa y l\u00edrica)<\/li>\n<\/ul>\n<p>Adem\u00e1s, las profesores de la EIDFS de la UNSJ agregaron para trabajar junto a los alumnos del 6\u00b0 a\u00f1o<\/p>\n<ul>\n<li>Escuela Cayetano Quiroga de Usno- Valle F\u00e9rtil con su profesora Mar\u00eda Soledad de La Vega y<\/li>\n<li>Escuela Larreta de Cochag\u00fcal- Sarmiento con la docente de Comunicaci\u00f3n Flavia Moncunil.<\/li>\n<\/ul>\n<p>Lo importante es que todos los alumnos leyeron los textos de los autores de San Juan.<\/p>\n<p>Es as\u00ed, que el Lunes, 26 de Junio, de 9 a 12:30 hs.; se reunieron los j\u00f3venes, docentes y escritores para celebrar un verdadero encuentro de la Palabra Local.<\/p>\n<p><img loading=\"lazy\" decoding=\"async\" class=\"alignnone size-full wp-image-60496\" src=\"https:\/\/vocesparalelas.com.ar\/sitio\/wp-content\/uploads\/2023\/06\/EIDFS-ENCUENTRO-ALUMNOS.jpg\" alt=\"\" width=\"800\" height=\"373\" srcset=\"https:\/\/vocesparalelas.com.ar\/sitio\/wp-content\/uploads\/2023\/06\/EIDFS-ENCUENTRO-ALUMNOS.jpg 800w, https:\/\/vocesparalelas.com.ar\/sitio\/wp-content\/uploads\/2023\/06\/EIDFS-ENCUENTRO-ALUMNOS-300x140.jpg 300w, https:\/\/vocesparalelas.com.ar\/sitio\/wp-content\/uploads\/2023\/06\/EIDFS-ENCUENTRO-ALUMNOS-768x358.jpg 768w\" sizes=\"auto, (max-width: 800px) 100vw, 800px\" \/><\/p>\n<p>Esta experiencia les permiti\u00f3 a los alumnos leer los textos locales y luego conocer a los autores que les permiten debatir y reflexionar entre ambas partes.<\/p>\n<p>El corolario fue la concreci\u00f3n del Proyecto Socio-Comunitario del Departamento de Lengua y Expresi\u00f3n Art\u00edstica \u201cYo leo, vos les, \u00e9l lee\u2026juntos es mejor\u201d que consisti\u00f3 en la b\u00fasqueda de libros para colaborar con la Biblioteca de Usno-Valle F\u00e9rtil.\u00a0 Con certeza se reuni\u00f3 m\u00e1s 600 ejemplares que partieron para la tierra vallista.<\/p>\n<p><img loading=\"lazy\" decoding=\"async\" class=\"alignnone size-full wp-image-60499\" src=\"https:\/\/vocesparalelas.com.ar\/sitio\/wp-content\/uploads\/2023\/06\/EIDFS-ENCUENTRO-LIBROS-01.jpg\" alt=\"\" width=\"800\" height=\"431\" srcset=\"https:\/\/vocesparalelas.com.ar\/sitio\/wp-content\/uploads\/2023\/06\/EIDFS-ENCUENTRO-LIBROS-01.jpg 800w, https:\/\/vocesparalelas.com.ar\/sitio\/wp-content\/uploads\/2023\/06\/EIDFS-ENCUENTRO-LIBROS-01-300x162.jpg 300w, https:\/\/vocesparalelas.com.ar\/sitio\/wp-content\/uploads\/2023\/06\/EIDFS-ENCUENTRO-LIBROS-01-768x414.jpg 768w\" sizes=\"auto, (max-width: 800px) 100vw, 800px\" \/><\/p>\n<p><img loading=\"lazy\" decoding=\"async\" class=\"alignnone size-full wp-image-60500\" src=\"https:\/\/vocesparalelas.com.ar\/sitio\/wp-content\/uploads\/2023\/06\/EIDFS-ENCUENTRO-LIBROS.jpg\" alt=\"\" width=\"800\" height=\"498\" srcset=\"https:\/\/vocesparalelas.com.ar\/sitio\/wp-content\/uploads\/2023\/06\/EIDFS-ENCUENTRO-LIBROS.jpg 800w, https:\/\/vocesparalelas.com.ar\/sitio\/wp-content\/uploads\/2023\/06\/EIDFS-ENCUENTRO-LIBROS-300x187.jpg 300w, https:\/\/vocesparalelas.com.ar\/sitio\/wp-content\/uploads\/2023\/06\/EIDFS-ENCUENTRO-LIBROS-768x478.jpg 768w\" sizes=\"auto, (max-width: 800px) 100vw, 800px\" \/><\/p>\n<p><img loading=\"lazy\" decoding=\"async\" class=\"alignnone size-full wp-image-39108\" src=\"https:\/\/vocesparalelas.com.ar\/sitio\/wp-content\/uploads\/2021\/06\/EIDFS.jpg\" alt=\"\" width=\"800\" height=\"600\" srcset=\"https:\/\/vocesparalelas.com.ar\/sitio\/wp-content\/uploads\/2021\/06\/EIDFS.jpg 800w, https:\/\/vocesparalelas.com.ar\/sitio\/wp-content\/uploads\/2021\/06\/EIDFS-300x225.jpg 300w, https:\/\/vocesparalelas.com.ar\/sitio\/wp-content\/uploads\/2021\/06\/EIDFS-768x576.jpg 768w\" sizes=\"auto, (max-width: 800px) 100vw, 800px\" \/><\/p>\n<p>&nbsp;<\/p>\n<p><img loading=\"lazy\" decoding=\"async\" class=\"alignnone size-full wp-image-53945\" src=\"https:\/\/vocesparalelas.com.ar\/sitio\/wp-content\/uploads\/2022\/10\/UNSJ-LOGO-50-FINAL.jpg\" alt=\"\" width=\"800\" height=\"476\" srcset=\"https:\/\/vocesparalelas.com.ar\/sitio\/wp-content\/uploads\/2022\/10\/UNSJ-LOGO-50-FINAL.jpg 800w, https:\/\/vocesparalelas.com.ar\/sitio\/wp-content\/uploads\/2022\/10\/UNSJ-LOGO-50-FINAL-300x179.jpg 300w, https:\/\/vocesparalelas.com.ar\/sitio\/wp-content\/uploads\/2022\/10\/UNSJ-LOGO-50-FINAL-768x457.jpg 768w\" sizes=\"auto, (max-width: 800px) 100vw, 800px\" \/><\/p>\n<p><img loading=\"lazy\" decoding=\"async\" class=\"alignnone size-full wp-image-54035\" src=\"https:\/\/vocesparalelas.com.ar\/sitio\/wp-content\/uploads\/2022\/11\/UNSJ-LOGO-10.jpg\" alt=\"\" width=\"800\" height=\"533\" srcset=\"https:\/\/vocesparalelas.com.ar\/sitio\/wp-content\/uploads\/2022\/11\/UNSJ-LOGO-10.jpg 800w, https:\/\/vocesparalelas.com.ar\/sitio\/wp-content\/uploads\/2022\/11\/UNSJ-LOGO-10-300x200.jpg 300w, https:\/\/vocesparalelas.com.ar\/sitio\/wp-content\/uploads\/2022\/11\/UNSJ-LOGO-10-768x512.jpg 768w\" sizes=\"auto, (max-width: 800px) 100vw, 800px\" \/><\/p>\n","protected":false},"excerpt":{"rendered":"<p>En el Hall del Rectorado de la Universidad Nacional de San Juan, la c\u00e1tedra de Lengua y Literatura del 6\u00b0<\/p>\n","protected":false},"author":3,"featured_media":60501,"comment_status":"closed","ping_status":"closed","sticky":false,"template":"","format":"standard","meta":{"_acf_changed":false,"_seopress_robots_primary_cat":"none","_seopress_titles_title":"","_seopress_titles_desc":"","_seopress_robots_index":"","colormag_page_container_layout":"default_layout","colormag_page_sidebar_layout":"default_layout","footnotes":""},"categories":[9],"tags":[],"class_list":["post-60492","post","type-post","status-publish","format-standard","has-post-thumbnail","hentry","category-cursos"],"acf":[],"_links":{"self":[{"href":"https:\/\/vocesparalelas.com.ar\/sitio\/wp-json\/wp\/v2\/posts\/60492","targetHints":{"allow":["GET"]}}],"collection":[{"href":"https:\/\/vocesparalelas.com.ar\/sitio\/wp-json\/wp\/v2\/posts"}],"about":[{"href":"https:\/\/vocesparalelas.com.ar\/sitio\/wp-json\/wp\/v2\/types\/post"}],"author":[{"embeddable":true,"href":"https:\/\/vocesparalelas.com.ar\/sitio\/wp-json\/wp\/v2\/users\/3"}],"replies":[{"embeddable":true,"href":"https:\/\/vocesparalelas.com.ar\/sitio\/wp-json\/wp\/v2\/comments?post=60492"}],"version-history":[{"count":1,"href":"https:\/\/vocesparalelas.com.ar\/sitio\/wp-json\/wp\/v2\/posts\/60492\/revisions"}],"predecessor-version":[{"id":60502,"href":"https:\/\/vocesparalelas.com.ar\/sitio\/wp-json\/wp\/v2\/posts\/60492\/revisions\/60502"}],"wp:featuredmedia":[{"embeddable":true,"href":"https:\/\/vocesparalelas.com.ar\/sitio\/wp-json\/wp\/v2\/media\/60501"}],"wp:attachment":[{"href":"https:\/\/vocesparalelas.com.ar\/sitio\/wp-json\/wp\/v2\/media?parent=60492"}],"wp:term":[{"taxonomy":"category","embeddable":true,"href":"https:\/\/vocesparalelas.com.ar\/sitio\/wp-json\/wp\/v2\/categories?post=60492"},{"taxonomy":"post_tag","embeddable":true,"href":"https:\/\/vocesparalelas.com.ar\/sitio\/wp-json\/wp\/v2\/tags?post=60492"}],"curies":[{"name":"wp","href":"https:\/\/api.w.org\/{rel}","templated":true}]}}