{"id":60482,"date":"2023-06-26T21:55:41","date_gmt":"2023-06-27T00:55:41","guid":{"rendered":"https:\/\/vocesparalelas.com.ar\/sitio\/?p=60482"},"modified":"2023-06-28T00:19:01","modified_gmt":"2023-06-28T03:19:01","slug":"talleres-pixel-de-tecnologia-y-arte-en-san-juan","status":"publish","type":"post","link":"https:\/\/vocesparalelas.com.ar\/sitio\/talleres-pixel-de-tecnologia-y-arte-en-san-juan\/","title":{"rendered":"Talleres \u201cPixel\u201d de tecnolog\u00eda y arte en San Juan"},"content":{"rendered":"<p>El Ministerio de Turismo y Cultura del Gobierno de San Juan junto al Ministerio de Cultura de la Naci\u00f3n, presentan por primera vez en la provincia los talleres \u201cPixel\u201d, del programa Formar Cultura.<\/p>\n<p>Se trata de un formato innovador que fomenta las capacitaciones en el mundo del arte y la gesti\u00f3n. Este evento ofrece una experiencia enriquecedora y federal para todos los interesados, sin l\u00edmite de edad.<\/p>\n<p>\u201cPixel\u201d consta de dos talleres iniciales en tecnolog\u00eda y arte.<\/p>\n<ul>\n<li><strong><span style=\"color: #339966;\">\u00abNuevas Narrativas y Proyectos Transmediales\u00bb,<\/span><\/strong> est\u00e1 a cargo de Mishka De Caro y Andrea Pav\u00f3n. En este entorno de planeamiento y creaci\u00f3n de proyectos transmediales, los participantes aprender\u00e1n a desarrollar documentaci\u00f3n espec\u00edfica para planificar proyectos, as\u00ed como a dise\u00f1ar acciones en distintos medios. Adem\u00e1s, se explora la construcci\u00f3n de una IP (Propiedad Intelectual) y se abordan narrativas divergentes y convergentes. Este taller se llevar\u00e1 a cabo el viernes 7 de julio, de 10 a 13.<\/li>\n<li><strong><span style=\"color: #339966;\">\u00abM\u00fasica y Art Games\u00bb<\/span><\/strong> a cargo de Pablo Canaveris. Durante este taller, los participantes tienen la oportunidad de sumergirse en la creaci\u00f3n de m\u00fasica y efectos de sonido para videojuegos. Se revisar\u00e1n conceptos b\u00e1sicos de m\u00fasica y se proporcionar\u00e1 una introducci\u00f3n a los programas necesarios para llevar a cabo este proceso creativo. Adem\u00e1s, se explorar\u00e1n diversas formas de an\u00e1lisis para satisfacer las necesidades de un videojuego u otro producto audiovisual, centr\u00e1ndose en la creaci\u00f3n de m\u00fasica a trav\u00e9s de loops. Tambi\u00e9n se aborda el aspecto de los efectos de sonido. Este taller se lleva a cabo de 16 a 20 hs.<\/li>\n<\/ul>\n<p>Las capacitaciones se realizan en el Centro Cultural Conte Grand, Las Heras 701 &#8211; O &#8211; Capital. Los interesados deben llevar su computadora.<\/p>\n<p><strong><span style=\"color: #339966;\">Inscripciones<\/span><\/strong><\/p>\n<p>Para ambos talleres ya est\u00e1n abiertas hasta el 3 de Julio, a trav\u00e9s del siguiente link:<\/p>\n<p><a href=\"https:\/\/bit.ly\/pixelcccg\">https:\/\/bit.ly\/pixelcccg<\/a><\/p>\n<p>Es importante destacar que cada taller tiene cupo limitado y ser\u00e1 asignado por orden de inscripci\u00f3n.<\/p>\n<p><img loading=\"lazy\" decoding=\"async\" class=\"alignnone size-full wp-image-29711\" src=\"https:\/\/vocesparalelas.com.ar\/sitio\/wp-content\/uploads\/2020\/07\/CENTRO-CONTE-GRAND.jpg\" alt=\"\" width=\"800\" height=\"449\" srcset=\"https:\/\/vocesparalelas.com.ar\/sitio\/wp-content\/uploads\/2020\/07\/CENTRO-CONTE-GRAND.jpg 800w, https:\/\/vocesparalelas.com.ar\/sitio\/wp-content\/uploads\/2020\/07\/CENTRO-CONTE-GRAND-300x168.jpg 300w, https:\/\/vocesparalelas.com.ar\/sitio\/wp-content\/uploads\/2020\/07\/CENTRO-CONTE-GRAND-768x431.jpg 768w\" sizes=\"auto, (max-width: 800px) 100vw, 800px\" \/><\/p>\n<p>&nbsp;<\/p>\n<p>&nbsp;<\/p>\n<p>&nbsp;<\/p>\n","protected":false},"excerpt":{"rendered":"<p>El Ministerio de Turismo y Cultura del Gobierno de San Juan junto al Ministerio de Cultura de la Naci\u00f3n, presentan<\/p>\n","protected":false},"author":3,"featured_media":39831,"comment_status":"closed","ping_status":"closed","sticky":false,"template":"","format":"standard","meta":{"_acf_changed":false,"_seopress_robots_primary_cat":"none","_seopress_titles_title":"","_seopress_titles_desc":"","_seopress_robots_index":"","colormag_page_container_layout":"default_layout","colormag_page_sidebar_layout":"default_layout","footnotes":""},"categories":[9],"tags":[],"class_list":["post-60482","post","type-post","status-publish","format-standard","has-post-thumbnail","hentry","category-cursos"],"acf":[],"_links":{"self":[{"href":"https:\/\/vocesparalelas.com.ar\/sitio\/wp-json\/wp\/v2\/posts\/60482","targetHints":{"allow":["GET"]}}],"collection":[{"href":"https:\/\/vocesparalelas.com.ar\/sitio\/wp-json\/wp\/v2\/posts"}],"about":[{"href":"https:\/\/vocesparalelas.com.ar\/sitio\/wp-json\/wp\/v2\/types\/post"}],"author":[{"embeddable":true,"href":"https:\/\/vocesparalelas.com.ar\/sitio\/wp-json\/wp\/v2\/users\/3"}],"replies":[{"embeddable":true,"href":"https:\/\/vocesparalelas.com.ar\/sitio\/wp-json\/wp\/v2\/comments?post=60482"}],"version-history":[{"count":1,"href":"https:\/\/vocesparalelas.com.ar\/sitio\/wp-json\/wp\/v2\/posts\/60482\/revisions"}],"predecessor-version":[{"id":60485,"href":"https:\/\/vocesparalelas.com.ar\/sitio\/wp-json\/wp\/v2\/posts\/60482\/revisions\/60485"}],"wp:featuredmedia":[{"embeddable":true,"href":"https:\/\/vocesparalelas.com.ar\/sitio\/wp-json\/wp\/v2\/media\/39831"}],"wp:attachment":[{"href":"https:\/\/vocesparalelas.com.ar\/sitio\/wp-json\/wp\/v2\/media?parent=60482"}],"wp:term":[{"taxonomy":"category","embeddable":true,"href":"https:\/\/vocesparalelas.com.ar\/sitio\/wp-json\/wp\/v2\/categories?post=60482"},{"taxonomy":"post_tag","embeddable":true,"href":"https:\/\/vocesparalelas.com.ar\/sitio\/wp-json\/wp\/v2\/tags?post=60482"}],"curies":[{"name":"wp","href":"https:\/\/api.w.org\/{rel}","templated":true}]}}