{"id":60470,"date":"2023-06-26T20:48:57","date_gmt":"2023-06-26T23:48:57","guid":{"rendered":"https:\/\/vocesparalelas.com.ar\/sitio\/?p=60470"},"modified":"2023-06-27T23:35:41","modified_gmt":"2023-06-28T02:35:41","slug":"pago-y-modificaciones-en-los-haberes-de-junio-2023-para-los-empleados-publicos-de-san-juan","status":"publish","type":"post","link":"https:\/\/vocesparalelas.com.ar\/sitio\/pago-y-modificaciones-en-los-haberes-de-junio-2023-para-los-empleados-publicos-de-san-juan\/","title":{"rendered":"Pago y modificaciones en los haberes de Junio 2023 para los Empleados P\u00fablicos de San Juan"},"content":{"rendered":"<p>La Secretar\u00eda de Hacienda y Finanzas del Gobierno de San Juan inform\u00f3 que los haberes correspondientes al mes de Junio para la Administraci\u00f3n P\u00fablica se acreditan el S\u00e1bado, 1 de Julio de 2023.<\/p>\n<p>Tambi\u00e9n, y en virtud de lo establecido en el Acuerdo Paritario del 27 de febrero de 2023, en el cual se establece una instancia de revisi\u00f3n salarial para el mes de julio, la ministra de Hacienda y Finanzas,\u00a0Marisa L\u00f3pez,\u00a0confirm\u00f3 que ha dispuesto que la instancia de revisi\u00f3n acordada se realice en la primera semana del mes de julio.<\/p>\n<p>Una vez comunicado a los gremios participantes se informar\u00e1 d\u00eda, hora y lugar para las reuniones que correspondan realizarse.<\/p>\n<p>Asimismo, se inform\u00f3 que con los haberes del mes de junio 2023 se incorporan las siguientes modificaciones respecto del\u00a0Impuesto a las Ganancias:<\/p>\n<p>1- La aplicaci\u00f3n de Dict\u00e1menes Interpretativos de la Secretaria de Ingresos P\u00fablicos de exenciones parciales y deducciones con tope para diversos conceptos salariales como Antig\u00fcedad, Zona, Radio, adicionales por Productividad, Responsabilidad Profesional y Jer\u00e1rquica, Estado Docente, Horas extras, entre otros, alcanzando a conceptos salariales de todos los escalafones con los topes y en los t\u00e9rminos establecidos por el Organismo Nacional, aplicable con retroactividad al mes de enero 2023.<\/p>\n<p>2- La aplicaci\u00f3n de la modificaci\u00f3n del art\u00edculo 27 de la Ley del Impuesto a las Ganancias al sector de la Salud, respecto de las remuneraciones abonadas en concepto de guardia y horas extras prestadas en centros de salud p\u00fablicos y privados con retroactividad al mes de mayo 2023.<\/p>\n<p>3- La exenci\u00f3n del Impuesto a las Ganancias sobre el Sueldo Anual Complementario para las personas cuya Remuneraci\u00f3n Bruta Mensual no supere la suma de $880.000.<\/p>\n<p>Las modificaciones respecto del\u00a0Impuesto a las Ganancias\u00a0alcanzan a m\u00e1s de\u00a08.000 agentes p\u00fablicos\u00a0de los cuales 3.012 pertenecen al sector salud, 2507 al sector docente y 2553 del resto de escalafones de la Administraci\u00f3n Publica Provincial<\/p>\n<p>Finalmente, respecto de la\u00a0PARITARIA NACIONAL DOCENTE\u00a0y en cumplimiento de la garant\u00eda provincial de aplicaci\u00f3n de lo que determine la Paritaria Nacional Docente, a partir del mes de junio de 2023 se complementa el salario inicial del\u00a0segundo cargo docente\u00a0hasta llegar a los 145.000 de neto incluido en tal importe Fonid y Conectividad Nacional.<\/p>\n<p>Esta medida alcanza a\u00a02.040 agentes docentes.<\/p>\n<p>Adicionalmente, con la cuota de\u00a0Fonid\u00a0que se percibir\u00e1 los primeros d\u00edas del mes de Julio, se incrementar\u00e1 el monto del mismo a $12.436 manteni\u00e9ndose el valor de Conectividad Nacional en $4.750.<\/p>\n<p><img loading=\"lazy\" decoding=\"async\" class=\"alignnone size-large wp-image-25616\" src=\"https:\/\/vocesparalelas.com.ar\/sitio\/wp-content\/uploads\/2019\/12\/GOBIERNO-BANDERA-01-800x533.jpg\" alt=\"\" width=\"800\" height=\"533\" srcset=\"https:\/\/vocesparalelas.com.ar\/sitio\/wp-content\/uploads\/2019\/12\/GOBIERNO-BANDERA-01.jpg 800w, https:\/\/vocesparalelas.com.ar\/sitio\/wp-content\/uploads\/2019\/12\/GOBIERNO-BANDERA-01-300x200.jpg 300w, https:\/\/vocesparalelas.com.ar\/sitio\/wp-content\/uploads\/2019\/12\/GOBIERNO-BANDERA-01-768x512.jpg 768w\" sizes=\"auto, (max-width: 800px) 100vw, 800px\" \/><\/p>\n","protected":false},"excerpt":{"rendered":"<p>La Secretar\u00eda de Hacienda y Finanzas del Gobierno de San Juan inform\u00f3 que los haberes correspondientes al mes de Junio<\/p>\n","protected":false},"author":3,"featured_media":5039,"comment_status":"closed","ping_status":"closed","sticky":false,"template":"","format":"standard","meta":{"_acf_changed":false,"_seopress_robots_primary_cat":"none","_seopress_titles_title":"","_seopress_titles_desc":"","_seopress_robots_index":"","colormag_page_container_layout":"default_layout","colormag_page_sidebar_layout":"default_layout","footnotes":""},"categories":[6],"tags":[],"class_list":["post-60470","post","type-post","status-publish","format-standard","has-post-thumbnail","hentry","category-eventos"],"acf":[],"_links":{"self":[{"href":"https:\/\/vocesparalelas.com.ar\/sitio\/wp-json\/wp\/v2\/posts\/60470","targetHints":{"allow":["GET"]}}],"collection":[{"href":"https:\/\/vocesparalelas.com.ar\/sitio\/wp-json\/wp\/v2\/posts"}],"about":[{"href":"https:\/\/vocesparalelas.com.ar\/sitio\/wp-json\/wp\/v2\/types\/post"}],"author":[{"embeddable":true,"href":"https:\/\/vocesparalelas.com.ar\/sitio\/wp-json\/wp\/v2\/users\/3"}],"replies":[{"embeddable":true,"href":"https:\/\/vocesparalelas.com.ar\/sitio\/wp-json\/wp\/v2\/comments?post=60470"}],"version-history":[{"count":1,"href":"https:\/\/vocesparalelas.com.ar\/sitio\/wp-json\/wp\/v2\/posts\/60470\/revisions"}],"predecessor-version":[{"id":60473,"href":"https:\/\/vocesparalelas.com.ar\/sitio\/wp-json\/wp\/v2\/posts\/60470\/revisions\/60473"}],"wp:featuredmedia":[{"embeddable":true,"href":"https:\/\/vocesparalelas.com.ar\/sitio\/wp-json\/wp\/v2\/media\/5039"}],"wp:attachment":[{"href":"https:\/\/vocesparalelas.com.ar\/sitio\/wp-json\/wp\/v2\/media?parent=60470"}],"wp:term":[{"taxonomy":"category","embeddable":true,"href":"https:\/\/vocesparalelas.com.ar\/sitio\/wp-json\/wp\/v2\/categories?post=60470"},{"taxonomy":"post_tag","embeddable":true,"href":"https:\/\/vocesparalelas.com.ar\/sitio\/wp-json\/wp\/v2\/tags?post=60470"}],"curies":[{"name":"wp","href":"https:\/\/api.w.org\/{rel}","templated":true}]}}