{"id":60459,"date":"2023-06-26T16:49:23","date_gmt":"2023-06-26T19:49:23","guid":{"rendered":"https:\/\/vocesparalelas.com.ar\/sitio\/?p=60459"},"modified":"2023-06-26T17:05:53","modified_gmt":"2023-06-26T20:05:53","slug":"xl-congreso-nacional-de-cardiologia-y-san-juan-presente-en-mendoza","status":"publish","type":"post","link":"https:\/\/vocesparalelas.com.ar\/sitio\/xl-congreso-nacional-de-cardiologia-y-san-juan-presente-en-mendoza\/","title":{"rendered":"XL Congreso Nacional de Cardiolog\u00eda y San Juan presente en Mendoza"},"content":{"rendered":"<p>Los M\u00e9dicos del Servicio de Cardiolog\u00eda y Unidad Coronaria del Hospital Dr. Guillermo Rawson de San Juan tuvieron una hist\u00f3rica participaci\u00f3n\u00a0en el\u00a0XL Congreso Nacional de Cardiolog\u00eda\u00a0realizado en la provincia de Mendoza.<\/p>\n<p>Los especialistas tuvieron un gran protagonismo en el congreso de la Federaci\u00f3n Argentina de Cardiolog\u00eda, donde adem\u00e1s, de disertar en temas de alto nivel cient\u00edfico, participaron como coordinadores, panelistas y expositores en diversas mesas, asumieron presidencias y secretar\u00edas en distintos \u00e1mbitos del Congreso Nacional, en el cual tambi\u00e9n participaron destacad\u00edsimos cardi\u00f3logos extranjeros.<\/p>\n<p>El\u00a0Dr. Juan Pablo Allende, actual presidente de la Sociedad de Cardiolog\u00eda de San Juan fue elegido\u00a0presidente de la Asamblea ordinaria Nacional. En dicha asamblea se eligen las autoridades, se presentan los comit\u00e9s cient\u00edficos, el pre congreso y el congreso del a\u00f1o pr\u00f3ximo, donde se toman m\u00faltiples decisiones para jerarquizar y enaltecer la Federaci\u00f3n Argentina de Cardiolog\u00eda.<\/p>\n<p>El ex jefe del Servicio de Cardiolog\u00eda,\u00a0Dr. Adri\u00e1n D\u2019Ovidio, entre otras participaciones, intervino como coordinador de la mesa de Insuficiencia Tricusp\u00eddea, en la cual disert\u00f3 el Dr. Jos\u00e9 Zamorano, destacado cardi\u00f3logo ecocardiografista.<\/p>\n<p>La\u00a0Dra. Moira \u00c1lvarez, quien integra la\u00a0secretar\u00eda de Comit\u00e9s Cient\u00edficos\u00a0de la Federaci\u00f3n Argentina de Cardiolog\u00eda, funci\u00f3n\u00a0de enorme m\u00e9rito\u00a0por ejercer la auditor\u00eda de todos los comit\u00e9s cient\u00edficos, lo cual exige tener un alto conocimiento y creatividad. Adem\u00e1s de participar como disertante y panelista en diferentes mesas de miocardiopat\u00edas, endocrinolog\u00eda y cardiolog\u00eda: \u201cMiocarditis: \u00bfQu\u00e9 es lo nuevo que tenemos que saber? \u00bfQu\u00e9 nos aportan las nuevas secuencias?\u201d y \u201cAportes cient\u00edficos destacados de comit\u00e9s FAC II\u201d.<\/p>\n<p>El\u00a0Dr. Ignacio L\u00f3pez Lima, jefe de Im\u00e1genes Cardiacas, es el actual\u00a0presidente de Tomograf\u00edas y Resonancias Cardiacas, elegido en este congreso nacional y tambi\u00e9n particip\u00f3 como disertante en los aportes de Tomograf\u00eda y Resonancia \u201cValor del score calcio en la actualidad\u201d; Miocardiopat\u00edas Isqu\u00e9micas \u201cManejo de Miocardiopatias no isquemica con multimagen\u201d; Amiloidosis \u201c\u00bfC\u00f3mo llegar a un diagn\u00f3stico precoz? \u00bfQui\u00e9n se beneficia con cada m\u00e9todo?\u201d, con presentaciones de casos propios de nuestro Servicio.<\/p>\n<p>La\u00a0Dra. Cecilia Ruarte\u00a0present\u00f3 casos, disert\u00f3 con un caso cl\u00ednico \u201cendocarditis infecciosa en pr\u00f3tesis a\u00f3rtica en mesa redonda de casos cl\u00ednicos de ecocardiograf\u00eda\u201d.<\/p>\n<p>La\u00a0Dra. Amelia Laciar\u00a0present\u00f3 un poster con nuestro proyecto de Cardiopat\u00edas Cong\u00e9nitas, sobre el consultorio que tenemos al respecto, donde agrupamos a nuestros pacientes y definimos las mejores intervenciones, lo cual es muy novedoso a nivel pa\u00eds. Tambi\u00e9n particip\u00f3 en diferentes mesas de cardiopat\u00edas cong\u00e9nitas y ecocardiograf\u00edas como\u00a0presentadora, panelista y coordinadora.<\/p>\n<p>El\u00a0Dr. Agust\u00edn Castro, jefe de Hemodinamia, tambi\u00e9n tuvo destacada intervenci\u00f3n al presentar en una mesa de revascularizaci\u00f3n.<\/p>\n<p>La\u00a0Dra. Ivana Segura\u00a0particip\u00f3 en el PreCongreso de Medicina Nuclear e im\u00e1genes cardiovasculares.<\/p>\n<p>La\u00a0Residencia del servicio\u00a0tambi\u00e9n particip\u00f3 con tres posters, los cuales fueron todos aprobados, disertando en un caso de cardiopat\u00eda cong\u00e9nita con resoluci\u00f3n quir\u00fargica. Presentaron adem\u00e1s estad\u00edsticas propias de Sindrome Coronario Agudo en \u00e9poca prepand\u00e9mica y en Pandemia por Covid 19,\u00a0trabajo muy destacado\u00a0porque se logr\u00f3 valorar lo que era tratar antes de la pandemia un s\u00edndrome coronario e intra pandemia.<\/p>\n<p>Es\u00a0realmente destacable\u00a0el accionar del\u00a0actual jefe de Cardiolog\u00eda del Hospital Rawson, Dr. Sergio Rattner, quien organiz\u00f3 todo el funcionamiento del servicio para mantenerlo operativo con est\u00e1ndares de calidad mientras los profesionales participaban del Congreso, renunciando \u00e9l a asistir, a pesar de tener muchas actividades en dicho evento, para conducir el servicio en el Hospital.<\/p>\n<p>&nbsp;<\/p>\n<p>&nbsp;<\/p>\n","protected":false},"excerpt":{"rendered":"<p>Los M\u00e9dicos del Servicio de Cardiolog\u00eda y Unidad Coronaria del Hospital Dr. Guillermo Rawson de San Juan tuvieron una hist\u00f3rica<\/p>\n","protected":false},"author":3,"featured_media":60462,"comment_status":"closed","ping_status":"closed","sticky":false,"template":"","format":"standard","meta":{"_acf_changed":false,"_seopress_robots_primary_cat":"none","_seopress_titles_title":"","_seopress_titles_desc":"","_seopress_robots_index":"","colormag_page_container_layout":"default_layout","colormag_page_sidebar_layout":"default_layout","footnotes":""},"categories":[1],"tags":[],"class_list":["post-60459","post","type-post","status-publish","format-standard","has-post-thumbnail","hentry","category-destacadas"],"acf":[],"_links":{"self":[{"href":"https:\/\/vocesparalelas.com.ar\/sitio\/wp-json\/wp\/v2\/posts\/60459","targetHints":{"allow":["GET"]}}],"collection":[{"href":"https:\/\/vocesparalelas.com.ar\/sitio\/wp-json\/wp\/v2\/posts"}],"about":[{"href":"https:\/\/vocesparalelas.com.ar\/sitio\/wp-json\/wp\/v2\/types\/post"}],"author":[{"embeddable":true,"href":"https:\/\/vocesparalelas.com.ar\/sitio\/wp-json\/wp\/v2\/users\/3"}],"replies":[{"embeddable":true,"href":"https:\/\/vocesparalelas.com.ar\/sitio\/wp-json\/wp\/v2\/comments?post=60459"}],"version-history":[{"count":1,"href":"https:\/\/vocesparalelas.com.ar\/sitio\/wp-json\/wp\/v2\/posts\/60459\/revisions"}],"predecessor-version":[{"id":60463,"href":"https:\/\/vocesparalelas.com.ar\/sitio\/wp-json\/wp\/v2\/posts\/60459\/revisions\/60463"}],"wp:featuredmedia":[{"embeddable":true,"href":"https:\/\/vocesparalelas.com.ar\/sitio\/wp-json\/wp\/v2\/media\/60462"}],"wp:attachment":[{"href":"https:\/\/vocesparalelas.com.ar\/sitio\/wp-json\/wp\/v2\/media?parent=60459"}],"wp:term":[{"taxonomy":"category","embeddable":true,"href":"https:\/\/vocesparalelas.com.ar\/sitio\/wp-json\/wp\/v2\/categories?post=60459"},{"taxonomy":"post_tag","embeddable":true,"href":"https:\/\/vocesparalelas.com.ar\/sitio\/wp-json\/wp\/v2\/tags?post=60459"}],"curies":[{"name":"wp","href":"https:\/\/api.w.org\/{rel}","templated":true}]}}