{"id":60449,"date":"2023-06-25T22:51:27","date_gmt":"2023-06-26T01:51:27","guid":{"rendered":"https:\/\/vocesparalelas.com.ar\/sitio\/?p=60449"},"modified":"2023-06-26T22:58:33","modified_gmt":"2023-06-27T01:58:33","slug":"ciclo-de-cine-de-la-ffha-de-la-unsj","status":"publish","type":"post","link":"https:\/\/vocesparalelas.com.ar\/sitio\/ciclo-de-cine-de-la-ffha-de-la-unsj\/","title":{"rendered":"Ciclo de cine de la FFHA de la UNSJ"},"content":{"rendered":"<p>El Ciclo de Cine de la Facultad de Filosof\u00eda, Humanidades y Artes de la\u00a0 Universidad Nacional de San Juan se retoma despu\u00e9s de 26 a\u00f1os consecutivos en la comunidad de San Juan donde se proyectan pel\u00edculas de gran inter\u00e9s.<\/p>\n<p>Es un Ciclo creado y coordinado por el cineasta Carlos Cerimedo, para que el cine se recupera en la sala para compartir en familia y disfrutar en cada entrega f\u00edlmica.<\/p>\n<p>Durante estos 26 a\u00f1os consecutivos, se agreg\u00f3 el Ciclo de verano de la FFHA de la UNSJ en el anfiteatro Buenaventura Luna, en el auditorio Juan Victoria, durante Febrero y Marzo en cada a\u00f1o.<\/p>\n<p>La entrada es libre y gratuita, Los Mi\u00e9rcoles, a las 20,30 hs. en el Aula Magna de la Unidad Acad\u00e9mica.<\/p>\n<p>Adem\u00e1s, el ciclo fue declarado de inter\u00e9s Provincial, Legislativo, Universitario y de inter\u00e9s Cultural por el Ministerio de Turismo y Cultura del Gobierno de San Juan y la C\u00e1mara de Diputados de la Naci\u00f3n.<\/p>\n<p><strong><span style=\"color: #339966;\">Programa<\/span><\/strong><\/p>\n<ul>\n<li>Mi\u00e9rcoles, 28 de Junio, a las 20:30 hs.; \u201cMasacre en Roma\u201d de George Cosmatos, con Richard Burton y Marcello Mastroianni y Leo Mac Kern.<\/li>\n<li>Mi\u00e9rcoles, 5 de Julio, \u201cLa chica danesa\u201d de Tom Hooper, con Eddie Redmayne y Alicia Vikander y elenco.<\/li>\n<li>Mi\u00e9rcoles, 26 de Julio, \u201cDesde el jard\u00edn\u201d de Hal Ashby, con Peter Sellers y Shirley Mac Laine.<\/li>\n<\/ul>\n<p><img loading=\"lazy\" decoding=\"async\" class=\"alignnone size-large wp-image-43889\" src=\"https:\/\/vocesparalelas.com.ar\/sitio\/wp-content\/uploads\/2021\/11\/FFHA-FRENTE-1-800x600.jpg\" alt=\"\" width=\"800\" height=\"600\" srcset=\"https:\/\/vocesparalelas.com.ar\/sitio\/wp-content\/uploads\/2021\/11\/FFHA-FRENTE-1-800x600.jpg 800w, https:\/\/vocesparalelas.com.ar\/sitio\/wp-content\/uploads\/2021\/11\/FFHA-FRENTE-1-300x225.jpg 300w, https:\/\/vocesparalelas.com.ar\/sitio\/wp-content\/uploads\/2021\/11\/FFHA-FRENTE-1-768x576.jpg 768w, https:\/\/vocesparalelas.com.ar\/sitio\/wp-content\/uploads\/2021\/11\/FFHA-FRENTE-1.jpg 1024w\" sizes=\"auto, (max-width: 800px) 100vw, 800px\" \/><\/p>\n<p>&nbsp;<\/p>\n<p>&nbsp;<\/p>\n","protected":false},"excerpt":{"rendered":"<p>El Ciclo de Cine de la Facultad de Filosof\u00eda, Humanidades y Artes de la\u00a0 Universidad Nacional de San Juan se<\/p>\n","protected":false},"author":3,"featured_media":60454,"comment_status":"closed","ping_status":"closed","sticky":false,"template":"","format":"standard","meta":{"_acf_changed":false,"_seopress_robots_primary_cat":"none","_seopress_titles_title":"","_seopress_titles_desc":"","_seopress_robots_index":"","colormag_page_container_layout":"default_layout","colormag_page_sidebar_layout":"default_layout","footnotes":""},"categories":[20],"tags":[],"class_list":["post-60449","post","type-post","status-publish","format-standard","has-post-thumbnail","hentry","category-cartelera"],"acf":[],"_links":{"self":[{"href":"https:\/\/vocesparalelas.com.ar\/sitio\/wp-json\/wp\/v2\/posts\/60449","targetHints":{"allow":["GET"]}}],"collection":[{"href":"https:\/\/vocesparalelas.com.ar\/sitio\/wp-json\/wp\/v2\/posts"}],"about":[{"href":"https:\/\/vocesparalelas.com.ar\/sitio\/wp-json\/wp\/v2\/types\/post"}],"author":[{"embeddable":true,"href":"https:\/\/vocesparalelas.com.ar\/sitio\/wp-json\/wp\/v2\/users\/3"}],"replies":[{"embeddable":true,"href":"https:\/\/vocesparalelas.com.ar\/sitio\/wp-json\/wp\/v2\/comments?post=60449"}],"version-history":[{"count":1,"href":"https:\/\/vocesparalelas.com.ar\/sitio\/wp-json\/wp\/v2\/posts\/60449\/revisions"}],"predecessor-version":[{"id":60453,"href":"https:\/\/vocesparalelas.com.ar\/sitio\/wp-json\/wp\/v2\/posts\/60449\/revisions\/60453"}],"wp:featuredmedia":[{"embeddable":true,"href":"https:\/\/vocesparalelas.com.ar\/sitio\/wp-json\/wp\/v2\/media\/60454"}],"wp:attachment":[{"href":"https:\/\/vocesparalelas.com.ar\/sitio\/wp-json\/wp\/v2\/media?parent=60449"}],"wp:term":[{"taxonomy":"category","embeddable":true,"href":"https:\/\/vocesparalelas.com.ar\/sitio\/wp-json\/wp\/v2\/categories?post=60449"},{"taxonomy":"post_tag","embeddable":true,"href":"https:\/\/vocesparalelas.com.ar\/sitio\/wp-json\/wp\/v2\/tags?post=60449"}],"curies":[{"name":"wp","href":"https:\/\/api.w.org\/{rel}","templated":true}]}}