{"id":60444,"date":"2023-06-25T19:21:09","date_gmt":"2023-06-25T22:21:09","guid":{"rendered":"https:\/\/vocesparalelas.com.ar\/sitio\/?p=60444"},"modified":"2023-06-26T22:59:34","modified_gmt":"2023-06-27T01:59:34","slug":"seminario-regional-de-escultura-en-el-mpbafr-de-san-juan","status":"publish","type":"post","link":"https:\/\/vocesparalelas.com.ar\/sitio\/seminario-regional-de-escultura-en-el-mpbafr-de-san-juan\/","title":{"rendered":"Seminario Regional de Escultura en el MPBAFR de San Juan"},"content":{"rendered":"<p>El Ministerio de Turismo y Cultura del Gobierno de San Juan, a trav\u00e9s del Museo Provincial de Bellas Artes Franklin Rawson, presenta un Seminario Regional de Escultura, el 3 de Julio, a las 15 hs.; .<\/p>\n<p>El objetivo de esta propuesta consiste en abordar la disciplina escultura desde diversos enfoques, en un trabajo interinstitucional entre el Ministerio de Educaci\u00f3n de San Juan, la Facultad de Filosof\u00eda, Humanidades y Artes, de la Universidad Nacional de San Juan, y la Facultad de Arte y Dise\u00f1o de la Universidad Nacional de Cuyo, de Mendoza.<\/p>\n<p>Para ello, se re\u00fanen todos los centros de formaci\u00f3n con orientaci\u00f3n en artes incluido el Departamento de Artes Visuales de la FFHA de la UNSJ, el Colegio Central Universitario Mariano Moreno de la UNSJ y Centro Polivalente de Arte del Ministerio de Educaci\u00f3n del Gobierno de San Juan. La actividad cuenta con la participaci\u00f3n activa de j\u00f3venes estudiantes y disertantes regionales de ambas provincias.<\/p>\n<p>El seminario se enmarca dentro de las propuestas de extensi\u00f3n que ofrece el museo, relacionado al rescate hist\u00f3rico y patrimonial por medio de la investigaci\u00f3n en el desarrollo te\u00f3rico y t\u00e9cnico de la escultura como disciplina tradicional de las artes visuales, orientado a la puesta en valor de la disciplina en el \u00e1mbito regional, desde el aporte iconogr\u00e1fico y mat\u00e9rico de la obra de Miguel \u00c1ngel Sugo.<\/p>\n<p>Los interesados pueden inscribirse de manera presencial en la recepci\u00f3n del museo, Avenida Libertador General San Mart\u00edn 862 Oeste. Deben acercarse de Martes a Domingo, de 12 a 20 hs, a partir del Lunes, 27 de Junio hasta el S\u00e1bado, 1 de Julio.<\/p>\n<p>Por otro lado, las acreditaciones se realizan el Lunes, 3 de Julio, a las 14 hs.; en la recepci\u00f3n del MPBAFR.<\/p>\n<p>El valor del arancel general es de $2000, y para estudiantes universitarios y nivel medio con presentaci\u00f3n de credencial estudiantil, es de $1000.<\/p>\n<p>La finalizaci\u00f3n del seminario incluye Resoluci\u00f3n del Ministerio de Educaci\u00f3n del Gobierno de San Juan y el Consejo Directivo de la Facultad de Filosof\u00eda Humanidades y Artes de la UNSJ .<\/p>\n<p>Luego de finalizado el seminario, a las 18 hs, se lleva adelante la inauguraci\u00f3n de la Muestra de Talleres de Cer\u00e1mica y Escultura de alumnos del Departamento de Artes Visuales de la FFHA de la UNSJ, Colegio Central Universitario Mariano Moreno de la UNSJy Centro Polivalente de Arte.<\/p>\n<p><strong><span style=\"color: #008080;\">Cronograma<\/span><\/strong><\/p>\n<p>El Lunes, 03 de Julio, inicia el seminario, a las 15 hs, con la conferencia inaugural, a cargo del Prof. Eduardo Pe\u00f1afort. El acad\u00e9mico delegado de San Juan para la Academia Nacional de Bellas Artes tiene un Doctor Honoris Causa, otorgado por la Universidad Nacional de San Juan. Adem\u00e1s es ex- subsecretario de Cultura de San Juan. La tem\u00e1tica de su exposici\u00f3n se titula \u201cMiguel \u00c1ngel Sugo y el arte p\u00fablico en San Juan\u201d.<\/p>\n<p>Luego, la artista visual y mag\u00edster en Artes, con menci\u00f3n en Artes Visuales, Silvina Mart\u00ednez, dar\u00e1 una conferencia sobre \u201cAspectos t\u00e9cnicos y est\u00e9ticos en la obra de Miguel \u00c1ngel Sugo\u201d.<\/p>\n<p>A continuaci\u00f3n, la Mag\u00edster en Artes con menci\u00f3n en Artes Visuales, Alicia Garc\u00e9s, hablar\u00e1 sobre \u201cIndigenismo y hacer\u201d. Se tratar\u00e1n dos aspectos, por un lado, la tendencia de Sugo a una pl\u00e1stica indigenista que \u00e9l entendi\u00f3 como rescate de ra\u00edces. En segundo lugar, a un hacer sin pausa, que combin\u00f3 obras hechas por encargo y muchas otras por inquietudes personales.<\/p>\n<p>Por \u00faltimo, el ceramista, artista visual y docente, Adri\u00e1n Manchento, dar\u00e1 una charla cuya tem\u00e1tica ser\u00e1 el \u201cMomento significativo en el taller de escultura de Miguel \u00c1ngel Sugo\u201d.<\/p>\n<p>Al finalizar el seminario, a las 18, se llevar\u00e1 a cabo la inauguraci\u00f3n de la Muestra de Talleres de Cer\u00e1mica y Escultura denominada \u201cLa escultura como experiencia\u201d. Para esta actividad, la entrada ser\u00e1 libre y gratuita.<\/p>\n<p><iframe loading=\"lazy\" title=\"MPBAFR SAN JUAN SUGO ESCULTOR\" width=\"800\" height=\"450\" src=\"https:\/\/www.youtube.com\/embed\/zLahslZB2BA?feature=oembed\" frameborder=\"0\" allow=\"accelerometer; autoplay; clipboard-write; encrypted-media; gyroscope; picture-in-picture; web-share\" allowfullscreen><\/iframe><\/p>\n<p>&nbsp;<\/p>\n<figure id=\"attachment_39924\" aria-describedby=\"caption-attachment-39924\" style=\"width: 800px\" class=\"wp-caption alignnone\"><img loading=\"lazy\" decoding=\"async\" class=\"size-full wp-image-39924\" src=\"https:\/\/vocesparalelas.com.ar\/sitio\/wp-content\/uploads\/2021\/07\/MPBAFR-OBRA-02.jpg\" alt=\"\" width=\"800\" height=\"533\" srcset=\"https:\/\/vocesparalelas.com.ar\/sitio\/wp-content\/uploads\/2021\/07\/MPBAFR-OBRA-02.jpg 800w, https:\/\/vocesparalelas.com.ar\/sitio\/wp-content\/uploads\/2021\/07\/MPBAFR-OBRA-02-300x200.jpg 300w, https:\/\/vocesparalelas.com.ar\/sitio\/wp-content\/uploads\/2021\/07\/MPBAFR-OBRA-02-768x512.jpg 768w\" sizes=\"auto, (max-width: 800px) 100vw, 800px\" \/><figcaption id=\"caption-attachment-39924\" class=\"wp-caption-text\">Museo Provincial de Bellas Artes Franklin Rawson<\/figcaption><\/figure>\n<p>&nbsp;<\/p>\n<p>&nbsp;<\/p>\n","protected":false},"excerpt":{"rendered":"<p>El Ministerio de Turismo y Cultura del Gobierno de San Juan, a trav\u00e9s del Museo Provincial de Bellas Artes Franklin<\/p>\n","protected":false},"author":3,"featured_media":60448,"comment_status":"closed","ping_status":"closed","sticky":false,"template":"","format":"standard","meta":{"_acf_changed":false,"_seopress_robots_primary_cat":"none","_seopress_titles_title":"","_seopress_titles_desc":"","_seopress_robots_index":"","colormag_page_container_layout":"default_layout","colormag_page_sidebar_layout":"default_layout","footnotes":""},"categories":[9,7],"tags":[],"class_list":["post-60444","post","type-post","status-publish","format-standard","has-post-thumbnail","hentry","category-cursos","category-videos"],"acf":[],"_links":{"self":[{"href":"https:\/\/vocesparalelas.com.ar\/sitio\/wp-json\/wp\/v2\/posts\/60444","targetHints":{"allow":["GET"]}}],"collection":[{"href":"https:\/\/vocesparalelas.com.ar\/sitio\/wp-json\/wp\/v2\/posts"}],"about":[{"href":"https:\/\/vocesparalelas.com.ar\/sitio\/wp-json\/wp\/v2\/types\/post"}],"author":[{"embeddable":true,"href":"https:\/\/vocesparalelas.com.ar\/sitio\/wp-json\/wp\/v2\/users\/3"}],"replies":[{"embeddable":true,"href":"https:\/\/vocesparalelas.com.ar\/sitio\/wp-json\/wp\/v2\/comments?post=60444"}],"version-history":[{"count":1,"href":"https:\/\/vocesparalelas.com.ar\/sitio\/wp-json\/wp\/v2\/posts\/60444\/revisions"}],"predecessor-version":[{"id":60447,"href":"https:\/\/vocesparalelas.com.ar\/sitio\/wp-json\/wp\/v2\/posts\/60444\/revisions\/60447"}],"wp:featuredmedia":[{"embeddable":true,"href":"https:\/\/vocesparalelas.com.ar\/sitio\/wp-json\/wp\/v2\/media\/60448"}],"wp:attachment":[{"href":"https:\/\/vocesparalelas.com.ar\/sitio\/wp-json\/wp\/v2\/media?parent=60444"}],"wp:term":[{"taxonomy":"category","embeddable":true,"href":"https:\/\/vocesparalelas.com.ar\/sitio\/wp-json\/wp\/v2\/categories?post=60444"},{"taxonomy":"post_tag","embeddable":true,"href":"https:\/\/vocesparalelas.com.ar\/sitio\/wp-json\/wp\/v2\/tags?post=60444"}],"curies":[{"name":"wp","href":"https:\/\/api.w.org\/{rel}","templated":true}]}}