{"id":60424,"date":"2023-06-24T22:59:42","date_gmt":"2023-06-25T01:59:42","guid":{"rendered":"https:\/\/vocesparalelas.com.ar\/sitio\/?p=60424"},"modified":"2023-06-25T00:06:20","modified_gmt":"2023-06-25T03:06:20","slug":"lista-de-union-por-la-patria-san-juan-que-preside-el-dr-sergio-unac-para-la-paso-nacional","status":"publish","type":"post","link":"https:\/\/vocesparalelas.com.ar\/sitio\/lista-de-union-por-la-patria-san-juan-que-preside-el-dr-sergio-unac-para-la-paso-nacional\/","title":{"rendered":"Lista de Uni\u00f3n por la Patria San Juan que preside el Dr. Sergio U\u00f1ac para la PASO Nacional"},"content":{"rendered":"<p>Como adelant\u00f3 el gobernador, \u00e9l preside la lista de los aspirantes a senadores, mientras que Jorge Chica har\u00e1 lo propio por los diputados nacionales.<\/p>\n<p>Cumplido el plazo estipulado por la Justicia Electoral para la presentaci\u00f3n de las listas de precandidatos hasta el 24 de junio, 50 d\u00edas antes de los comicios, el gobernador de San Juan y l\u00edder de la lista Vamos San Juan, Dr. Sergio U\u00f1ac, logr\u00f3 una lista que incluye a diferentes sectores de cara a las PASO nacionales.<\/p>\n<p>La lista, con 13 nombres, tambi\u00e9n incluye militantes bloquistas, sindicalistas y figuras de movimientos nacionales.<\/p>\n<p>El 13 de agosto el pa\u00eds vota en las Primarias, Abiertas, Simult\u00e1neas y Obligatorias \u2013 PASO &#8211; que definen a los candidatos que competir\u00e1n en los comicios generales, donde los habitantes de San Juan eligen presidente, vicepresidente, legisladores nacionales por San Juan. El 22 de Octubre es la fecha de la elecci\u00f3n general.<\/p>\n<p>La lista Vamos San Juan, que juega en las elecciones provinciales en el frente San Juan por Todos, forma parte del frente nacional Uni\u00f3n por la Patria.<\/p>\n<p><span style=\"color: #339966;\"><strong>Lista de Vamos San Juan<\/strong><\/span><\/p>\n<p><span style=\"color: #339966;\"><strong>Precandidatos a Senadores Nacionales por San Juan<\/strong><\/span><\/p>\n<p><span style=\"color: #339966;\"><strong>Titulares<\/strong><\/span><\/p>\n<ul>\n<li>Sergio Mauricio U\u00f1ac<\/li>\n<li>Mar\u00eda Celeste Gim\u00e9nez Navarro<\/li>\n<\/ul>\n<p><strong><span style=\"color: #339966;\">Suplentes<\/span><\/strong><\/p>\n<ul>\n<li>Hugo D\u00edaz<\/li>\n<li>Marcela Monti<\/li>\n<\/ul>\n<p><strong><span style=\"color: #339966;\">Precandidatos Diputados Nacionales por San Juan<\/span><\/strong><\/p>\n<p><strong><span style=\"color: #339966;\">Titulares<\/span><\/strong><\/p>\n<ul>\n<li>Jorge Chica<\/li>\n<li>Melisa Naveda<\/li>\n<li>Jorge Oribe<\/li>\n<\/ul>\n<p><span style=\"color: #339966;\"><strong>Suplentes<\/strong><\/span><\/p>\n<ul>\n<li>Lilia Graciela Mart\u00edn<\/li>\n<li>Omar Blanco<\/li>\n<li>Claudia Pereyra<\/li>\n<\/ul>\n<p><strong><span style=\"color: #339966;\">Parlamentario del Mercosur por San Juan<\/span><\/strong><\/p>\n<p><strong><span style=\"color: #339966;\">Titulares<\/span><\/strong><\/p>\n<ul>\n<li>Mat\u00edas Sotomayor<\/li>\n<\/ul>\n<p><strong><span style=\"color: #339966;\">Suplentes<\/span><\/strong><\/p>\n<ul>\n<li>Nerina Eusebi<\/li>\n<li>Andr\u00e9s D\u00edaz Cano<\/li>\n<\/ul>\n<p><span style=\"color: #339966;\"><strong>Sobre los titulares<\/strong><\/span><\/p>\n<ul>\n<li>Sergio U\u00f1ac naci\u00f3 en 1970 en San Juan. Es actualmente gobernador de la provincia, segundo mandato. Estudi\u00f3 en la Universidad Nacional de C\u00f3rdoba. Se recibi\u00f3 de abogado. En 2003, fue elegido Intendente de Pocito, siendo reelecto en 2007 hasta el 2011. Fue vicegobernador en 2011, y Presidente Nato de la C\u00e1mara de Diputados de San Juan. En 2015 fue elegido gobernador de San Juan y reelecto en 2019. Desde 2016 a la fecha es presidente del Partido Justicialista de San Juan.<\/li>\n<li>Mar\u00eda Celeste Gim\u00e9nez Navarro egres\u00f3 como Profesora en Psicolog\u00eda de la Universidad Nacional de San Juan y Diplomada en Pr\u00e1cticas Sociales y Educativas. Fue parte del cuerpo asesor pol\u00edtico en la Honorable C\u00e1mara de Diputados de la Provincia de San Juan. Actualmente es la Coordinadora provincial del Registro Nacional de las Personas (RENAPER).<\/li>\n<\/ul>\n<p><span style=\"color: #339966;\"><strong>Diputados Nacionales por San Juan<\/strong><\/span><\/p>\n<ul>\n<li>Jorge Chica Mu\u00f1oz naci\u00f3 en San Juan el 24 de abril de 1980. Fue jugador de f\u00fatbol y luego trabaj\u00f3 en la actividad privada. Se recibi\u00f3 de T\u00e9cnico de Gesti\u00f3n Deportiva en la UCCuyo; y se encuentra cursando el \u00faltimo a\u00f1o Licenciatura en Gesti\u00f3n Deportiva. Es candidato a vicepresidente de Deportes Unesco. Asumi\u00f3 en diciembre de 2015 como secretario de Estado de Deportes en la primera gobernaci\u00f3n de Sergio U\u00f1ac, cargo que ocupa hasta la actualidad. Chica fue impulsor de pol\u00edticas que cambiaron el paradigma del deporte en San Juan; y, junto con U\u00f1ac, pusieron en marcha la Revoluci\u00f3n Deportiva que logr\u00f3 llevar obras y deportes a cada rinc\u00f3n de la provincia. Entre esos logros figura la designaci\u00f3n de San Juan como Capital Americana del Deporte 2024.<\/li>\n<li>Melisa Naveda es sanjuanina, naci\u00f3 el 26 de junio de 1989. Se recibi\u00f3 de Licenciada en Ciencias de la Educaci\u00f3n con orientaci\u00f3n en Gesti\u00f3n Educativa; y es tambi\u00e9n Profesora en Psicolog\u00eda para EGB 3 y Polimodal. En 2020 ingreso a la Direcci\u00f3n de Ni\u00f1ez, Adolescencia y Familia, del Ministerio de Desarrollo Humano, donde trabaja como monitora en el programa Ni\u00f1ez en Familia, Protecci\u00f3n de los Derechos del ni\u00f1o. Situaci\u00f3n de vulneraci\u00f3n (mendicidad, venta ambulante, entre otras).<\/li>\n<li>Jorge Antonio Oribe es abogado egresado de la Universidad Cat\u00f3lica de Cuyo. Ejerci\u00f3 la profesi\u00f3n de manera particular hasta el 2019, a\u00f1o en que comenz\u00f3 a trabajar como subsecretario de Trabajo de la Provincia. Fue cuatro a\u00f1os profesor de \u00c9tica Profesional en la Universidad Cat\u00f3lica de Cuyo, en la carrera de Derecho, en la carrera de Escriban\u00eda y de Bioqu\u00edmica. Fue apoderado del Sindicato Empleados de Comercio y fue presidente de la Junta Electoral del Frente San Juan por Todos, y presidente de la Junta Electoral Uni\u00f3n por la Patria, cargo al que renunci\u00f3 para ser precandidato. Pertenece a la Junta Departamental del PJ de Santa Luc\u00eda. Es apoderado del Partido Justicialista desde el 2016.<\/li>\n<\/ul>\n<p><strong><span style=\"color: #339966;\">Parlasur por San Juan<\/span><\/strong><\/p>\n<ul>\n<li>Mat\u00edas Sotomayor tiene 36 a\u00f1os, y es presidente del Instituto de Pol\u00edtica Joven. Actualmente es director general de Relaciones Internacionales, Coordinador Agenda 2030, Consejo Nacional de Coordinaci\u00f3n de Pol\u00edticas Sociales, Presidencia de la Naci\u00f3n. Fue Asesor Legislatura de San Juan, y trabaj\u00f3 en la Administraci\u00f3n General Delegaci\u00f3n Cuyo INASE. Fue titular de la subjefatura de Asesores del Presidente de la C\u00e1mara de Diputados de San Juan y Vicegobernador por el Poder Ejecutivo. Tambi\u00e9n fue subdirector de Lucha Contra la Droga y el Narcotr\u00e1fico del Gobierno de San Juan.<\/li>\n<\/ul>\n","protected":false},"excerpt":{"rendered":"<p>Como adelant\u00f3 el gobernador, \u00e9l preside la lista de los aspirantes a senadores, mientras que Jorge Chica har\u00e1 lo propio<\/p>\n","protected":false},"author":3,"featured_media":59083,"comment_status":"closed","ping_status":"closed","sticky":false,"template":"","format":"standard","meta":{"_acf_changed":false,"_seopress_robots_primary_cat":"none","_seopress_titles_title":"","_seopress_titles_desc":"","_seopress_robots_index":"","colormag_page_container_layout":"default_layout","colormag_page_sidebar_layout":"default_layout","footnotes":""},"categories":[1],"tags":[],"class_list":["post-60424","post","type-post","status-publish","format-standard","has-post-thumbnail","hentry","category-destacadas"],"acf":[],"_links":{"self":[{"href":"https:\/\/vocesparalelas.com.ar\/sitio\/wp-json\/wp\/v2\/posts\/60424","targetHints":{"allow":["GET"]}}],"collection":[{"href":"https:\/\/vocesparalelas.com.ar\/sitio\/wp-json\/wp\/v2\/posts"}],"about":[{"href":"https:\/\/vocesparalelas.com.ar\/sitio\/wp-json\/wp\/v2\/types\/post"}],"author":[{"embeddable":true,"href":"https:\/\/vocesparalelas.com.ar\/sitio\/wp-json\/wp\/v2\/users\/3"}],"replies":[{"embeddable":true,"href":"https:\/\/vocesparalelas.com.ar\/sitio\/wp-json\/wp\/v2\/comments?post=60424"}],"version-history":[{"count":1,"href":"https:\/\/vocesparalelas.com.ar\/sitio\/wp-json\/wp\/v2\/posts\/60424\/revisions"}],"predecessor-version":[{"id":60427,"href":"https:\/\/vocesparalelas.com.ar\/sitio\/wp-json\/wp\/v2\/posts\/60424\/revisions\/60427"}],"wp:featuredmedia":[{"embeddable":true,"href":"https:\/\/vocesparalelas.com.ar\/sitio\/wp-json\/wp\/v2\/media\/59083"}],"wp:attachment":[{"href":"https:\/\/vocesparalelas.com.ar\/sitio\/wp-json\/wp\/v2\/media?parent=60424"}],"wp:term":[{"taxonomy":"category","embeddable":true,"href":"https:\/\/vocesparalelas.com.ar\/sitio\/wp-json\/wp\/v2\/categories?post=60424"},{"taxonomy":"post_tag","embeddable":true,"href":"https:\/\/vocesparalelas.com.ar\/sitio\/wp-json\/wp\/v2\/tags?post=60424"}],"curies":[{"name":"wp","href":"https:\/\/api.w.org\/{rel}","templated":true}]}}