{"id":60403,"date":"2023-06-23T21:39:51","date_gmt":"2023-06-24T00:39:51","guid":{"rendered":"https:\/\/vocesparalelas.com.ar\/sitio\/?p=60403"},"modified":"2023-06-24T01:40:09","modified_gmt":"2023-06-24T04:40:09","slug":"1-jornada-de-otono-salud-cerebral-y-vulnerabilidad-en-san-juan","status":"publish","type":"post","link":"https:\/\/vocesparalelas.com.ar\/sitio\/1-jornada-de-otono-salud-cerebral-y-vulnerabilidad-en-san-juan\/","title":{"rendered":"1\u00b0 Jornada de Oto\u00f1o: Salud Cerebral y Vulnerabilidad en San Juan"},"content":{"rendered":"<div class=\"itemFullText jbintrotext\">\n<p>Los legisladores Celina Ramella y Gustavo Rodr\u00edguez participaron en el auditorio Emar Acosta, del edificio Anexo de la C\u00e1mara de Diputados de San Juan, de la 1\u00b0 Jornada de Oto\u00f1o: Salud Cerebral y Vulnerabilidad \u2013 Desaf\u00edos Cient\u00edficos, Tecnol\u00f3gicos, Sociales y Pol\u00edticos, organizado por el Instituto de Investigaciones en Psicolog\u00eda B\u00e1sica y Aplicada (IIPBA), Facultad de Filosof\u00eda y Humanidades, Universidad Cat\u00f3lica de Cuyo.<\/p>\n<\/div>\n<div class=\"itemFullText\">\n<p>Tras la conferencia inaugural, de modo virtual, sobre el tema \u201cDesaf\u00edos de la regi\u00f3n: hacia una construcci\u00f3n multidimensional de la Salud Cerebral Latinoamericana\u201d, a cargo del doctor Agust\u00edn Ib\u00e1\u00f1ez, director Latin American Brain Health Institute (BrainLat), Universidad Adolfo Ib\u00e1\u00f1ez, Chile; posteriormente tuvo lugar la ponencia \u201cPerspectivas y desaf\u00edos de la enfermedad de Alzheimer en Am\u00e9rica Latina\u201d, por parte del doctor Diego Aguilar, jefe de Desarrollo para las Am\u00e9ricas del Alzheimer &#8216;s Disease International (ADI) y director ejecutivo de la Fundaci\u00f3n Le\u00f3n.<\/p>\n<p>M\u00e1s adelante, el doctor Mart\u00edn Bruno, director del Instituto de Ciencias Biom\u00e9dicas (UCCuyo), disert\u00f3 sobre Demencias: Estrategias y Plan de Acci\u00f3n. Presentaci\u00f3n del Plan de Prevenci\u00f3n de Demencias San Juan 2022.<\/p>\n<p>Tras una pausa, la jornada fue desarrollada de manera virtual por la doctora Claudia Duran-Aniotz, codirectora de BrainLat, Universidad Adolfo Ib\u00e1\u00f1ez, Chile quien abord\u00f3 la tem\u00e1tica \u201cBiomarcadores accesibles para las demencias y la carga alost\u00e1tica en poblaci\u00f3n de LAC\u201d.<\/p>\n<p>Luego la Magister licenciada Alejandra Davidziuk. BrainLat; Adri\u00e1n Gustavo P\u00e1ez y Gustavo Adri\u00e1n Neira continuaron con el t\u00f3pico \u201cProyecto \u201cCopa y Vida\u201d, una iniciativa que explora la sinergia entre el arte y la salud cerebral.<\/p>\n<p>Tras un breve receso, la actividad continu\u00f3 con \u201c+65 Agenda de Salud: Inclusi\u00f3n Digital del Adulto Mayor\u201d, cargo de los doctores Diana Bruno (IIPBA-UCCuyo), Dr. Fernando M\u00e1rquez (IIPBA-UCCuyo) y el magister Sergio Zapata (IDEI-UNSJ), licenciado Fabricio Carri\u00f3 (IDEI-UNSJ).<\/p>\n<p>Posteriormente, el punto abordado fue \u201cPsicolog\u00eda ambiental, neurociencias y conocimiento basado en la evidencia: Humanizaci\u00f3n de los espacios de salud. Arquitectura adaptada, que fue responsabilidad de la doctora Alicia Pringles, del Instituto Regional de Planeamiento y H\u00e1bitat. (FAUD-UNSJ).<\/p>\n<p>Sobre la tarde, hubo una Mesa Follow-Up, con presentaci\u00f3n de proyectos implementados en el contexto de Cursos de Posgrado Internacional de Salud Cerebral.<\/p>\n<p>M\u00e1s adelante, sobre los inicios y funcionamiento de la Red, expusieron las licenciadas \u00a0Mayte Vergara, Valentina Carrera y Alejandra Davidziuk, de BrainLat y en cuanto a iniciativas que son realizadas a lo largo del pa\u00eds, lo hicieron Ana Mar\u00eda Martorella (Mar del Plata), Claudia Gaute (Chascom\u00fas), Isabel Davidziuk (Olivos y Pinamar) y Samanta Gui\u00f1az\u00fa (San Luis).<\/p>\n<p>Sobre Universo de Cerebros, las licenciadas Luciana Vita (UCCuyo), Laura Noguera (UCCuyo) y Mariana Zanino (UCCuyo) y, por \u00faltimo, David Gardiol (TES).<\/p>\n<p>Finalmente, formularon Aportes de la Salud Cerebral al deporte con ni\u00f1os y adolescentes, el licenciado Carlos Cepeda (UCCuyo) y respecto a Intervenciones locales basadas en salud cerebral, lo hizo la doctora Paula Perarnau (UNSL).<\/p>\n<p><img loading=\"lazy\" decoding=\"async\" class=\"alignnone size-full wp-image-60406\" src=\"https:\/\/vocesparalelas.com.ar\/sitio\/wp-content\/uploads\/2023\/06\/CDSJ-SALUD-01.jpg\" alt=\"\" width=\"800\" height=\"482\" srcset=\"https:\/\/vocesparalelas.com.ar\/sitio\/wp-content\/uploads\/2023\/06\/CDSJ-SALUD-01.jpg 800w, https:\/\/vocesparalelas.com.ar\/sitio\/wp-content\/uploads\/2023\/06\/CDSJ-SALUD-01-300x181.jpg 300w, https:\/\/vocesparalelas.com.ar\/sitio\/wp-content\/uploads\/2023\/06\/CDSJ-SALUD-01-768x463.jpg 768w\" sizes=\"auto, (max-width: 800px) 100vw, 800px\" \/><\/p>\n<\/div>\n<p>&nbsp;<\/p>\n","protected":false},"excerpt":{"rendered":"<p>Los legisladores Celina Ramella y Gustavo Rodr\u00edguez participaron en el auditorio Emar Acosta, del edificio Anexo de la C\u00e1mara de<\/p>\n","protected":false},"author":3,"featured_media":60407,"comment_status":"closed","ping_status":"closed","sticky":false,"template":"","format":"standard","meta":{"_acf_changed":false,"_seopress_robots_primary_cat":"none","_seopress_titles_title":"","_seopress_titles_desc":"","_seopress_robots_index":"","colormag_page_container_layout":"default_layout","colormag_page_sidebar_layout":"default_layout","footnotes":""},"categories":[1],"tags":[],"class_list":["post-60403","post","type-post","status-publish","format-standard","has-post-thumbnail","hentry","category-destacadas"],"acf":[],"_links":{"self":[{"href":"https:\/\/vocesparalelas.com.ar\/sitio\/wp-json\/wp\/v2\/posts\/60403","targetHints":{"allow":["GET"]}}],"collection":[{"href":"https:\/\/vocesparalelas.com.ar\/sitio\/wp-json\/wp\/v2\/posts"}],"about":[{"href":"https:\/\/vocesparalelas.com.ar\/sitio\/wp-json\/wp\/v2\/types\/post"}],"author":[{"embeddable":true,"href":"https:\/\/vocesparalelas.com.ar\/sitio\/wp-json\/wp\/v2\/users\/3"}],"replies":[{"embeddable":true,"href":"https:\/\/vocesparalelas.com.ar\/sitio\/wp-json\/wp\/v2\/comments?post=60403"}],"version-history":[{"count":1,"href":"https:\/\/vocesparalelas.com.ar\/sitio\/wp-json\/wp\/v2\/posts\/60403\/revisions"}],"predecessor-version":[{"id":60408,"href":"https:\/\/vocesparalelas.com.ar\/sitio\/wp-json\/wp\/v2\/posts\/60403\/revisions\/60408"}],"wp:featuredmedia":[{"embeddable":true,"href":"https:\/\/vocesparalelas.com.ar\/sitio\/wp-json\/wp\/v2\/media\/60407"}],"wp:attachment":[{"href":"https:\/\/vocesparalelas.com.ar\/sitio\/wp-json\/wp\/v2\/media?parent=60403"}],"wp:term":[{"taxonomy":"category","embeddable":true,"href":"https:\/\/vocesparalelas.com.ar\/sitio\/wp-json\/wp\/v2\/categories?post=60403"},{"taxonomy":"post_tag","embeddable":true,"href":"https:\/\/vocesparalelas.com.ar\/sitio\/wp-json\/wp\/v2\/tags?post=60403"}],"curies":[{"name":"wp","href":"https:\/\/api.w.org\/{rel}","templated":true}]}}