{"id":60394,"date":"2023-06-23T20:24:32","date_gmt":"2023-06-23T23:24:32","guid":{"rendered":"https:\/\/vocesparalelas.com.ar\/sitio\/?p=60394"},"modified":"2023-06-24T01:24:52","modified_gmt":"2023-06-24T04:24:52","slug":"el-dr-sergio-unac-se-postula-como-candidato-a-senador-de-la-nacion-por-san-juan","status":"publish","type":"post","link":"https:\/\/vocesparalelas.com.ar\/sitio\/el-dr-sergio-unac-se-postula-como-candidato-a-senador-de-la-nacion-por-san-juan\/","title":{"rendered":"El Dr. Sergio U\u00f1ac se postula como candidato a Senador de la Naci\u00f3n por San Juan"},"content":{"rendered":"<p>Antes de la caminata por el Departamento Santa Luc\u00eda, el Dr. Serio U\u00f1ac ofreci\u00f3 una conferencia de prensa y anunci\u00f3 que se postula como candidato a Senador Nacional por San Juan de la Subagrupaci\u00f3n \u00abVamos San Juan\u00bb.<\/p>\n<p>\u201cVoy a ser candidato a senador. Estamos ultimando detalles para las otras categor\u00edas, senador, diputado nacional y parlamentarios del Mercosur\u201d, dijo el gobernador Sergio U\u00f1ac en rueda de prensa, en la previo a un acto en el departamento Santa Luc\u00eda.<\/p>\n<p>El mandatario hab\u00eda enviado algunas se\u00f1ales en los d\u00edas previos, pero no fue hasta la tarde del viernes 23 que confirm\u00f3 su candidatura a senador nacional, que ir\u00e1 a las PASO el Domingo, 13 de Agosto de 2023.<\/p>\n<p>Consultado sobre los nombres de quienes acompa\u00f1ar\u00e1n esa lista solo dijo que \u201chay conversaciones con Jorge Chica para que pueda estar en la lista de diputados nacionales y en la noche tendr\u00e9 reuniones para ultimar estos detalles y presentar la lista ma\u00f1ana s\u00e1bado\u201d.<\/p>\n<p>En la jornada previa, el mandatario hab\u00eda se\u00f1alado que su candidatura era \u201cposible\u201d.<\/p>\n<p>\u201cYo le quiero devolver a San Juan todo lo que San Juan hizo por m\u00ed, siendo un puente de conexi\u00f3n entre la naci\u00f3n y la provincia; porque estoy seguro que ac\u00e1 Rub\u00e9n U\u00f1ac y Cristian Andino van a ser quienes representen a la gobernaci\u00f3n y desde Buenos Aires o desde el lugar que me toque vamos a avanzar para tomar responsabilidades del futuro gobierno, para llevar propuestas y soluciones desde el interior del pa\u00eds\u201d.<\/p>\n<p>Esta candidatura a un cargo legislativo nacional para el Dr. Sergio U\u00f1ac llega despu\u00e9s de que la Corte Suprema de Justicia lo inhabilitara a ser candidato a gobernador de San Juan.<\/p>\n<p>Esta tarde volvi\u00f3 a poner en tela de juicio la decisi\u00f3n de la Corte, \u201cporque despu\u00e9s a los intendentes bonaerenses no se los trat\u00f3 con el mismo sector de la biblioteca que tiene la Corte, ni tampoco a la provincia de Formosa, que no corresponde que los limiten, pero tampoco correspond\u00eda que limitaran a San Juan, por eso, lo mejor que podemos hacer es expresarnos el 2 de julio y mantener la decisi\u00f3n del 14 de mayo\u201d, sentenci\u00f3 U\u00f1ac.<\/p>\n","protected":false},"excerpt":{"rendered":"<p>Antes de la caminata por el Departamento Santa Luc\u00eda, el Dr. Serio U\u00f1ac ofreci\u00f3 una conferencia de prensa y anunci\u00f3<\/p>\n","protected":false},"author":3,"featured_media":60397,"comment_status":"closed","ping_status":"closed","sticky":false,"template":"","format":"standard","meta":{"_acf_changed":false,"_seopress_robots_primary_cat":"none","_seopress_titles_title":"","_seopress_titles_desc":"","_seopress_robots_index":"","colormag_page_container_layout":"default_layout","colormag_page_sidebar_layout":"default_layout","footnotes":""},"categories":[1],"tags":[],"class_list":["post-60394","post","type-post","status-publish","format-standard","has-post-thumbnail","hentry","category-destacadas"],"acf":[],"_links":{"self":[{"href":"https:\/\/vocesparalelas.com.ar\/sitio\/wp-json\/wp\/v2\/posts\/60394","targetHints":{"allow":["GET"]}}],"collection":[{"href":"https:\/\/vocesparalelas.com.ar\/sitio\/wp-json\/wp\/v2\/posts"}],"about":[{"href":"https:\/\/vocesparalelas.com.ar\/sitio\/wp-json\/wp\/v2\/types\/post"}],"author":[{"embeddable":true,"href":"https:\/\/vocesparalelas.com.ar\/sitio\/wp-json\/wp\/v2\/users\/3"}],"replies":[{"embeddable":true,"href":"https:\/\/vocesparalelas.com.ar\/sitio\/wp-json\/wp\/v2\/comments?post=60394"}],"version-history":[{"count":1,"href":"https:\/\/vocesparalelas.com.ar\/sitio\/wp-json\/wp\/v2\/posts\/60394\/revisions"}],"predecessor-version":[{"id":60398,"href":"https:\/\/vocesparalelas.com.ar\/sitio\/wp-json\/wp\/v2\/posts\/60394\/revisions\/60398"}],"wp:featuredmedia":[{"embeddable":true,"href":"https:\/\/vocesparalelas.com.ar\/sitio\/wp-json\/wp\/v2\/media\/60397"}],"wp:attachment":[{"href":"https:\/\/vocesparalelas.com.ar\/sitio\/wp-json\/wp\/v2\/media?parent=60394"}],"wp:term":[{"taxonomy":"category","embeddable":true,"href":"https:\/\/vocesparalelas.com.ar\/sitio\/wp-json\/wp\/v2\/categories?post=60394"},{"taxonomy":"post_tag","embeddable":true,"href":"https:\/\/vocesparalelas.com.ar\/sitio\/wp-json\/wp\/v2\/tags?post=60394"}],"curies":[{"name":"wp","href":"https:\/\/api.w.org\/{rel}","templated":true}]}}