{"id":60389,"date":"2023-06-23T22:08:47","date_gmt":"2023-06-24T01:08:47","guid":{"rendered":"https:\/\/vocesparalelas.com.ar\/sitio\/?p=60389"},"modified":"2023-06-26T23:09:51","modified_gmt":"2023-06-27T02:09:51","slug":"que-significa-70-aniversario-de-la-universidad-catolica-de-cuyo","status":"publish","type":"post","link":"https:\/\/vocesparalelas.com.ar\/sitio\/que-significa-70-aniversario-de-la-universidad-catolica-de-cuyo\/","title":{"rendered":"\u00bfQu\u00e9 significa 70\u00b0 Aniversario de la Universidad Cat\u00f3lica de Cuyo?"},"content":{"rendered":"<p>Las autoridades de la Universidad Cat\u00f3lica de Cuyo convoc\u00f3 a los Periodistas San Juan para agasajarlos en el D\u00eda del Periodistas y para hacer conocer los avances acad\u00e9micos que desarroll\u00f3 y desarrolla en los 70 A\u00f1os de vida de la instituci\u00f3n Universitaria que cada a\u00f1o avanzan para brindar carreras de grado, posgrados y diplomaturas al servicio de la comunidad de las Provincias de San Juan, de San Luis y de Mendoza. Tambi\u00e9n, en los Departamentos.<\/p>\n<p>Es importante destacar que el servicio universitario inspirada en la fe cristiana de la Iglesia Cat\u00f3lica, dedicada a la formaci\u00f3n integral de las personas, a trav\u00e9s de la generaci\u00f3n, difusi\u00f3n y preservaci\u00f3n de la ciencia, la tecnolog\u00eda, arte y cultura; que promueve el desarrollo regional desde sus particularidades, en un marco de excelencia acad\u00e9mica y libertad como una forma efectiva de contribuir a la resoluci\u00f3n de los problemas y exigencias de cada \u00e9poca a la luz de la Verdad del Evangelio.<\/p>\n<p>La UCCUYO se puede cursas en forma presencial y con la aplicaci\u00f3n de tecnolog\u00eda permite llegar a distintos estudiantes que se suman al gran desaf\u00edo de adquirir conocimiento a distancia.<\/p>\n<p><strong><span style=\"color: #339966;\">Historia<\/span><\/strong><\/p>\n<p>Comenz\u00f3 a construir conocimiento el 4 de Mayo de 1953, por el recordado Monse\u00f1or Dr. Francisco Manfredi, acompa\u00f1ado por nueve alumnos y un docente, con el Instituto Preuniversitario San Buenaventura.<\/p>\n<p>Las Hermanas Terciarias Misioneras Franciscanas le brindaron cobijo en su sede en San Juan, el Colegio El Tr\u00e1nsito de Nuestra Se\u00f1ora, solar que lo vio crecer, desarrollarse, convertirse en Instituto Universitario primero y m\u00e1s tarde en Universidad Cat\u00f3lica, para, finalmente, desplegar sus alas poderosas y volar con la seguridad que otorga la vida madura.<\/p>\n<p>Desde aquel instante la Divina Providencia alberg\u00f3 en sus espacios y en sus tiempos y les permiti\u00f3 construir lo que hoy es la Universidad Cat\u00f3lica de Cuyo, fruto \u00f3ptimo de \u00edmprobos esfuerzos humanos bendecidos por la voluntad de Dios.<\/p>\n<p>Han pasado 70 A\u00f1os de crecer y sus distintas facultades el equipo docente busca m\u00e1s espacios de conocimiento para adecuarse a lo que la sociedad va necesitando.<\/p>\n<p>Luego de la gran charla y presentaciones de las nuevas autoridades que con gran orgullo trabajan para construir una Universidad Cat\u00f3lica de Cuyo con m\u00e1s posibilidades de estudios para que los alumnos de todas las edades buscan transformarse en profesionales de bien insertos en distritos espacios que as\u00ed lo requieran.<\/p>\n<p>Es asombroso su crecimiento que que sigue trabajando la comunidad universitaria para que todos puedan satisfacer lo que una sociedad necesita.<\/p>\n<p>La educaci\u00f3n es un proceso que se asimila por los agentes en pleno cambio que necesita m\u00e1s y m\u00e1s. Esto sucede en los personal, en la profesi\u00f3n, en las instituciones acad\u00e9micas que van creciendo para perpetuar en el tiempo. Esto es lo que significa cumplir 70 a\u00f1os. Agradecer a los precursores y fortalecer el legado. Agradecer a Dios por todos aquellos que ayudaron con conocimiento, a los que caminaron en las distintas trayectoria para ser profesional digno.<\/p>\n<p><span style=\"color: #339966;\"><strong>Autoridades de la Universidad Cat\u00f3lica de Cuyo<\/strong><\/span><\/p>\n<ul>\n<li>Gran Canciller, Arzobispo Mons. Jorge Eduardo Lozano<\/li>\n<li>Rectora, Lic. Mar\u00eda Laura Simonassi<\/li>\n<li>Vicerrectora Acad\u00e9mica, Lic. Beatriz Farah<\/li>\n<li>Vicerrector de Formaci\u00f3n, Pbro. Lic. \u00c1ngel Bartolom\u00e9 Hern\u00e1ndez<\/li>\n<\/ul>\n<p><span style=\"color: #339966;\"><strong>Secretar\u00edas<\/strong><\/span><\/p>\n<ul>\n<li>Secretaria General Acad\u00e9mica, Lic. Mar\u00eda de los \u00c1ngeles Morell<\/li>\n<li>Secretario de Investigaci\u00f3n y Vinculaci\u00f3n Tecnol\u00f3gica, Dr. Claudio Larrea Arnau<\/li>\n<li>Secretario de Extensi\u00f3n y Relaciones Institucionales, Mg. Julio Adri\u00e1n Bast\u00edas<\/li>\n<\/ul>\n<p><span style=\"color: #339966;\"><strong>Decanos<\/strong><\/span><\/p>\n<ul>\n<li>Decano de la Facultad Ciencias Qu\u00edmicas y Tecnol\u00f3gicas, Lic. Mauro Oscar Berg\u00e9s<\/li>\n<li>Decano Facultad de Derecho y Cs. Sociales, Mg. Jos\u00e9 Luis L\u00f3pez Cervi\u00f1o<\/li>\n<li>Decana Facultad de Educaci\u00f3n, Mg. Luc\u00eda Mabel Ghilardi<\/li>\n<li>Decano Facultad de Filosof\u00eda y Humanidades, Dr. Leonardo David Videla<\/li>\n<li>Decana Facultad Ciencias Econ\u00f3micas y Empresariales, CPN Mar\u00eda Alejandra Segovia<\/li>\n<li>Decano Facultad de Cs. M\u00e9dicas, Esp. M\u00e9dico Sergio Gabriel Albarrac\u00edn<\/li>\n<\/ul>\n<p>Voces Paralelas pidi\u00f3 al Vicerrector de Formaci\u00f3n, Pbro. Lic. \u00c1ngel Bartolom\u00e9 Hern\u00e1ndez que realizara una bendici\u00f3n porque los periodistas San Juan al trabajar buscando informaci\u00f3n se mueven por distintos lugares y est\u00e1n expuesto ante la sociedad.<\/p>\n<p><iframe loading=\"lazy\" title=\"UCCUYO LIC \u00c1NGEL HERN\u00c1NDEZ\" width=\"800\" height=\"450\" src=\"https:\/\/www.youtube.com\/embed\/YqqH7mrcpdo?feature=oembed\" frameborder=\"0\" allow=\"accelerometer; autoplay; clipboard-write; encrypted-media; gyroscope; picture-in-picture; web-share\" allowfullscreen><\/iframe><\/p>\n<p>Por ello, la Rectora de la UCCUYO, Lic. Mar\u00eda Laura Simonassi sintetiz\u00f3 lo que significa para la comunidad universitaria en el 70\u00b0 Aniversario de la Universidad.<\/p>\n<p><iframe loading=\"lazy\" title=\"UCCUYO RECTORA LIC MAR\u00cdA LAURA SIMONASSI\" width=\"800\" height=\"450\" src=\"https:\/\/www.youtube.com\/embed\/fxjVHf6-RHs?feature=oembed\" frameborder=\"0\" allow=\"accelerometer; autoplay; clipboard-write; encrypted-media; gyroscope; picture-in-picture; web-share\" allowfullscreen><\/iframe><\/p>\n<p>&nbsp;<\/p>\n<p><img loading=\"lazy\" decoding=\"async\" class=\"alignnone size-large wp-image-20251\" src=\"https:\/\/vocesparalelas.com.ar\/sitio\/wp-content\/uploads\/2019\/04\/UCCUYO-FRENTE-01-800x600.jpg\" alt=\"\" width=\"800\" height=\"600\" srcset=\"https:\/\/vocesparalelas.com.ar\/sitio\/wp-content\/uploads\/2019\/04\/UCCUYO-FRENTE-01-800x600.jpg 800w, https:\/\/vocesparalelas.com.ar\/sitio\/wp-content\/uploads\/2019\/04\/UCCUYO-FRENTE-01-300x225.jpg 300w, https:\/\/vocesparalelas.com.ar\/sitio\/wp-content\/uploads\/2019\/04\/UCCUYO-FRENTE-01-768x576.jpg 768w, https:\/\/vocesparalelas.com.ar\/sitio\/wp-content\/uploads\/2019\/04\/UCCUYO-FRENTE-01.jpg 1000w\" sizes=\"auto, (max-width: 800px) 100vw, 800px\" \/><\/p>\n<p>&nbsp;<\/p>\n<p>&nbsp;<\/p>\n","protected":false},"excerpt":{"rendered":"<p>Las autoridades de la Universidad Cat\u00f3lica de Cuyo convoc\u00f3 a los Periodistas San Juan para agasajarlos en el D\u00eda del<\/p>\n","protected":false},"author":3,"featured_media":60392,"comment_status":"closed","ping_status":"closed","sticky":false,"template":"","format":"standard","meta":{"_acf_changed":false,"_seopress_robots_primary_cat":"none","_seopress_titles_title":"","_seopress_titles_desc":"","_seopress_robots_index":"","colormag_page_container_layout":"default_layout","colormag_page_sidebar_layout":"default_layout","footnotes":""},"categories":[10,7],"tags":[],"class_list":["post-60389","post","type-post","status-publish","format-standard","has-post-thumbnail","hentry","category-opiniones","category-videos"],"acf":[],"_links":{"self":[{"href":"https:\/\/vocesparalelas.com.ar\/sitio\/wp-json\/wp\/v2\/posts\/60389","targetHints":{"allow":["GET"]}}],"collection":[{"href":"https:\/\/vocesparalelas.com.ar\/sitio\/wp-json\/wp\/v2\/posts"}],"about":[{"href":"https:\/\/vocesparalelas.com.ar\/sitio\/wp-json\/wp\/v2\/types\/post"}],"author":[{"embeddable":true,"href":"https:\/\/vocesparalelas.com.ar\/sitio\/wp-json\/wp\/v2\/users\/3"}],"replies":[{"embeddable":true,"href":"https:\/\/vocesparalelas.com.ar\/sitio\/wp-json\/wp\/v2\/comments?post=60389"}],"version-history":[{"count":1,"href":"https:\/\/vocesparalelas.com.ar\/sitio\/wp-json\/wp\/v2\/posts\/60389\/revisions"}],"predecessor-version":[{"id":60393,"href":"https:\/\/vocesparalelas.com.ar\/sitio\/wp-json\/wp\/v2\/posts\/60389\/revisions\/60393"}],"wp:featuredmedia":[{"embeddable":true,"href":"https:\/\/vocesparalelas.com.ar\/sitio\/wp-json\/wp\/v2\/media\/60392"}],"wp:attachment":[{"href":"https:\/\/vocesparalelas.com.ar\/sitio\/wp-json\/wp\/v2\/media?parent=60389"}],"wp:term":[{"taxonomy":"category","embeddable":true,"href":"https:\/\/vocesparalelas.com.ar\/sitio\/wp-json\/wp\/v2\/categories?post=60389"},{"taxonomy":"post_tag","embeddable":true,"href":"https:\/\/vocesparalelas.com.ar\/sitio\/wp-json\/wp\/v2\/tags?post=60389"}],"curies":[{"name":"wp","href":"https:\/\/api.w.org\/{rel}","templated":true}]}}