{"id":60383,"date":"2023-06-23T21:14:59","date_gmt":"2023-06-24T00:14:59","guid":{"rendered":"https:\/\/vocesparalelas.com.ar\/sitio\/?p=60383"},"modified":"2023-06-24T00:15:11","modified_gmt":"2023-06-24T03:15:11","slug":"renovacion-de-representantes-alumnos-en-el-consejo-superior-y-los-consejos-directivos-de-la-unsj","status":"publish","type":"post","link":"https:\/\/vocesparalelas.com.ar\/sitio\/renovacion-de-representantes-alumnos-en-el-consejo-superior-y-los-consejos-directivos-de-la-unsj\/","title":{"rendered":"Renovaci\u00f3n de representantes alumnos en el Consejo Superior y los Consejos Directivos de la UNSJ"},"content":{"rendered":"<p>Durante la jornada de ayer, estudiantes y egresados\/as de la UNSJ renovaron sus representantes al Consejo Superior y a los Consejos Directivos de todas las unidades acad\u00e9micas.<\/p>\n<p>Los datos provisorios aportados por la Junta Electoral\u00a0arrojaron como resultados que IDEAS fue la agrupaci\u00f3n que obtuvo mayor cantidad de votos en el estamento estudiantil, posicionando a 6 de sus integrantes en el Consejo Superior, mientras que la agrupaci\u00f3n Necso logr\u00f3 ubicar a 2 y el Frente Universitario Organizado (FUO), a 1 representante.<\/p>\n<p>En cuanto a los Consejos Directivos de las unidades acad\u00e9micas, los resultados tambi\u00e9n favorecieron a IDEAS en cinco de los seis Consejos, que quedaron conformados de la siguiente manera: \u00b7<\/p>\n<ul>\n<li><strong>Facultad de Ingenier\u00eda<\/strong>: 3 para IDEAS, 1 para HXT \u00b7<\/li>\n<li><strong>Facultad de Ciencias Sociales<\/strong>: 3 para IDEAS, 1 para Necso \u00b7<\/li>\n<li><strong>Facultad de Filosof\u00eda, Humanidades y Artes:<\/strong>\u00a02 para IDEAS, 1 para CEPA-Mella y 1 para el MUU \u00b7<\/li>\n<li><strong>Facultad de Arquitectura, Urbanismo y Dise\u00f1o<\/strong>: 4 para IDEAS \u00b7<\/li>\n<li><strong>Facultad de Ciencias Exactas, F\u00edsicas y Naturales:<\/strong>\u00a03 para CREANDO, 1 para Epicentro \u00b7<\/li>\n<li><strong>Escuela Universitaria de Ciencias de la Salud<\/strong>: 2 para IDEAS<\/li>\n<\/ul>\n<p>Por otra parte, la Agrupaci\u00f3n CREANDO logr\u00f3 retener el Centro de Estudiantes de la Facultad de Ciencias Exactas, F\u00edsicas y Naturales. Cabe se\u00f1alar que era el \u00fanico Centro de Estudiantes que a\u00fan no renovaba sus integrantes. Los resultados del Estamento Egresados se conocer\u00e1n hoy al mediod\u00eda, luego del recuento definitivo.<\/p>\n","protected":false},"excerpt":{"rendered":"<p>Durante la jornada de ayer, estudiantes y egresados\/as de la UNSJ renovaron sus representantes al Consejo Superior y a los<\/p>\n","protected":false},"author":3,"featured_media":36750,"comment_status":"closed","ping_status":"closed","sticky":false,"template":"","format":"standard","meta":{"_acf_changed":false,"_seopress_robots_primary_cat":"none","_seopress_titles_title":"","_seopress_titles_desc":"","_seopress_robots_index":"","colormag_page_container_layout":"default_layout","colormag_page_sidebar_layout":"default_layout","footnotes":""},"categories":[1],"tags":[],"class_list":["post-60383","post","type-post","status-publish","format-standard","has-post-thumbnail","hentry","category-destacadas"],"acf":[],"_links":{"self":[{"href":"https:\/\/vocesparalelas.com.ar\/sitio\/wp-json\/wp\/v2\/posts\/60383","targetHints":{"allow":["GET"]}}],"collection":[{"href":"https:\/\/vocesparalelas.com.ar\/sitio\/wp-json\/wp\/v2\/posts"}],"about":[{"href":"https:\/\/vocesparalelas.com.ar\/sitio\/wp-json\/wp\/v2\/types\/post"}],"author":[{"embeddable":true,"href":"https:\/\/vocesparalelas.com.ar\/sitio\/wp-json\/wp\/v2\/users\/3"}],"replies":[{"embeddable":true,"href":"https:\/\/vocesparalelas.com.ar\/sitio\/wp-json\/wp\/v2\/comments?post=60383"}],"version-history":[{"count":1,"href":"https:\/\/vocesparalelas.com.ar\/sitio\/wp-json\/wp\/v2\/posts\/60383\/revisions"}],"predecessor-version":[{"id":60388,"href":"https:\/\/vocesparalelas.com.ar\/sitio\/wp-json\/wp\/v2\/posts\/60383\/revisions\/60388"}],"wp:featuredmedia":[{"embeddable":true,"href":"https:\/\/vocesparalelas.com.ar\/sitio\/wp-json\/wp\/v2\/media\/36750"}],"wp:attachment":[{"href":"https:\/\/vocesparalelas.com.ar\/sitio\/wp-json\/wp\/v2\/media?parent=60383"}],"wp:term":[{"taxonomy":"category","embeddable":true,"href":"https:\/\/vocesparalelas.com.ar\/sitio\/wp-json\/wp\/v2\/categories?post=60383"},{"taxonomy":"post_tag","embeddable":true,"href":"https:\/\/vocesparalelas.com.ar\/sitio\/wp-json\/wp\/v2\/tags?post=60383"}],"curies":[{"name":"wp","href":"https:\/\/api.w.org\/{rel}","templated":true}]}}