{"id":60368,"date":"2023-06-22T21:27:59","date_gmt":"2023-06-23T00:27:59","guid":{"rendered":"https:\/\/vocesparalelas.com.ar\/sitio\/?p=60368"},"modified":"2023-06-25T22:57:15","modified_gmt":"2023-06-26T01:57:15","slug":"curso-turismo-emprende-en-san-juan","status":"publish","type":"post","link":"https:\/\/vocesparalelas.com.ar\/sitio\/curso-turismo-emprende-en-san-juan\/","title":{"rendered":"Curso \u00abTurismo Emprende\u00bb en San Juan"},"content":{"rendered":"<p>El Ministerio de Turismo y Deportes de la Naci\u00f3n, junto con la\u202fFederaci\u00f3n Argentina de Asociaciones de Empresas de Viajes y Turismo (Faevyt) y el apoyo del Instituto Nacional de Juventudes (INJUVE), lanz\u00f3 Turismo Emprende, una propuesta de formaci\u00f3n intensiva para estudiantes y j\u00f3venes que formen parte del sector.<\/p>\n<p>La iniciativa federal, abierta y gratuita comienza la \u00faltima semana de junio y consta de 60 horas de formaci\u00f3n distribuidas en dos meses. La modalidad de cursada es h\u00edbrida, con instancias presenciales y remotas combinadas en sus diferentes sedes: San Juan, Ciudad de Buenos Aires, Bariloche, Misiones y C\u00f3rdoba.<\/p>\n<p>El objetivo es brindar herramientas que faciliten su incorporaci\u00f3n al mercado de trabajo y mejoren las capacidades existentes para el turismo interno y receptivo. Las tem\u00e1ticas abordadas son Legislaci\u00f3n tur\u00edstica, Contabilidad e impuestos, Inform\u00e1tica aplicada al turismo, Introducci\u00f3n al marketing digital para empresas de turismo y Herramientas de marketing en emprendimientos tur\u00edsticos.<\/p>\n<p><span style=\"color: #ff6600;\"><strong>Inscripci\u00f3n<\/strong><\/span><\/p>\n<p>Los interesados en participar deber\u00e1n completar sus datos en el formulario de postulaci\u00f3n<\/p>\n<p><a href=\"https:\/\/www.yvera.tur.ar\/capacitate\/generales\/inscripcion\/105\">https:\/\/www.yvera.tur.ar\/capacitate\/generales\/inscripcion\/105<\/a><\/p>\n<p>&nbsp;<\/p>\n<p>&nbsp;<\/p>\n<p>&nbsp;<\/p>\n","protected":false},"excerpt":{"rendered":"<p>El Ministerio de Turismo y Deportes de la Naci\u00f3n, junto con la\u202fFederaci\u00f3n Argentina de Asociaciones de Empresas de Viajes y<\/p>\n","protected":false},"author":3,"featured_media":36325,"comment_status":"closed","ping_status":"closed","sticky":false,"template":"","format":"standard","meta":{"_acf_changed":false,"_seopress_robots_primary_cat":"none","_seopress_titles_title":"","_seopress_titles_desc":"","_seopress_robots_index":"","colormag_page_container_layout":"default_layout","colormag_page_sidebar_layout":"default_layout","footnotes":""},"categories":[9],"tags":[],"class_list":["post-60368","post","type-post","status-publish","format-standard","has-post-thumbnail","hentry","category-cursos"],"acf":[],"_links":{"self":[{"href":"https:\/\/vocesparalelas.com.ar\/sitio\/wp-json\/wp\/v2\/posts\/60368","targetHints":{"allow":["GET"]}}],"collection":[{"href":"https:\/\/vocesparalelas.com.ar\/sitio\/wp-json\/wp\/v2\/posts"}],"about":[{"href":"https:\/\/vocesparalelas.com.ar\/sitio\/wp-json\/wp\/v2\/types\/post"}],"author":[{"embeddable":true,"href":"https:\/\/vocesparalelas.com.ar\/sitio\/wp-json\/wp\/v2\/users\/3"}],"replies":[{"embeddable":true,"href":"https:\/\/vocesparalelas.com.ar\/sitio\/wp-json\/wp\/v2\/comments?post=60368"}],"version-history":[{"count":1,"href":"https:\/\/vocesparalelas.com.ar\/sitio\/wp-json\/wp\/v2\/posts\/60368\/revisions"}],"predecessor-version":[{"id":60371,"href":"https:\/\/vocesparalelas.com.ar\/sitio\/wp-json\/wp\/v2\/posts\/60368\/revisions\/60371"}],"wp:featuredmedia":[{"embeddable":true,"href":"https:\/\/vocesparalelas.com.ar\/sitio\/wp-json\/wp\/v2\/media\/36325"}],"wp:attachment":[{"href":"https:\/\/vocesparalelas.com.ar\/sitio\/wp-json\/wp\/v2\/media?parent=60368"}],"wp:term":[{"taxonomy":"category","embeddable":true,"href":"https:\/\/vocesparalelas.com.ar\/sitio\/wp-json\/wp\/v2\/categories?post=60368"},{"taxonomy":"post_tag","embeddable":true,"href":"https:\/\/vocesparalelas.com.ar\/sitio\/wp-json\/wp\/v2\/tags?post=60368"}],"curies":[{"name":"wp","href":"https:\/\/api.w.org\/{rel}","templated":true}]}}