{"id":60359,"date":"2023-06-22T22:20:20","date_gmt":"2023-06-23T01:20:20","guid":{"rendered":"https:\/\/vocesparalelas.com.ar\/sitio\/?p=60359"},"modified":"2023-06-25T22:56:49","modified_gmt":"2023-06-26T01:56:49","slug":"la-feria-educativa-estudia-en-la-nacional-y-ciencias-de-la-computacion-en-la-fcefn-de-la-unsj","status":"publish","type":"post","link":"https:\/\/vocesparalelas.com.ar\/sitio\/la-feria-educativa-estudia-en-la-nacional-y-ciencias-de-la-computacion-en-la-fcefn-de-la-unsj\/","title":{"rendered":"La Feria Educativa \u00abEstudi\u00e1 en la Nacional\u00bb y Ciencias de la Computaci\u00f3n en la FCEFN de la UNSJ"},"content":{"rendered":"<p>En el Sal\u00f3n del Comedor en el CUIM de la UNSJ, Ignacio de la Roza y Meglioli, se desarroll\u00f3 la Feria Educativa \u00abEstudi\u00e1 en la Nacional\u00bb , durante el Jueves, 15 y Viernes, 16 de Junio de 2023, las distintas Unidades Acad\u00e9micas de la UNSJ participaron.<\/p>\n<ul>\n<li>Facultad de Ingenier\u00eda<\/li>\n<li>Facultad de Filosof\u00eda, Humanidades y Artes<\/li>\n<li>Facultad de Ciencias Exactas, F\u00edsicas y Naturales<\/li>\n<li>Facultad de Arquitectura, Urbanismo y Dise\u00f1o<\/li>\n<li>Facultad de Ciencias Sociales<\/li>\n<li>Escuela Universitaria de Ciencias de la Salud<\/li>\n<\/ul>\n<p>Tuvieron espacio para dar informaci\u00f3n de las carreras que se estudian en cada Unidad Acad\u00e9mica por parte de alumnos avanzados de la Carrera de Grado.<\/p>\n<p>Adem\u00e1s, puedes conocer m\u00e1s informaci\u00f3n on line<\/p>\n<p><a href=\"https:\/\/feriaeducativa.unsj.edu.ar\/\">https:\/\/feriaeducativa.unsj.edu.ar\/<\/a><\/p>\n<p>Voces Paralelas desarroll\u00f3 una entrevista period\u00edstica al alumno de la Carrera de Grado en Licenciatura en Ciencias de la Computaci\u00f3n de la FCEFN de la UNSJ, Andr\u00e9s Molina junto a Ana Paila Carbajo, quien estuvieron la responsabilidad de transmitir su pasi\u00f3n a los alumnos de las Escuelas del secundario de San Juan que se acercaron conocer m\u00e1s sobre lo que quiere estudiar en la Universidad Nacional de San Juan.<\/p>\n<p><iframe loading=\"lazy\" title=\"UNSJ FCEFN ANDRES MOLINA\" width=\"800\" height=\"450\" src=\"https:\/\/www.youtube.com\/embed\/aE4c6A0ozXA?feature=oembed\" frameborder=\"0\" allow=\"accelerometer; autoplay; clipboard-write; encrypted-media; gyroscope; picture-in-picture; web-share\" allowfullscreen><\/iframe><\/p>\n<p>&nbsp;<\/p>\n<p><img loading=\"lazy\" decoding=\"async\" class=\"alignnone size-full wp-image-60329\" src=\"https:\/\/vocesparalelas.com.ar\/sitio\/wp-content\/uploads\/2023\/06\/UNSJ-FAUD-FERIA-01.jpg\" alt=\"\" width=\"800\" height=\"533\" srcset=\"https:\/\/vocesparalelas.com.ar\/sitio\/wp-content\/uploads\/2023\/06\/UNSJ-FAUD-FERIA-01.jpg 800w, https:\/\/vocesparalelas.com.ar\/sitio\/wp-content\/uploads\/2023\/06\/UNSJ-FAUD-FERIA-01-300x200.jpg 300w, https:\/\/vocesparalelas.com.ar\/sitio\/wp-content\/uploads\/2023\/06\/UNSJ-FAUD-FERIA-01-768x512.jpg 768w\" sizes=\"auto, (max-width: 800px) 100vw, 800px\" \/><\/p>\n<p><img loading=\"lazy\" decoding=\"async\" class=\"alignnone size-full wp-image-60323\" src=\"https:\/\/vocesparalelas.com.ar\/sitio\/wp-content\/uploads\/2023\/06\/UNSJ-FCEFN-FERIA-02.jpg\" alt=\"\" width=\"800\" height=\"533\" srcset=\"https:\/\/vocesparalelas.com.ar\/sitio\/wp-content\/uploads\/2023\/06\/UNSJ-FCEFN-FERIA-02.jpg 800w, https:\/\/vocesparalelas.com.ar\/sitio\/wp-content\/uploads\/2023\/06\/UNSJ-FCEFN-FERIA-02-300x200.jpg 300w, https:\/\/vocesparalelas.com.ar\/sitio\/wp-content\/uploads\/2023\/06\/UNSJ-FCEFN-FERIA-02-768x512.jpg 768w\" sizes=\"auto, (max-width: 800px) 100vw, 800px\" \/><\/p>\n<p>&nbsp;<\/p>\n<p><iframe loading=\"lazy\" title=\"UNSJ FERIA EDUCATIVA ESTUDI\u00c1 EN LA NACIONAL\" width=\"800\" height=\"450\" src=\"https:\/\/www.youtube.com\/embed\/kyHvlMEzdgI?start=26&#038;feature=oembed\" frameborder=\"0\" allow=\"accelerometer; autoplay; clipboard-write; encrypted-media; gyroscope; picture-in-picture; web-share\" allowfullscreen><\/iframe><\/p>\n<p><span style=\"color: #339966;\"><strong>Datos Importantes<\/strong><\/span><\/p>\n<ul>\n<li>\u00a0ubicaci\u00f3n en Av. Ignacio de la Roza 590 (O), Complejo Universitario \u00abIslas Malvinas\u00bb, Rivadavia, San Juan.<\/li>\n<li>Tel\u00e9fono: 4260353 4260355 &#8211; 4260394 &#8211; 4264721 &#8211; 4234129, Fax 0264-4234980 <a href=\"http:\/\/www.exactas.unsj.edu.ar\">http:\/\/www.exactas.unsj.edu.ar<\/a><\/li>\n<\/ul>\n<p><img loading=\"lazy\" decoding=\"async\" class=\"alignnone size-large wp-image-22761\" src=\"https:\/\/vocesparalelas.com.ar\/sitio\/wp-content\/uploads\/2019\/08\/FCEFN-UNSJ-LOGO-800x600.jpg\" alt=\"\" width=\"800\" height=\"600\" srcset=\"https:\/\/vocesparalelas.com.ar\/sitio\/wp-content\/uploads\/2019\/08\/FCEFN-UNSJ-LOGO-800x600.jpg 800w, https:\/\/vocesparalelas.com.ar\/sitio\/wp-content\/uploads\/2019\/08\/FCEFN-UNSJ-LOGO-300x225.jpg 300w, https:\/\/vocesparalelas.com.ar\/sitio\/wp-content\/uploads\/2019\/08\/FCEFN-UNSJ-LOGO-768x576.jpg 768w, https:\/\/vocesparalelas.com.ar\/sitio\/wp-content\/uploads\/2019\/08\/FCEFN-UNSJ-LOGO.jpg 1000w\" sizes=\"auto, (max-width: 800px) 100vw, 800px\" \/><\/p>\n<p><img loading=\"lazy\" decoding=\"async\" class=\"alignnone size-large wp-image-22760\" src=\"https:\/\/vocesparalelas.com.ar\/sitio\/wp-content\/uploads\/2019\/08\/FCEFN-UNSJ-INGRESO-800x600.jpg\" alt=\"\" width=\"800\" height=\"600\" srcset=\"https:\/\/vocesparalelas.com.ar\/sitio\/wp-content\/uploads\/2019\/08\/FCEFN-UNSJ-INGRESO-800x600.jpg 800w, https:\/\/vocesparalelas.com.ar\/sitio\/wp-content\/uploads\/2019\/08\/FCEFN-UNSJ-INGRESO-300x225.jpg 300w, https:\/\/vocesparalelas.com.ar\/sitio\/wp-content\/uploads\/2019\/08\/FCEFN-UNSJ-INGRESO-768x576.jpg 768w, https:\/\/vocesparalelas.com.ar\/sitio\/wp-content\/uploads\/2019\/08\/FCEFN-UNSJ-INGRESO.jpg 1000w\" sizes=\"auto, (max-width: 800px) 100vw, 800px\" \/><\/p>\n<p>&nbsp;<\/p>\n","protected":false},"excerpt":{"rendered":"<p>En el Sal\u00f3n del Comedor en el CUIM de la UNSJ, Ignacio de la Roza y Meglioli, se desarroll\u00f3 la<\/p>\n","protected":false},"author":3,"featured_media":60322,"comment_status":"closed","ping_status":"closed","sticky":false,"template":"","format":"standard","meta":{"_acf_changed":false,"_seopress_robots_primary_cat":"none","_seopress_titles_title":"","_seopress_titles_desc":"","_seopress_robots_index":"","colormag_page_container_layout":"default_layout","colormag_page_sidebar_layout":"default_layout","footnotes":""},"categories":[10,7],"tags":[],"class_list":["post-60359","post","type-post","status-publish","format-standard","has-post-thumbnail","hentry","category-opiniones","category-videos"],"acf":[],"_links":{"self":[{"href":"https:\/\/vocesparalelas.com.ar\/sitio\/wp-json\/wp\/v2\/posts\/60359","targetHints":{"allow":["GET"]}}],"collection":[{"href":"https:\/\/vocesparalelas.com.ar\/sitio\/wp-json\/wp\/v2\/posts"}],"about":[{"href":"https:\/\/vocesparalelas.com.ar\/sitio\/wp-json\/wp\/v2\/types\/post"}],"author":[{"embeddable":true,"href":"https:\/\/vocesparalelas.com.ar\/sitio\/wp-json\/wp\/v2\/users\/3"}],"replies":[{"embeddable":true,"href":"https:\/\/vocesparalelas.com.ar\/sitio\/wp-json\/wp\/v2\/comments?post=60359"}],"version-history":[{"count":3,"href":"https:\/\/vocesparalelas.com.ar\/sitio\/wp-json\/wp\/v2\/posts\/60359\/revisions"}],"predecessor-version":[{"id":60366,"href":"https:\/\/vocesparalelas.com.ar\/sitio\/wp-json\/wp\/v2\/posts\/60359\/revisions\/60366"}],"wp:featuredmedia":[{"embeddable":true,"href":"https:\/\/vocesparalelas.com.ar\/sitio\/wp-json\/wp\/v2\/media\/60322"}],"wp:attachment":[{"href":"https:\/\/vocesparalelas.com.ar\/sitio\/wp-json\/wp\/v2\/media?parent=60359"}],"wp:term":[{"taxonomy":"category","embeddable":true,"href":"https:\/\/vocesparalelas.com.ar\/sitio\/wp-json\/wp\/v2\/categories?post=60359"},{"taxonomy":"post_tag","embeddable":true,"href":"https:\/\/vocesparalelas.com.ar\/sitio\/wp-json\/wp\/v2\/tags?post=60359"}],"curies":[{"name":"wp","href":"https:\/\/api.w.org\/{rel}","templated":true}]}}