{"id":60342,"date":"2023-06-22T13:07:16","date_gmt":"2023-06-22T16:07:16","guid":{"rendered":"https:\/\/vocesparalelas.com.ar\/sitio\/?p=60342"},"modified":"2023-06-22T13:07:16","modified_gmt":"2023-06-22T16:07:16","slug":"fiestas-patronales-en-honor-a-san-juan-bautista-patrono-de-san-juan","status":"publish","type":"post","link":"https:\/\/vocesparalelas.com.ar\/sitio\/fiestas-patronales-en-honor-a-san-juan-bautista-patrono-de-san-juan\/","title":{"rendered":"Fiestas Patronales en honor a San Juan Bautista, Patrono de San Juan"},"content":{"rendered":"<p>La Catedral de San Juan desarrolla la Novena del 15 al 23 de Junio, a las 19 hs.; se realiza la Adoraci\u00f3n al Sant\u00edsimo y Rosario, Ministerio de la Escucha de Confesiones y a las 20 hs. Santa Misa.<\/p>\n<p>El S\u00e1bado, 24 de Junio, a las 19 hs, comienza con la Santa Misa por el Arzobispo Jorge Lozano y concelebrada por sus obispos auxiliares y sacerdotes de la di\u00f3cesis y a las 20 hs.; la Procesi\u00f3n y Fogata en honor a San Juan Bautista Patrono de San Juan. Constituye una fiesta tradicional en San Juan.<\/p>\n<p>La procesi\u00f3n es alrededor de la Plaza 25 de Mayo y el encendido del fuego caracter\u00edstico en el frente de la Iglesia Catedral pero adem\u00e1s, hay tres fogoneros ubicados sobre calle Mendoza.<\/p>\n<p>Los festejos son acompa\u00f1ados por la Banda de Polic\u00eda de San Juan, y durante el mismo se obsequiar\u00e1n botellas de agua bendita, velas bendecidas, estampas y una merienda fraterna.<\/p>\n<p><img loading=\"lazy\" decoding=\"async\" class=\"alignnone size-full wp-image-60346\" src=\"https:\/\/vocesparalelas.com.ar\/sitio\/wp-content\/uploads\/2023\/06\/SAN-JUAN-BAUTISTA-01.jpg\" alt=\"\" width=\"800\" height=\"591\" srcset=\"https:\/\/vocesparalelas.com.ar\/sitio\/wp-content\/uploads\/2023\/06\/SAN-JUAN-BAUTISTA-01.jpg 800w, https:\/\/vocesparalelas.com.ar\/sitio\/wp-content\/uploads\/2023\/06\/SAN-JUAN-BAUTISTA-01-300x222.jpg 300w, https:\/\/vocesparalelas.com.ar\/sitio\/wp-content\/uploads\/2023\/06\/SAN-JUAN-BAUTISTA-01-768x567.jpg 768w\" sizes=\"auto, (max-width: 800px) 100vw, 800px\" \/><\/p>\n<p><strong><span style=\"color: #339966;\">Historia<\/span><\/strong><\/p>\n<p>El 13 de Junio de 1562 Juan Jufr\u00e9 fund\u00f3 la Ciudad de San Juan de la Frontera en honor a su Santo Patrono San Juan Bautista. Hoy, la iglesia Catedral lleva su nombre y toda la provincia est\u00e1 confiada a su protecci\u00f3n.<\/p>\n<p>Desde tiempos coloniales la poblaci\u00f3n de San Juan particip\u00f3 con entusiasmo de los festejos organizados en su honor. Es la tradici\u00f3n se hallan profundamente arraigadas las fiestas del 24 de junio referidas a San Juan Bautista y las de San Pedro y San Pablo correspondientes al 29 de Junio.<\/p>\n<p>Para estas fiestas se hacen grandes fogatas, que se repiten en diferentes lugares y en las que participan los vecinos, tanto del armado de la hoguera como de las actividades preparadas para la ocasi\u00f3n.<\/p>\n<p><img loading=\"lazy\" decoding=\"async\" class=\"alignnone size-full wp-image-59360\" src=\"https:\/\/vocesparalelas.com.ar\/sitio\/wp-content\/uploads\/2023\/05\/CATEDRAL-04.jpg\" alt=\"\" width=\"800\" height=\"600\" srcset=\"https:\/\/vocesparalelas.com.ar\/sitio\/wp-content\/uploads\/2023\/05\/CATEDRAL-04.jpg 800w, https:\/\/vocesparalelas.com.ar\/sitio\/wp-content\/uploads\/2023\/05\/CATEDRAL-04-300x225.jpg 300w, https:\/\/vocesparalelas.com.ar\/sitio\/wp-content\/uploads\/2023\/05\/CATEDRAL-04-768x576.jpg 768w\" sizes=\"auto, (max-width: 800px) 100vw, 800px\" \/><\/p>\n<p>&nbsp;<\/p>\n","protected":false},"excerpt":{"rendered":"<p>La Catedral de San Juan desarrolla la Novena del 15 al 23 de Junio, a las 19 hs.; se realiza<\/p>\n","protected":false},"author":3,"featured_media":60345,"comment_status":"closed","ping_status":"closed","sticky":false,"template":"","format":"standard","meta":{"_acf_changed":false,"_seopress_robots_primary_cat":"none","_seopress_titles_title":"","_seopress_titles_desc":"","_seopress_robots_index":"","colormag_page_container_layout":"default_layout","colormag_page_sidebar_layout":"default_layout","footnotes":""},"categories":[1],"tags":[],"class_list":["post-60342","post","type-post","status-publish","format-standard","has-post-thumbnail","hentry","category-destacadas"],"acf":[],"_links":{"self":[{"href":"https:\/\/vocesparalelas.com.ar\/sitio\/wp-json\/wp\/v2\/posts\/60342","targetHints":{"allow":["GET"]}}],"collection":[{"href":"https:\/\/vocesparalelas.com.ar\/sitio\/wp-json\/wp\/v2\/posts"}],"about":[{"href":"https:\/\/vocesparalelas.com.ar\/sitio\/wp-json\/wp\/v2\/types\/post"}],"author":[{"embeddable":true,"href":"https:\/\/vocesparalelas.com.ar\/sitio\/wp-json\/wp\/v2\/users\/3"}],"replies":[{"embeddable":true,"href":"https:\/\/vocesparalelas.com.ar\/sitio\/wp-json\/wp\/v2\/comments?post=60342"}],"version-history":[{"count":1,"href":"https:\/\/vocesparalelas.com.ar\/sitio\/wp-json\/wp\/v2\/posts\/60342\/revisions"}],"predecessor-version":[{"id":60347,"href":"https:\/\/vocesparalelas.com.ar\/sitio\/wp-json\/wp\/v2\/posts\/60342\/revisions\/60347"}],"wp:featuredmedia":[{"embeddable":true,"href":"https:\/\/vocesparalelas.com.ar\/sitio\/wp-json\/wp\/v2\/media\/60345"}],"wp:attachment":[{"href":"https:\/\/vocesparalelas.com.ar\/sitio\/wp-json\/wp\/v2\/media?parent=60342"}],"wp:term":[{"taxonomy":"category","embeddable":true,"href":"https:\/\/vocesparalelas.com.ar\/sitio\/wp-json\/wp\/v2\/categories?post=60342"},{"taxonomy":"post_tag","embeddable":true,"href":"https:\/\/vocesparalelas.com.ar\/sitio\/wp-json\/wp\/v2\/tags?post=60342"}],"curies":[{"name":"wp","href":"https:\/\/api.w.org\/{rel}","templated":true}]}}