{"id":60332,"date":"2023-06-21T22:30:12","date_gmt":"2023-06-22T01:30:12","guid":{"rendered":"https:\/\/vocesparalelas.com.ar\/sitio\/?p=60332"},"modified":"2023-06-25T22:57:46","modified_gmt":"2023-06-26T01:57:46","slug":"la-feria-educativa-estudia-en-la-nacional-y-la-participacion-de-la-fi-de-la-unsj","status":"publish","type":"post","link":"https:\/\/vocesparalelas.com.ar\/sitio\/la-feria-educativa-estudia-en-la-nacional-y-la-participacion-de-la-fi-de-la-unsj\/","title":{"rendered":"La Feria Educativa \u00abEstudi\u00e1 en la Nacional\u00bb y la participaci\u00f3n de la FI de la UNSJ"},"content":{"rendered":"<p>En el Sal\u00f3n del Comedor en el CUIM de la UNSJ, Ignacio de la Roza y Meglioli, se desarroll\u00f3 la Feria Educativa \u00abEstudi\u00e1 en la Nacional\u00bb , durante el Jueves, 15 y Viernes, 16 de Junio de 2023, las distintas Unidades Acad\u00e9micas de la UNSJ participaron.<\/p>\n<ul>\n<li>Facultad de Ingenier\u00eda<\/li>\n<li>Facultad de Filosof\u00eda, Humanidades y Artes<\/li>\n<li>Facultad de Ciencias Exactas, F\u00edsicas y Naturales<\/li>\n<li>Facultad de Arquitectura, Urbanismo y Dise\u00f1o<\/li>\n<li>Facultad de Ciencias Sociales<\/li>\n<li>Escuela Universitaria de Ciencias de la Salud<\/li>\n<\/ul>\n<p>Tuvieron espacio para dar informaci\u00f3n de las carreras que se estudian en cada Unidad Acad\u00e9mica por parte de alumnos avanzados de la Carrera de Grado.<\/p>\n<p><img loading=\"lazy\" decoding=\"async\" class=\"alignnone size-full wp-image-60338\" src=\"https:\/\/vocesparalelas.com.ar\/sitio\/wp-content\/uploads\/2023\/06\/UNSJ-FI-04.jpg\" alt=\"\" width=\"800\" height=\"533\" srcset=\"https:\/\/vocesparalelas.com.ar\/sitio\/wp-content\/uploads\/2023\/06\/UNSJ-FI-04.jpg 800w, https:\/\/vocesparalelas.com.ar\/sitio\/wp-content\/uploads\/2023\/06\/UNSJ-FI-04-300x200.jpg 300w, https:\/\/vocesparalelas.com.ar\/sitio\/wp-content\/uploads\/2023\/06\/UNSJ-FI-04-768x512.jpg 768w\" sizes=\"auto, (max-width: 800px) 100vw, 800px\" \/><\/p>\n<p><img loading=\"lazy\" decoding=\"async\" class=\"alignnone size-full wp-image-60337\" src=\"https:\/\/vocesparalelas.com.ar\/sitio\/wp-content\/uploads\/2023\/06\/UNSJ-FI-03.jpg\" alt=\"\" width=\"800\" height=\"533\" srcset=\"https:\/\/vocesparalelas.com.ar\/sitio\/wp-content\/uploads\/2023\/06\/UNSJ-FI-03.jpg 800w, https:\/\/vocesparalelas.com.ar\/sitio\/wp-content\/uploads\/2023\/06\/UNSJ-FI-03-300x200.jpg 300w, https:\/\/vocesparalelas.com.ar\/sitio\/wp-content\/uploads\/2023\/06\/UNSJ-FI-03-768x512.jpg 768w\" sizes=\"auto, (max-width: 800px) 100vw, 800px\" \/><\/p>\n<p>Adem\u00e1s, puedes conocer m\u00e1s informaci\u00f3n on line<\/p>\n<p><a href=\"https:\/\/feriaeducativa.unsj.edu.ar\/\">https:\/\/feriaeducativa.unsj.edu.ar\/<\/a><\/p>\n<p>Voces Paralelas desarroll\u00f3 una entrevista period\u00edstica al Decano de la FI de la UNSJ, Ing. Mario Fern\u00e1ndez, quien describi\u00f3 las carreras de grado que se dictan en la Unidad Acad\u00e9mica y los beneficios que tienen los ingresantes.<\/p>\n<p><iframe loading=\"lazy\" title=\"UNSJ FI DECANO ING MARIO FERN\u00c1NDEZ\" width=\"800\" height=\"450\" src=\"https:\/\/www.youtube.com\/embed\/5BYKJx_ErQM?feature=oembed\" frameborder=\"0\" allow=\"accelerometer; autoplay; clipboard-write; encrypted-media; gyroscope; picture-in-picture; web-share\" allowfullscreen><\/iframe><\/p>\n<p><span style=\"color: #339966;\"><strong>Datos Importantes<\/strong><\/span><\/p>\n<ul class=\"list-integrantes list-unstyled\">\n<li>Domicilio: Av. Libertador General San Mart\u00edn 1109 (O), Capital, San Juan, CPA: J5400ARL<\/li>\n<li>Tel\u00e9fono: 4211700 y L\u00edneas Rotativas Fax 0264 &#8211; 4200289<\/li>\n<li>Sitio Web:\u00a0<a href=\"http:\/\/www.fi.unsj.edu.ar\/\">http:\/\/www.fi.unsj.edu.ar<\/a><\/li>\n<li>Atlas Socioecon\u00f3mico de la Provincia de San Juan:\u00a0<a href=\"http:\/\/www.atlas.unsj.edu.ar\/\">http:\/\/www.atlas.unsj.edu.ar\/<\/a><\/li>\n<\/ul>\n<p><img loading=\"lazy\" decoding=\"async\" class=\"alignnone size-full wp-image-60280\" src=\"https:\/\/vocesparalelas.com.ar\/sitio\/wp-content\/uploads\/2023\/06\/FI-UNSJ-FRENTE.jpg\" alt=\"\" width=\"800\" height=\"600\" srcset=\"https:\/\/vocesparalelas.com.ar\/sitio\/wp-content\/uploads\/2023\/06\/FI-UNSJ-FRENTE.jpg 800w, https:\/\/vocesparalelas.com.ar\/sitio\/wp-content\/uploads\/2023\/06\/FI-UNSJ-FRENTE-300x225.jpg 300w, https:\/\/vocesparalelas.com.ar\/sitio\/wp-content\/uploads\/2023\/06\/FI-UNSJ-FRENTE-768x576.jpg 768w\" sizes=\"auto, (max-width: 800px) 100vw, 800px\" \/><\/p>\n<p>&nbsp;<\/p>\n<p>&nbsp;<\/p>\n","protected":false},"excerpt":{"rendered":"<p>En el Sal\u00f3n del Comedor en el CUIM de la UNSJ, Ignacio de la Roza y Meglioli, se desarroll\u00f3 la<\/p>\n","protected":false},"author":3,"featured_media":60340,"comment_status":"closed","ping_status":"closed","sticky":false,"template":"","format":"standard","meta":{"_acf_changed":false,"_seopress_robots_primary_cat":"none","_seopress_titles_title":"","_seopress_titles_desc":"","_seopress_robots_index":"","colormag_page_container_layout":"default_layout","colormag_page_sidebar_layout":"default_layout","footnotes":""},"categories":[10,7],"tags":[],"class_list":["post-60332","post","type-post","status-publish","format-standard","has-post-thumbnail","hentry","category-opiniones","category-videos"],"acf":[],"_links":{"self":[{"href":"https:\/\/vocesparalelas.com.ar\/sitio\/wp-json\/wp\/v2\/posts\/60332","targetHints":{"allow":["GET"]}}],"collection":[{"href":"https:\/\/vocesparalelas.com.ar\/sitio\/wp-json\/wp\/v2\/posts"}],"about":[{"href":"https:\/\/vocesparalelas.com.ar\/sitio\/wp-json\/wp\/v2\/types\/post"}],"author":[{"embeddable":true,"href":"https:\/\/vocesparalelas.com.ar\/sitio\/wp-json\/wp\/v2\/users\/3"}],"replies":[{"embeddable":true,"href":"https:\/\/vocesparalelas.com.ar\/sitio\/wp-json\/wp\/v2\/comments?post=60332"}],"version-history":[{"count":1,"href":"https:\/\/vocesparalelas.com.ar\/sitio\/wp-json\/wp\/v2\/posts\/60332\/revisions"}],"predecessor-version":[{"id":60341,"href":"https:\/\/vocesparalelas.com.ar\/sitio\/wp-json\/wp\/v2\/posts\/60332\/revisions\/60341"}],"wp:featuredmedia":[{"embeddable":true,"href":"https:\/\/vocesparalelas.com.ar\/sitio\/wp-json\/wp\/v2\/media\/60340"}],"wp:attachment":[{"href":"https:\/\/vocesparalelas.com.ar\/sitio\/wp-json\/wp\/v2\/media?parent=60332"}],"wp:term":[{"taxonomy":"category","embeddable":true,"href":"https:\/\/vocesparalelas.com.ar\/sitio\/wp-json\/wp\/v2\/categories?post=60332"},{"taxonomy":"post_tag","embeddable":true,"href":"https:\/\/vocesparalelas.com.ar\/sitio\/wp-json\/wp\/v2\/tags?post=60332"}],"curies":[{"name":"wp","href":"https:\/\/api.w.org\/{rel}","templated":true}]}}