{"id":60325,"date":"2023-06-21T22:11:50","date_gmt":"2023-06-22T01:11:50","guid":{"rendered":"https:\/\/vocesparalelas.com.ar\/sitio\/?p=60325"},"modified":"2023-06-24T01:42:50","modified_gmt":"2023-06-24T04:42:50","slug":"la-feria-educativa-estudia-en-la-nacional-y-la-participacion-de-la-faud-de-la-unsj","status":"publish","type":"post","link":"https:\/\/vocesparalelas.com.ar\/sitio\/la-feria-educativa-estudia-en-la-nacional-y-la-participacion-de-la-faud-de-la-unsj\/","title":{"rendered":"La Feria Educativa \u00abEstudi\u00e1 en la Nacional\u00bb y la participaci\u00f3n de la FAUD de la UNSJ"},"content":{"rendered":"<p>En el Sal\u00f3n del Comedor en el CUIM de la UNSJ, Ignacio de la Roza y Meglioli, se desarroll\u00f3 la Feria Educativa \u00abEstudi\u00e1 en la Nacional\u00bb , durante el Jueves, 15 y Viernes, 16 de Junio de 2023, las distintas Unidades Acad\u00e9micas de la UNSJ participaron.<\/p>\n<ul>\n<li>Facultad de Ingenier\u00eda<\/li>\n<li>Facultad de Filosof\u00eda, Humanidades y Artes<\/li>\n<li>Facultad de Ciencias Exactas, F\u00edsicas y Naturales<\/li>\n<li>Facultad de Arquitectura, Urbanismo y Dise\u00f1o<\/li>\n<li>Facultad de Ciencias Sociales<\/li>\n<li>Escuela Universitaria de Ciencias de la Salud<\/li>\n<\/ul>\n<p>Tuvieron espacio para dar informaci\u00f3n de las carreras que se estudian en cada Unidad Acad\u00e9mica por parte de alumnos avanzados de la Carrera de Grado.<\/p>\n<p>Adem\u00e1s, puedes conocer m\u00e1s informaci\u00f3n on line<\/p>\n<p><a href=\"https:\/\/feriaeducativa.unsj.edu.ar\/\">https:\/\/feriaeducativa.unsj.edu.ar\/<\/a><\/p>\n<p>Voces Paralelas desarroll\u00f3 una entrevista period\u00edstica al Decano de la FAUD de la UNSJ, Arq. Guillermo Velasco, quien describi\u00f3 las carreras de grado que se dictan en la Unidad Acad\u00e9mica y los beneficios que tienen los ingresantes, que una vez que ingresen a sus estudios, se transforman en alumnos universitarios.<\/p>\n<p><iframe loading=\"lazy\" title=\"UNSJ FAUD DECANO ARQ. GUILLERMO VELASCO\" width=\"800\" height=\"450\" src=\"https:\/\/www.youtube.com\/embed\/H78Ixpz0d9M?feature=oembed\" frameborder=\"0\" allow=\"accelerometer; autoplay; clipboard-write; encrypted-media; gyroscope; picture-in-picture; web-share\" allowfullscreen><\/iframe><\/p>\n<p>&nbsp;<\/p>\n<p><strong><span style=\"color: #339966;\">Otros datos<\/span><\/strong><\/p>\n<ul class=\"list-integrantes list-unstyled\">\n<li>Domicilio: Av. Ignacio de la Roza 590 (O), Complejo Universitario \u00abIslas Malvinas\u00bb, Rivadavia, San Juan. CPA: J5402DCS<\/li>\n<li>Tel\u00e9fono: 232395 &#8211; 4233259 &#8211; 4260104 &#8211; 4260105 &#8211; 4260099, Fax 0264-4235397<\/li>\n<li>Sitio Web:\u00a0<a href=\"http:\/\/www.faud.unsj.edu.ar\/\">http:\/\/www.faud.unsj.edu.ar<\/a><\/li>\n<\/ul>\n<p><img loading=\"lazy\" decoding=\"async\" class=\"alignnone size-full wp-image-59382\" src=\"https:\/\/vocesparalelas.com.ar\/sitio\/wp-content\/uploads\/2023\/05\/FAUD-EDIFICIO-01.jpg\" alt=\"\" width=\"800\" height=\"600\" srcset=\"https:\/\/vocesparalelas.com.ar\/sitio\/wp-content\/uploads\/2023\/05\/FAUD-EDIFICIO-01.jpg 800w, https:\/\/vocesparalelas.com.ar\/sitio\/wp-content\/uploads\/2023\/05\/FAUD-EDIFICIO-01-300x225.jpg 300w, https:\/\/vocesparalelas.com.ar\/sitio\/wp-content\/uploads\/2023\/05\/FAUD-EDIFICIO-01-768x576.jpg 768w\" sizes=\"auto, (max-width: 800px) 100vw, 800px\" \/><\/p>\n<p>&nbsp;<\/p>\n<p>&nbsp;<\/p>\n","protected":false},"excerpt":{"rendered":"<p>En el Sal\u00f3n del Comedor en el CUIM de la UNSJ, Ignacio de la Roza y Meglioli, se desarroll\u00f3 la<\/p>\n","protected":false},"author":3,"featured_media":60330,"comment_status":"closed","ping_status":"closed","sticky":false,"template":"","format":"standard","meta":{"_acf_changed":false,"_seopress_robots_primary_cat":"none","_seopress_titles_title":"","_seopress_titles_desc":"","_seopress_robots_index":"","colormag_page_container_layout":"default_layout","colormag_page_sidebar_layout":"default_layout","footnotes":""},"categories":[10,7],"tags":[],"class_list":["post-60325","post","type-post","status-publish","format-standard","has-post-thumbnail","hentry","category-opiniones","category-videos"],"acf":[],"_links":{"self":[{"href":"https:\/\/vocesparalelas.com.ar\/sitio\/wp-json\/wp\/v2\/posts\/60325","targetHints":{"allow":["GET"]}}],"collection":[{"href":"https:\/\/vocesparalelas.com.ar\/sitio\/wp-json\/wp\/v2\/posts"}],"about":[{"href":"https:\/\/vocesparalelas.com.ar\/sitio\/wp-json\/wp\/v2\/types\/post"}],"author":[{"embeddable":true,"href":"https:\/\/vocesparalelas.com.ar\/sitio\/wp-json\/wp\/v2\/users\/3"}],"replies":[{"embeddable":true,"href":"https:\/\/vocesparalelas.com.ar\/sitio\/wp-json\/wp\/v2\/comments?post=60325"}],"version-history":[{"count":1,"href":"https:\/\/vocesparalelas.com.ar\/sitio\/wp-json\/wp\/v2\/posts\/60325\/revisions"}],"predecessor-version":[{"id":60331,"href":"https:\/\/vocesparalelas.com.ar\/sitio\/wp-json\/wp\/v2\/posts\/60325\/revisions\/60331"}],"wp:featuredmedia":[{"embeddable":true,"href":"https:\/\/vocesparalelas.com.ar\/sitio\/wp-json\/wp\/v2\/media\/60330"}],"wp:attachment":[{"href":"https:\/\/vocesparalelas.com.ar\/sitio\/wp-json\/wp\/v2\/media?parent=60325"}],"wp:term":[{"taxonomy":"category","embeddable":true,"href":"https:\/\/vocesparalelas.com.ar\/sitio\/wp-json\/wp\/v2\/categories?post=60325"},{"taxonomy":"post_tag","embeddable":true,"href":"https:\/\/vocesparalelas.com.ar\/sitio\/wp-json\/wp\/v2\/tags?post=60325"}],"curies":[{"name":"wp","href":"https:\/\/api.w.org\/{rel}","templated":true}]}}