{"id":60317,"date":"2023-06-21T21:20:26","date_gmt":"2023-06-22T00:20:26","guid":{"rendered":"https:\/\/vocesparalelas.com.ar\/sitio\/?p=60317"},"modified":"2023-06-24T01:12:39","modified_gmt":"2023-06-24T04:12:39","slug":"la-feria-educativa-estudia-en-la-nacional-y-la-participacion-de-la-fcefn-de-la-unsj","status":"publish","type":"post","link":"https:\/\/vocesparalelas.com.ar\/sitio\/la-feria-educativa-estudia-en-la-nacional-y-la-participacion-de-la-fcefn-de-la-unsj\/","title":{"rendered":"La Feria Educativa \u00abEstudi\u00e1 en la Nacional\u00bb y la participaci\u00f3n de la FCEFN de la UNSJ"},"content":{"rendered":"<p>En el Sal\u00f3n del Comedor en el CUIM de la UNSJ, Ignacio de la Roza y Meglioli, se desarroll\u00f3 la Feria Educativa \u00abEstudi\u00e1 en la Nacional\u00bb , durante el Jueves, 15 y Viernes, 16 de Junio de 2023, las distintas Unidades Acad\u00e9micas de la UNSJ participaron.<\/p>\n<ul>\n<li>Facultad de Ingenier\u00eda<\/li>\n<li>Facultad de Filosof\u00eda, Humanidades y Artes<\/li>\n<li>Facultad de Ciencias Exactas, F\u00edsicas y Naturales<\/li>\n<li>Facultad de Arquitectura, Urbanismo y Dise\u00f1o<\/li>\n<li>Facultad de Ciencias Sociales<\/li>\n<li>Escuela Universitaria de Ciencias de la Salud<\/li>\n<\/ul>\n<p>Tuvieron espacio para dar informaci\u00f3n de las carreras que se estudian en cada Unidad Acad\u00e9mica por parte de alumnos avanzados de la Carrera de Grado.<\/p>\n<p>Adem\u00e1s, puedes conocer m\u00e1s informaci\u00f3n on line<\/p>\n<p><a href=\"https:\/\/feriaeducativa.unsj.edu.ar\/\">https:\/\/feriaeducativa.unsj.edu.ar\/<\/a><\/p>\n<p>Voces Paralelas desarroll\u00f3 una entrevista period\u00edstica al Decano de la FCEFN de la UNSJ, Ing. Rodolfo Bloch, quien describi\u00f3 las carreras de grado que se dictan en la Unidad Acad\u00e9mica y los beneficios que tienen los ingresantes.<\/p>\n<p><iframe loading=\"lazy\" title=\"UNSJ FCEFN DECANO ING RODOLFO BLOCH\" width=\"800\" height=\"450\" src=\"https:\/\/www.youtube.com\/embed\/Vtk8LDsSrYg?feature=oembed\" frameborder=\"0\" allow=\"accelerometer; autoplay; clipboard-write; encrypted-media; gyroscope; picture-in-picture; web-share\" allowfullscreen><\/iframe><\/p>\n<p>&nbsp;<\/p>\n<p><span style=\"color: #339966;\"><strong>Datos Importantes<\/strong><\/span><\/p>\n<ul>\n<li>\u00a0ubicaci\u00f3n en Av. Ignacio de la Roza 590 (O), Complejo Universitario \u00abIslas Malvinas\u00bb, Rivadavia, San Juan.<\/li>\n<li>Tel\u00e9fono: 4260353 4260355 &#8211; 4260394 &#8211; 4264721 &#8211; 4234129, Fax 0264-4234980 <a href=\"http:\/\/www.exactas.unsj.edu.ar\">http:\/\/www.exactas.unsj.edu.ar<\/a><\/li>\n<\/ul>\n<p>&nbsp;<\/p>\n<figure id=\"attachment_26107\" aria-describedby=\"caption-attachment-26107\" style=\"width: 800px\" class=\"wp-caption alignnone\"><img loading=\"lazy\" decoding=\"async\" class=\"size-large wp-image-26107\" src=\"https:\/\/vocesparalelas.com.ar\/sitio\/wp-content\/uploads\/2020\/01\/FCEFN-UNSJ-EDIFICIO-800x489.jpg\" alt=\"\" width=\"800\" height=\"489\" srcset=\"https:\/\/vocesparalelas.com.ar\/sitio\/wp-content\/uploads\/2020\/01\/FCEFN-UNSJ-EDIFICIO.jpg 800w, https:\/\/vocesparalelas.com.ar\/sitio\/wp-content\/uploads\/2020\/01\/FCEFN-UNSJ-EDIFICIO-300x183.jpg 300w, https:\/\/vocesparalelas.com.ar\/sitio\/wp-content\/uploads\/2020\/01\/FCEFN-UNSJ-EDIFICIO-768x469.jpg 768w\" sizes=\"auto, (max-width: 800px) 100vw, 800px\" \/><figcaption id=\"caption-attachment-26107\" class=\"wp-caption-text\">Edificio de la FCEFN de la UNSJ<\/figcaption><\/figure>\n<p><img loading=\"lazy\" decoding=\"async\" class=\"alignnone size-large wp-image-22761\" src=\"https:\/\/vocesparalelas.com.ar\/sitio\/wp-content\/uploads\/2019\/08\/FCEFN-UNSJ-LOGO-800x600.jpg\" alt=\"\" width=\"800\" height=\"600\" srcset=\"https:\/\/vocesparalelas.com.ar\/sitio\/wp-content\/uploads\/2019\/08\/FCEFN-UNSJ-LOGO-800x600.jpg 800w, https:\/\/vocesparalelas.com.ar\/sitio\/wp-content\/uploads\/2019\/08\/FCEFN-UNSJ-LOGO-300x225.jpg 300w, https:\/\/vocesparalelas.com.ar\/sitio\/wp-content\/uploads\/2019\/08\/FCEFN-UNSJ-LOGO-768x576.jpg 768w, https:\/\/vocesparalelas.com.ar\/sitio\/wp-content\/uploads\/2019\/08\/FCEFN-UNSJ-LOGO.jpg 1000w\" sizes=\"auto, (max-width: 800px) 100vw, 800px\" \/><\/p>\n","protected":false},"excerpt":{"rendered":"<p>En el Sal\u00f3n del Comedor en el CUIM de la UNSJ, Ignacio de la Roza y Meglioli, se desarroll\u00f3 la<\/p>\n","protected":false},"author":3,"featured_media":60323,"comment_status":"closed","ping_status":"closed","sticky":false,"template":"","format":"standard","meta":{"_acf_changed":false,"_seopress_robots_primary_cat":"none","_seopress_titles_title":"","_seopress_titles_desc":"","_seopress_robots_index":"","colormag_page_container_layout":"default_layout","colormag_page_sidebar_layout":"default_layout","footnotes":""},"categories":[10,7],"tags":[],"class_list":["post-60317","post","type-post","status-publish","format-standard","has-post-thumbnail","hentry","category-opiniones","category-videos"],"acf":[],"_links":{"self":[{"href":"https:\/\/vocesparalelas.com.ar\/sitio\/wp-json\/wp\/v2\/posts\/60317","targetHints":{"allow":["GET"]}}],"collection":[{"href":"https:\/\/vocesparalelas.com.ar\/sitio\/wp-json\/wp\/v2\/posts"}],"about":[{"href":"https:\/\/vocesparalelas.com.ar\/sitio\/wp-json\/wp\/v2\/types\/post"}],"author":[{"embeddable":true,"href":"https:\/\/vocesparalelas.com.ar\/sitio\/wp-json\/wp\/v2\/users\/3"}],"replies":[{"embeddable":true,"href":"https:\/\/vocesparalelas.com.ar\/sitio\/wp-json\/wp\/v2\/comments?post=60317"}],"version-history":[{"count":3,"href":"https:\/\/vocesparalelas.com.ar\/sitio\/wp-json\/wp\/v2\/posts\/60317\/revisions"}],"predecessor-version":[{"id":60363,"href":"https:\/\/vocesparalelas.com.ar\/sitio\/wp-json\/wp\/v2\/posts\/60317\/revisions\/60363"}],"wp:featuredmedia":[{"embeddable":true,"href":"https:\/\/vocesparalelas.com.ar\/sitio\/wp-json\/wp\/v2\/media\/60323"}],"wp:attachment":[{"href":"https:\/\/vocesparalelas.com.ar\/sitio\/wp-json\/wp\/v2\/media?parent=60317"}],"wp:term":[{"taxonomy":"category","embeddable":true,"href":"https:\/\/vocesparalelas.com.ar\/sitio\/wp-json\/wp\/v2\/categories?post=60317"},{"taxonomy":"post_tag","embeddable":true,"href":"https:\/\/vocesparalelas.com.ar\/sitio\/wp-json\/wp\/v2\/tags?post=60317"}],"curies":[{"name":"wp","href":"https:\/\/api.w.org\/{rel}","templated":true}]}}