{"id":60311,"date":"2023-06-21T22:13:19","date_gmt":"2023-06-22T01:13:19","guid":{"rendered":"https:\/\/vocesparalelas.com.ar\/sitio\/?p=60311"},"modified":"2023-06-24T01:11:43","modified_gmt":"2023-06-24T04:11:43","slug":"2-concurso-nacional-de-visualizacion-de-datos-contar-con-datos","status":"publish","type":"post","link":"https:\/\/vocesparalelas.com.ar\/sitio\/2-concurso-nacional-de-visualizacion-de-datos-contar-con-datos\/","title":{"rendered":"2\u00b0 Concurso Nacional de Visualizaci\u00f3n de Datos \u201cContar con Datos\u201d"},"content":{"rendered":"<p>El Ministerio de Ciencia, Tecnolog\u00eda e Innovaci\u00f3n de la Naci\u00f3n Argentina junto al Data Science Lab de la Universidad de San Andr\u00e9s, lanzaron la segunda edici\u00f3n del Concurso Nacional de Visualizaci\u00f3n de Datos \u201cContar con Datos\u201d cuyo objetivo es promover el uso de la representaci\u00f3n gr\u00e1fica de datos cient\u00edficos; incentivar el periodismo de datos y la comunicaci\u00f3n p\u00fablica de la ciencia para que los profesionales sanjuaninos de las distintas \u00e1reas cient\u00edficas puedan divulgar el contenido de sus investigaciones cient\u00edficas.<\/p>\n<p><strong><span style=\"color: #339966;\">Inscripciones <\/span><\/strong><\/p>\n<p>Se realizan hasta el 31 de Julio de 2023 a trav\u00e9s del formulario<\/p>\n<p><a href=\"https:\/\/contarcondatos.mincyt.gob.ar\/\">https:\/\/contarcondatos.mincyt.gob.ar<\/a>.<\/p>\n<p>Los premios, de dos notebooks y dos Tablet, son para las mejores iniciativas seleccionadas en cada categor\u00eda. La participaci\u00f3n en el concurso que puede ser individual o grupal para personas mayores de 18 a\u00f1os, de nacionalidad argentina o nativos extranjeros residentes en el pa\u00eds, representantes de empresas, de instituciones de la sociedad civil o de organismos del sector p\u00fablico.<\/p>\n<p>Quienes participen tienen total libertad para elegir la tem\u00e1tica y t\u00e9cnica de sus visualizaciones, aunque se ponderar\u00e1n de manera favorable aquellas cuya informaci\u00f3n presentada sea significativa, relevante y representativa de nuestro pa\u00eds.<\/p>\n<p>Los trabajos cient\u00edficos presentados deben estar elaborados con datos abiertos y explicitar, de forma clara y rigurosa, la fuente de la informaci\u00f3n. Esto ser\u00e1 verificado por el jurado del certamen.<\/p>\n<p>En el marco de este lanzamiento, el 3 de Junio de 2023, se celebr\u00f3 el Festival de ciencia, arte e informaci\u00f3n \u201cContar con Datos 2023\u201d.<\/p>\n<p>El programa cont\u00f3 con diversas actividades cuyo objetivo fue brindar inspiraci\u00f3n y herramientas sobre visualizaci\u00f3n de informaci\u00f3n en sus diferentes formatos y lenguajes.<\/p>\n<p>&nbsp;<\/p>\n","protected":false},"excerpt":{"rendered":"<p>El Ministerio de Ciencia, Tecnolog\u00eda e Innovaci\u00f3n de la Naci\u00f3n Argentina junto al Data Science Lab de la Universidad de<\/p>\n","protected":false},"author":3,"featured_media":60314,"comment_status":"closed","ping_status":"closed","sticky":false,"template":"","format":"standard","meta":{"_acf_changed":false,"_seopress_robots_primary_cat":"none","_seopress_titles_title":"","_seopress_titles_desc":"","_seopress_robots_index":"","colormag_page_container_layout":"default_layout","colormag_page_sidebar_layout":"default_layout","footnotes":""},"categories":[8],"tags":[],"class_list":["post-60311","post","type-post","status-publish","format-standard","has-post-thumbnail","hentry","category-concursos"],"acf":[],"_links":{"self":[{"href":"https:\/\/vocesparalelas.com.ar\/sitio\/wp-json\/wp\/v2\/posts\/60311","targetHints":{"allow":["GET"]}}],"collection":[{"href":"https:\/\/vocesparalelas.com.ar\/sitio\/wp-json\/wp\/v2\/posts"}],"about":[{"href":"https:\/\/vocesparalelas.com.ar\/sitio\/wp-json\/wp\/v2\/types\/post"}],"author":[{"embeddable":true,"href":"https:\/\/vocesparalelas.com.ar\/sitio\/wp-json\/wp\/v2\/users\/3"}],"replies":[{"embeddable":true,"href":"https:\/\/vocesparalelas.com.ar\/sitio\/wp-json\/wp\/v2\/comments?post=60311"}],"version-history":[{"count":2,"href":"https:\/\/vocesparalelas.com.ar\/sitio\/wp-json\/wp\/v2\/posts\/60311\/revisions"}],"predecessor-version":[{"id":60316,"href":"https:\/\/vocesparalelas.com.ar\/sitio\/wp-json\/wp\/v2\/posts\/60311\/revisions\/60316"}],"wp:featuredmedia":[{"embeddable":true,"href":"https:\/\/vocesparalelas.com.ar\/sitio\/wp-json\/wp\/v2\/media\/60314"}],"wp:attachment":[{"href":"https:\/\/vocesparalelas.com.ar\/sitio\/wp-json\/wp\/v2\/media?parent=60311"}],"wp:term":[{"taxonomy":"category","embeddable":true,"href":"https:\/\/vocesparalelas.com.ar\/sitio\/wp-json\/wp\/v2\/categories?post=60311"},{"taxonomy":"post_tag","embeddable":true,"href":"https:\/\/vocesparalelas.com.ar\/sitio\/wp-json\/wp\/v2\/tags?post=60311"}],"curies":[{"name":"wp","href":"https:\/\/api.w.org\/{rel}","templated":true}]}}